{"id":1474,"date":"2025-02-20T03:00:38","date_gmt":"2025-02-20T03:00:38","guid":{"rendered":"https:\/\/cabellonews.com\/?p=1474"},"modified":"2025-03-05T03:01:39","modified_gmt":"2025-03-05T03:01:39","slug":"mejora-gobierno-de-americo-servicios-basicos-en-soto-la-marina","status":"publish","type":"post","link":"https:\/\/cabellonews.com\/?p=1474","title":{"rendered":"Mejora gobierno de Am\u00e9rico servicios b\u00e1sicos en Soto la Marina"},"content":{"rendered":"\n<p>Febrero 20 de 2025<\/p>\n\n\n<figure class=\"wp-block-post-featured-image\"><img width=\"240\" height=\"172\" src=\"https:\/\/cabellonews.com\/wp-content\/uploads\/2025\/03\/80b7eb23-b3fd-4981-bb5c-4a2796631c90-240x172.jpeg\" class=\"attachment-post-thumbnail size-post-thumbnail wp-post-image\" alt=\"\" decoding=\"async\" loading=\"lazy\" \/><\/figure>\n\n\n<p>Soto la Marina, Tamaulipas.- El gobierno de Am\u00e9rico Villarreal Anaya a trav\u00e9s de la Secretar\u00eda de Obras P\u00fablicas (SOP), lleva a cabo trabajos correspondientes a la mejora de los servicios b\u00e1sicos en el poblado Tampiquito, municipio de Soto la Marina con una inversi\u00f3n mayor a los 17 millones de pesos.<\/p>\n\n\n\n<p>El secretario Pedro Cepeda Anaya inform\u00f3 que en la citada poblaci\u00f3n se rehabilita el sistema de agua potable, la red de alcantarillado y planta de tratamiento de aguas residuales para atender las necesidades prioritarias de sus habitantes.<\/p>\n\n\n\n<p>\u201cAl realizar estos trabajos de rehabilitaci\u00f3n de la infraestructura hidr\u00e1ulica, se cumple con las estrategias establecidas en el Plan Estatal de Desarrollo construyendo servicios integrales de agua y saneamiento\u201d, apunt\u00f3 el titular de Obras P\u00fablicas.<\/p>\n\n\n\n<p>Con estas acciones, dijo, se garantizan los servicios prioritarios de este poblado de Soto la Marina, adem\u00e1s de fortalecer la infraestructura hidr\u00e1ulica, tema fundamental en el que se ha enfocado este gobierno transformador.<\/p>\n\n\n\n<pre class=\"wp-block-code\"><code>     *      *     *<\/code><\/pre>\n","protected":false},"excerpt":{"rendered":"<p>Febrero 20 de 2025 Soto la Marina, Tamaulipas.- El gobierno de Am\u00e9rico Villarreal Anaya a trav\u00e9s de la Secretar\u00eda de Obras P\u00fablicas (SOP), lleva a cabo trabajos correspondientes a la mejora de los servicios b\u00e1sicos en el poblado Tampiquito, municipio de Soto la Marina con una inversi\u00f3n mayor a los 17 millones de pesos. El secretario Pedro Cepeda Anaya inform\u00f3 que en la citada poblaci\u00f3n se rehabilita el sistema de agua potable, la red de alcantarillado y planta de tratamiento de aguas residuales para atender las necesidades prioritarias de sus&hellip;<\/p>\n","protected":false},"author":1,"featured_media":1475,"comment_status":"open","ping_status":"open","sticky":false,"template":"","format":"standard","meta":[],"categories":[1],"tags":[],"gutentor_comment":0,"yoast_head":"<!-- This site is optimized with the Yoast SEO plugin v20.10 - https:\/\/yoast.com\/wordpress\/plugins\/seo\/ -->\n<title>Mejora gobierno de Am\u00e9rico servicios b\u00e1sicos en Soto la Marina - cabellonews.com<\/title>\n<meta name=\"robots\" content=\"index, follow, max-snippet:-1, max-image-preview:large, max-video-preview:-1\" \/>\n<link rel=\"canonical\" href=\"https:\/\/cabellonews.com\/?p=1474\" \/>\n<meta property=\"og:locale\" content=\"en_US\" \/>\n<meta property=\"og:type\" content=\"article\" \/>\n<meta property=\"og:title\" content=\"Mejora gobierno de Am\u00e9rico servicios b\u00e1sicos en Soto la Marina - cabellonews.com\" \/>\n<meta property=\"og:description\" content=\"Febrero 20 de 2025 Soto la Marina, Tamaulipas.- El gobierno de Am\u00e9rico Villarreal Anaya a trav\u00e9s de la Secretar\u00eda de Obras P\u00fablicas (SOP), lleva a cabo trabajos correspondientes a la mejora de los servicios b\u00e1sicos en el poblado Tampiquito, municipio de Soto la Marina con una inversi\u00f3n mayor a los 17 millones de pesos. El secretario Pedro Cepeda Anaya inform\u00f3 que en la citada poblaci\u00f3n se rehabilita el sistema de agua potable, la red de alcantarillado y planta de tratamiento de aguas residuales para atender las necesidades prioritarias de sus&hellip;\" \/>\n<meta property=\"og:url\" content=\"https:\/\/cabellonews.com\/?p=1474\" \/>\n<meta property=\"og:site_name\" content=\"cabellonews.com\" \/>\n<meta property=\"article:published_time\" content=\"2025-02-20T03:00:38+00:00\" \/>\n<meta property=\"article:modified_time\" content=\"2025-03-05T03:01:39+00:00\" \/>\n<meta property=\"og:image\" content=\"http:\/\/cabellonews.com\/wp-content\/uploads\/2025\/03\/80b7eb23-b3fd-4981-bb5c-4a2796631c90.jpeg\" \/>\n\t<meta property=\"og:image:width\" content=\"1280\" \/>\n\t<meta property=\"og:image:height\" content=\"960\" \/>\n\t<meta property=\"og:image:type\" content=\"image\/jpeg\" \/>\n<meta name=\"author\" content=\"cabellonews.com\" \/>\n<meta name=\"twitter:card\" content=\"summary_large_image\" \/>\n<meta name=\"twitter:label1\" content=\"Written by\" \/>\n\t<meta name=\"twitter:data1\" content=\"cabellonews.com\" \/>\n\t<meta name=\"twitter:label2\" content=\"Est. reading time\" \/>\n\t<meta name=\"twitter:data2\" content=\"1 minute\" \/>\n<script type=\"application\/ld+json\" class=\"yoast-schema-graph\">{\"@context\":\"https:\/\/schema.org\",\"@graph\":[{\"@type\":\"WebPage\",\"@id\":\"https:\/\/cabellonews.com\/?p=1474\",\"url\":\"https:\/\/cabellonews.com\/?p=1474\",\"name\":\"Mejora gobierno de Am\u00e9rico servicios b\u00e1sicos en Soto la Marina - cabellonews.com\",\"isPartOf\":{\"@id\":\"https:\/\/cabellonews.com\/#website\"},\"datePublished\":\"2025-02-20T03:00:38+00:00\",\"dateModified\":\"2025-03-05T03:01:39+00:00\",\"author\":{\"@id\":\"https:\/\/cabellonews.com\/#\/schema\/person\/7afe73bafa6cc5a24fd4c67dfd4379d8\"},\"breadcrumb\":{\"@id\":\"https:\/\/cabellonews.com\/?p=1474#breadcrumb\"},\"inLanguage\":\"en-US\",\"potentialAction\":[{\"@type\":\"ReadAction\",\"target\":[\"https:\/\/cabellonews.com\/?p=1474\"]}]},{\"@type\":\"BreadcrumbList\",\"@id\":\"https:\/\/cabellonews.com\/?p=1474#breadcrumb\",\"itemListElement\":[{\"@type\":\"ListItem\",\"position\":1,\"name\":\"Inicio\",\"item\":\"https:\/\/cabellonews.com\/\"},{\"@type\":\"ListItem\",\"position\":2,\"name\":\"Mejora gobierno de Am\u00e9rico servicios b\u00e1sicos en Soto la Marina\"}]},{\"@type\":\"WebSite\",\"@id\":\"https:\/\/cabellonews.com\/#website\",\"url\":\"https:\/\/cabellonews.com\/\",\"name\":\"cabellonews.com\",\"description\":\"Con Cobertura En Tamaulipas Y norte de Veracruz\",\"potentialAction\":[{\"@type\":\"SearchAction\",\"target\":{\"@type\":\"EntryPoint\",\"urlTemplate\":\"https:\/\/cabellonews.com\/?s={search_term_string}\"},\"query-input\":\"required name=search_term_string\"}],\"inLanguage\":\"en-US\"},{\"@type\":\"Person\",\"@id\":\"https:\/\/cabellonews.com\/#\/schema\/person\/7afe73bafa6cc5a24fd4c67dfd4379d8\",\"name\":\"cabellonews.com\",\"image\":{\"@type\":\"ImageObject\",\"inLanguage\":\"en-US\",\"@id\":\"https:\/\/cabellonews.com\/#\/schema\/person\/image\/\",\"url\":\"https:\/\/secure.gravatar.com\/avatar\/8d6324fc2806389aad4cd38639618406?s=96&d=mm&r=g\",\"contentUrl\":\"https:\/\/secure.gravatar.com\/avatar\/8d6324fc2806389aad4cd38639618406?s=96&d=mm&r=g\",\"caption\":\"cabellonews.com\"},\"sameAs\":[\"http:\/\/cabellonews.com\"],\"url\":\"https:\/\/cabellonews.com\/?author=1\"}]}<\/script>\n<!-- \/ Yoast SEO plugin. -->","yoast_head_json":{"title":"Mejora gobierno de Am\u00e9rico servicios b\u00e1sicos en Soto la Marina - cabellonews.com","robots":{"index":"index","follow":"follow","max-snippet":"max-snippet:-1","max-image-preview":"max-image-preview:large","max-video-preview":"max-video-preview:-1"},"canonical":"https:\/\/cabellonews.com\/?p=1474","og_locale":"en_US","og_type":"article","og_title":"Mejora gobierno de Am\u00e9rico servicios b\u00e1sicos en Soto la Marina - cabellonews.com","og_description":"Febrero 20 de 2025 Soto la Marina, Tamaulipas.- El gobierno de Am\u00e9rico Villarreal Anaya a trav\u00e9s de la Secretar\u00eda de Obras P\u00fablicas (SOP), lleva a cabo trabajos correspondientes a la mejora de los servicios b\u00e1sicos en el poblado Tampiquito, municipio de Soto la Marina con una inversi\u00f3n mayor a los 17 millones de pesos. El secretario Pedro Cepeda Anaya inform\u00f3 que en la citada poblaci\u00f3n se rehabilita el sistema de agua potable, la red de alcantarillado y planta de tratamiento de aguas residuales para atender las necesidades prioritarias de sus&hellip;","og_url":"https:\/\/cabellonews.com\/?p=1474","og_site_name":"cabellonews.com","article_published_time":"2025-02-20T03:00:38+00:00","article_modified_time":"2025-03-05T03:01:39+00:00","og_image":[{"width":1280,"height":960,"url":"http:\/\/cabellonews.com\/wp-content\/uploads\/2025\/03\/80b7eb23-b3fd-4981-bb5c-4a2796631c90.jpeg","type":"image\/jpeg"}],"author":"cabellonews.com","twitter_card":"summary_large_image","twitter_misc":{"Written by":"cabellonews.com","Est. reading time":"1 minute"},"schema":{"@context":"https:\/\/schema.org","@graph":[{"@type":"WebPage","@id":"https:\/\/cabellonews.com\/?p=1474","url":"https:\/\/cabellonews.com\/?p=1474","name":"Mejora gobierno de Am\u00e9rico servicios b\u00e1sicos en Soto la Marina - cabellonews.com","isPartOf":{"@id":"https:\/\/cabellonews.com\/#website"},"datePublished":"2025-02-20T03:00:38+00:00","dateModified":"2025-03-05T03:01:39+00:00","author":{"@id":"https:\/\/cabellonews.com\/#\/schema\/person\/7afe73bafa6cc5a24fd4c67dfd4379d8"},"breadcrumb":{"@id":"https:\/\/cabellonews.com\/?p=1474#breadcrumb"},"inLanguage":"en-US","potentialAction":[{"@type":"ReadAction","target":["https:\/\/cabellonews.com\/?p=1474"]}]},{"@type":"BreadcrumbList","@id":"https:\/\/cabellonews.com\/?p=1474#breadcrumb","itemListElement":[{"@type":"ListItem","position":1,"name":"Inicio","item":"https:\/\/cabellonews.com\/"},{"@type":"ListItem","position":2,"name":"Mejora gobierno de Am\u00e9rico servicios b\u00e1sicos en Soto la Marina"}]},{"@type":"WebSite","@id":"https:\/\/cabellonews.com\/#website","url":"https:\/\/cabellonews.com\/","name":"cabellonews.com","description":"Con Cobertura En Tamaulipas Y norte de Veracruz","potentialAction":[{"@type":"SearchAction","target":{"@type":"EntryPoint","urlTemplate":"https:\/\/cabellonews.com\/?s={search_term_string}"},"query-input":"required name=search_term_string"}],"inLanguage":"en-US"},{"@type":"Person","@id":"https:\/\/cabellonews.com\/#\/schema\/person\/7afe73bafa6cc5a24fd4c67dfd4379d8","name":"cabellonews.com","image":{"@type":"ImageObject","inLanguage":"en-US","@id":"https:\/\/cabellonews.com\/#\/schema\/person\/image\/","url":"https:\/\/secure.gravatar.com\/avatar\/8d6324fc2806389aad4cd38639618406?s=96&d=mm&r=g","contentUrl":"https:\/\/secure.gravatar.com\/avatar\/8d6324fc2806389aad4cd38639618406?s=96&d=mm&r=g","caption":"cabellonews.com"},"sameAs":["http:\/\/cabellonews.com"],"url":"https:\/\/cabellonews.com\/?author=1"}]}},"_links":{"self":[{"href":"https:\/\/cabellonews.com\/index.php?rest_route=\/wp\/v2\/posts\/1474"}],"collection":[{"href":"https:\/\/cabellonews.com\/index.php?rest_route=\/wp\/v2\/posts"}],"about":[{"href":"https:\/\/cabellonews.com\/index.php?rest_route=\/wp\/v2\/types\/post"}],"author":[{"embeddable":true,"href":"https:\/\/cabellonews.com\/index.php?rest_route=\/wp\/v2\/users\/1"}],"replies":[{"embeddable":true,"href":"https:\/\/cabellonews.com\/index.php?rest_route=%2Fwp%2Fv2%2Fcomments&post=1474"}],"version-history":[{"count":1,"href":"https:\/\/cabellonews.com\/index.php?rest_route=\/wp\/v2\/posts\/1474\/revisions"}],"predecessor-version":[{"id":1476,"href":"https:\/\/cabellonews.com\/index.php?rest_route=\/wp\/v2\/posts\/1474\/revisions\/1476"}],"wp:featuredmedia":[{"embeddable":true,"href":"https:\/\/cabellonews.com\/index.php?rest_route=\/wp\/v2\/media\/1475"}],"wp:attachment":[{"href":"https:\/\/cabellonews.com\/index.php?rest_route=%2Fwp%2Fv2%2Fmedia&parent=1474"}],"wp:term":[{"taxonomy":"category","embeddable":true,"href":"https:\/\/cabellonews.com\/index.php?rest_route=%2Fwp%2Fv2%2Fcategories&post=1474"},{"taxonomy":"post_tag","embeddable":true,"href":"https:\/\/cabellonews.com\/index.php?rest_route=%2Fwp%2Fv2%2Ftags&post=1474"}],"curies":[{"name":"wp","href":"https:\/\/api.w.org\/{rel}","templated":true}]}}