{"id":1471,"date":"2025-02-19T02:59:38","date_gmt":"2025-02-19T02:59:38","guid":{"rendered":"https:\/\/cabellonews.com\/?p=1471"},"modified":"2025-03-05T03:00:36","modified_gmt":"2025-03-05T03:00:36","slug":"invita-dif-tamaulipas-a-participar-en-el-voluntariado-juvenil-de-la-esperanza","status":"publish","type":"post","link":"https:\/\/cabellonews.com\/?p=1471","title":{"rendered":"Invita DIF Tamaulipas a participar en el Voluntariado Juvenil de la Esperanza"},"content":{"rendered":"\n<p>Febrero 19 de 2025<\/p>\n\n\n<figure class=\"wp-block-post-featured-image\"><img width=\"240\" height=\"172\" src=\"https:\/\/cabellonews.com\/wp-content\/uploads\/2025\/03\/91d6558c-c1d7-42d3-b5b7-7544c801feb4-240x172.jpeg\" class=\"attachment-post-thumbnail size-post-thumbnail wp-post-image\" alt=\"\" decoding=\"async\" loading=\"lazy\" \/><\/figure>\n\n\n<p>Ciudad Victoria, Tamaulipas.- El Sistema para el Desarrollo Integral de la Familia de Tamaulipas, que preside la doctora Mar\u00eda de Villarreal, lanz\u00f3 la convocatoria para las y los j\u00f3venes entre 15 y 29 a\u00f1os de edad, con iniciativa de participaci\u00f3n y vocaci\u00f3n de servicio de todo el estado, para que se unan a los Mensajeros de Paz en el Voluntariado Juvenil de la Esperanza de esta instituci\u00f3n.<\/p>\n\n\n\n<p>Al unirse a este grupo, los participantes tienen la oportunidad de contribuir al bienestar de su comunidad mediante diversas actividades que se llevan a cabo en centros asistenciales, escuelas, hospitales y comunidades en condiciones de alta marginaci\u00f3n, llevando apoyos en especie proporcionados por el Sistema DIF Tamaulipas, as\u00ed como un mensaje de paz y esperanza para las y los beneficiarios.<\/p>\n\n\n\n<p>Las y los j\u00f3venes tambi\u00e9n pueden conocer nuevas personas ampliando su red de amistades con fines comunes como el altruismo y la buena voluntad.<\/p>\n\n\n\n<p>Por sus propias caracter\u00edsticas, los integrantes del voluntariado desarrollan habilidades de liderazgo, trabajo en equipo, comunicaci\u00f3n y empat\u00eda, entre otros valores.<\/p>\n\n\n\n<p>Para unirse a este Voluntariado Juvenil de la Esperanza, los j\u00f3venes interesados pueden comunicarse v\u00eda WhatsApp al n\u00famero 834-307-9369, en el que se les brinda la informaci\u00f3n necesaria, adem\u00e1s de aclarar las dudas que puedan tener, y de esta manera contribuir con su participaci\u00f3n a consolidar un Tamaulipas m\u00e1s humano.<\/p>\n\n\n\n<pre class=\"wp-block-code\"><code>     *     *     *<\/code><\/pre>\n","protected":false},"excerpt":{"rendered":"<p>Febrero 19 de 2025 Ciudad Victoria, Tamaulipas.- El Sistema para el Desarrollo Integral de la Familia de Tamaulipas, que preside la doctora Mar\u00eda de Villarreal, lanz\u00f3 la convocatoria para las y los j\u00f3venes entre 15 y 29 a\u00f1os de edad, con iniciativa de participaci\u00f3n y vocaci\u00f3n de servicio de todo el estado, para que se unan a los Mensajeros de Paz en el Voluntariado Juvenil de la Esperanza de esta instituci\u00f3n. Al unirse a este grupo, los participantes tienen la oportunidad de contribuir al bienestar de su comunidad mediante diversas&hellip;<\/p>\n","protected":false},"author":1,"featured_media":1472,"comment_status":"open","ping_status":"open","sticky":false,"template":"","format":"standard","meta":[],"categories":[1],"tags":[],"gutentor_comment":0,"yoast_head":"<!-- This site is optimized with the Yoast SEO plugin v20.10 - https:\/\/yoast.com\/wordpress\/plugins\/seo\/ -->\n<title>Invita DIF Tamaulipas a participar en el Voluntariado Juvenil de la Esperanza - cabellonews.com<\/title>\n<meta name=\"robots\" content=\"index, follow, max-snippet:-1, max-image-preview:large, max-video-preview:-1\" \/>\n<link rel=\"canonical\" href=\"https:\/\/cabellonews.com\/?p=1471\" \/>\n<meta property=\"og:locale\" content=\"en_US\" \/>\n<meta property=\"og:type\" content=\"article\" \/>\n<meta property=\"og:title\" content=\"Invita DIF Tamaulipas a participar en el Voluntariado Juvenil de la Esperanza - cabellonews.com\" \/>\n<meta property=\"og:description\" content=\"Febrero 19 de 2025 Ciudad Victoria, Tamaulipas.- El Sistema para el Desarrollo Integral de la Familia de Tamaulipas, que preside la doctora Mar\u00eda de Villarreal, lanz\u00f3 la convocatoria para las y los j\u00f3venes entre 15 y 29 a\u00f1os de edad, con iniciativa de participaci\u00f3n y vocaci\u00f3n de servicio de todo el estado, para que se unan a los Mensajeros de Paz en el Voluntariado Juvenil de la Esperanza de esta instituci\u00f3n. Al unirse a este grupo, los participantes tienen la oportunidad de contribuir al bienestar de su comunidad mediante diversas&hellip;\" \/>\n<meta property=\"og:url\" content=\"https:\/\/cabellonews.com\/?p=1471\" \/>\n<meta property=\"og:site_name\" content=\"cabellonews.com\" \/>\n<meta property=\"article:published_time\" content=\"2025-02-19T02:59:38+00:00\" \/>\n<meta property=\"article:modified_time\" content=\"2025-03-05T03:00:36+00:00\" \/>\n<meta property=\"og:image\" content=\"http:\/\/cabellonews.com\/wp-content\/uploads\/2025\/03\/91d6558c-c1d7-42d3-b5b7-7544c801feb4.jpeg\" \/>\n\t<meta property=\"og:image:width\" content=\"1600\" \/>\n\t<meta property=\"og:image:height\" content=\"1066\" \/>\n\t<meta property=\"og:image:type\" content=\"image\/jpeg\" \/>\n<meta name=\"author\" content=\"cabellonews.com\" \/>\n<meta name=\"twitter:card\" content=\"summary_large_image\" \/>\n<meta name=\"twitter:label1\" content=\"Written by\" \/>\n\t<meta name=\"twitter:data1\" content=\"cabellonews.com\" \/>\n\t<meta name=\"twitter:label2\" content=\"Est. reading time\" \/>\n\t<meta name=\"twitter:data2\" content=\"1 minute\" \/>\n<script type=\"application\/ld+json\" class=\"yoast-schema-graph\">{\"@context\":\"https:\/\/schema.org\",\"@graph\":[{\"@type\":\"WebPage\",\"@id\":\"https:\/\/cabellonews.com\/?p=1471\",\"url\":\"https:\/\/cabellonews.com\/?p=1471\",\"name\":\"Invita DIF Tamaulipas a participar en el Voluntariado Juvenil de la Esperanza - cabellonews.com\",\"isPartOf\":{\"@id\":\"https:\/\/cabellonews.com\/#website\"},\"datePublished\":\"2025-02-19T02:59:38+00:00\",\"dateModified\":\"2025-03-05T03:00:36+00:00\",\"author\":{\"@id\":\"https:\/\/cabellonews.com\/#\/schema\/person\/7afe73bafa6cc5a24fd4c67dfd4379d8\"},\"breadcrumb\":{\"@id\":\"https:\/\/cabellonews.com\/?p=1471#breadcrumb\"},\"inLanguage\":\"en-US\",\"potentialAction\":[{\"@type\":\"ReadAction\",\"target\":[\"https:\/\/cabellonews.com\/?p=1471\"]}]},{\"@type\":\"BreadcrumbList\",\"@id\":\"https:\/\/cabellonews.com\/?p=1471#breadcrumb\",\"itemListElement\":[{\"@type\":\"ListItem\",\"position\":1,\"name\":\"Inicio\",\"item\":\"https:\/\/cabellonews.com\/\"},{\"@type\":\"ListItem\",\"position\":2,\"name\":\"Invita DIF Tamaulipas a participar en el Voluntariado Juvenil de la Esperanza\"}]},{\"@type\":\"WebSite\",\"@id\":\"https:\/\/cabellonews.com\/#website\",\"url\":\"https:\/\/cabellonews.com\/\",\"name\":\"cabellonews.com\",\"description\":\"Con Cobertura En Tamaulipas Y norte de Veracruz\",\"potentialAction\":[{\"@type\":\"SearchAction\",\"target\":{\"@type\":\"EntryPoint\",\"urlTemplate\":\"https:\/\/cabellonews.com\/?s={search_term_string}\"},\"query-input\":\"required name=search_term_string\"}],\"inLanguage\":\"en-US\"},{\"@type\":\"Person\",\"@id\":\"https:\/\/cabellonews.com\/#\/schema\/person\/7afe73bafa6cc5a24fd4c67dfd4379d8\",\"name\":\"cabellonews.com\",\"image\":{\"@type\":\"ImageObject\",\"inLanguage\":\"en-US\",\"@id\":\"https:\/\/cabellonews.com\/#\/schema\/person\/image\/\",\"url\":\"https:\/\/secure.gravatar.com\/avatar\/8d6324fc2806389aad4cd38639618406?s=96&d=mm&r=g\",\"contentUrl\":\"https:\/\/secure.gravatar.com\/avatar\/8d6324fc2806389aad4cd38639618406?s=96&d=mm&r=g\",\"caption\":\"cabellonews.com\"},\"sameAs\":[\"http:\/\/cabellonews.com\"],\"url\":\"https:\/\/cabellonews.com\/?author=1\"}]}<\/script>\n<!-- \/ Yoast SEO plugin. -->","yoast_head_json":{"title":"Invita DIF Tamaulipas a participar en el Voluntariado Juvenil de la Esperanza - cabellonews.com","robots":{"index":"index","follow":"follow","max-snippet":"max-snippet:-1","max-image-preview":"max-image-preview:large","max-video-preview":"max-video-preview:-1"},"canonical":"https:\/\/cabellonews.com\/?p=1471","og_locale":"en_US","og_type":"article","og_title":"Invita DIF Tamaulipas a participar en el Voluntariado Juvenil de la Esperanza - cabellonews.com","og_description":"Febrero 19 de 2025 Ciudad Victoria, Tamaulipas.- El Sistema para el Desarrollo Integral de la Familia de Tamaulipas, que preside la doctora Mar\u00eda de Villarreal, lanz\u00f3 la convocatoria para las y los j\u00f3venes entre 15 y 29 a\u00f1os de edad, con iniciativa de participaci\u00f3n y vocaci\u00f3n de servicio de todo el estado, para que se unan a los Mensajeros de Paz en el Voluntariado Juvenil de la Esperanza de esta instituci\u00f3n. Al unirse a este grupo, los participantes tienen la oportunidad de contribuir al bienestar de su comunidad mediante diversas&hellip;","og_url":"https:\/\/cabellonews.com\/?p=1471","og_site_name":"cabellonews.com","article_published_time":"2025-02-19T02:59:38+00:00","article_modified_time":"2025-03-05T03:00:36+00:00","og_image":[{"width":1600,"height":1066,"url":"http:\/\/cabellonews.com\/wp-content\/uploads\/2025\/03\/91d6558c-c1d7-42d3-b5b7-7544c801feb4.jpeg","type":"image\/jpeg"}],"author":"cabellonews.com","twitter_card":"summary_large_image","twitter_misc":{"Written by":"cabellonews.com","Est. reading time":"1 minute"},"schema":{"@context":"https:\/\/schema.org","@graph":[{"@type":"WebPage","@id":"https:\/\/cabellonews.com\/?p=1471","url":"https:\/\/cabellonews.com\/?p=1471","name":"Invita DIF Tamaulipas a participar en el Voluntariado Juvenil de la Esperanza - cabellonews.com","isPartOf":{"@id":"https:\/\/cabellonews.com\/#website"},"datePublished":"2025-02-19T02:59:38+00:00","dateModified":"2025-03-05T03:00:36+00:00","author":{"@id":"https:\/\/cabellonews.com\/#\/schema\/person\/7afe73bafa6cc5a24fd4c67dfd4379d8"},"breadcrumb":{"@id":"https:\/\/cabellonews.com\/?p=1471#breadcrumb"},"inLanguage":"en-US","potentialAction":[{"@type":"ReadAction","target":["https:\/\/cabellonews.com\/?p=1471"]}]},{"@type":"BreadcrumbList","@id":"https:\/\/cabellonews.com\/?p=1471#breadcrumb","itemListElement":[{"@type":"ListItem","position":1,"name":"Inicio","item":"https:\/\/cabellonews.com\/"},{"@type":"ListItem","position":2,"name":"Invita DIF Tamaulipas a participar en el Voluntariado Juvenil de la Esperanza"}]},{"@type":"WebSite","@id":"https:\/\/cabellonews.com\/#website","url":"https:\/\/cabellonews.com\/","name":"cabellonews.com","description":"Con Cobertura En Tamaulipas Y norte de Veracruz","potentialAction":[{"@type":"SearchAction","target":{"@type":"EntryPoint","urlTemplate":"https:\/\/cabellonews.com\/?s={search_term_string}"},"query-input":"required name=search_term_string"}],"inLanguage":"en-US"},{"@type":"Person","@id":"https:\/\/cabellonews.com\/#\/schema\/person\/7afe73bafa6cc5a24fd4c67dfd4379d8","name":"cabellonews.com","image":{"@type":"ImageObject","inLanguage":"en-US","@id":"https:\/\/cabellonews.com\/#\/schema\/person\/image\/","url":"https:\/\/secure.gravatar.com\/avatar\/8d6324fc2806389aad4cd38639618406?s=96&d=mm&r=g","contentUrl":"https:\/\/secure.gravatar.com\/avatar\/8d6324fc2806389aad4cd38639618406?s=96&d=mm&r=g","caption":"cabellonews.com"},"sameAs":["http:\/\/cabellonews.com"],"url":"https:\/\/cabellonews.com\/?author=1"}]}},"_links":{"self":[{"href":"https:\/\/cabellonews.com\/index.php?rest_route=\/wp\/v2\/posts\/1471"}],"collection":[{"href":"https:\/\/cabellonews.com\/index.php?rest_route=\/wp\/v2\/posts"}],"about":[{"href":"https:\/\/cabellonews.com\/index.php?rest_route=\/wp\/v2\/types\/post"}],"author":[{"embeddable":true,"href":"https:\/\/cabellonews.com\/index.php?rest_route=\/wp\/v2\/users\/1"}],"replies":[{"embeddable":true,"href":"https:\/\/cabellonews.com\/index.php?rest_route=%2Fwp%2Fv2%2Fcomments&post=1471"}],"version-history":[{"count":1,"href":"https:\/\/cabellonews.com\/index.php?rest_route=\/wp\/v2\/posts\/1471\/revisions"}],"predecessor-version":[{"id":1473,"href":"https:\/\/cabellonews.com\/index.php?rest_route=\/wp\/v2\/posts\/1471\/revisions\/1473"}],"wp:featuredmedia":[{"embeddable":true,"href":"https:\/\/cabellonews.com\/index.php?rest_route=\/wp\/v2\/media\/1472"}],"wp:attachment":[{"href":"https:\/\/cabellonews.com\/index.php?rest_route=%2Fwp%2Fv2%2Fmedia&parent=1471"}],"wp:term":[{"taxonomy":"category","embeddable":true,"href":"https:\/\/cabellonews.com\/index.php?rest_route=%2Fwp%2Fv2%2Fcategories&post=1471"},{"taxonomy":"post_tag","embeddable":true,"href":"https:\/\/cabellonews.com\/index.php?rest_route=%2Fwp%2Fv2%2Ftags&post=1471"}],"curies":[{"name":"wp","href":"https:\/\/api.w.org\/{rel}","templated":true}]}}