{"id":1442,"date":"2025-02-10T02:50:43","date_gmt":"2025-02-10T02:50:43","guid":{"rendered":"https:\/\/cabellonews.com\/?p=1442"},"modified":"2025-03-05T02:51:36","modified_gmt":"2025-03-05T02:51:36","slug":"muestran-indicadores-avances-de-tamaulipas-en-diferentes-rubros-americo","status":"publish","type":"post","link":"https:\/\/cabellonews.com\/?p=1442","title":{"rendered":"Muestran indicadores avances de Tamaulipas en diferentes rubros: Am\u00e9rico"},"content":{"rendered":"\n<p>-Existen condiciones para sortear positivamente y seguir adelante ante los retos del contexto nacional e internacional, afirma gobernador del estado<\/p>\n\n\n<figure class=\"wp-block-post-featured-image\"><img width=\"240\" height=\"172\" src=\"https:\/\/cabellonews.com\/wp-content\/uploads\/2025\/03\/6592268d-f7f5-4f29-9607-42b03b72f9d2-240x172.jpeg\" class=\"attachment-post-thumbnail size-post-thumbnail wp-post-image\" alt=\"\" decoding=\"async\" loading=\"lazy\" \/><\/figure>\n\n\n<p>Febrero 10 de 2025<\/p>\n\n\n\n<p>Ciudad Victoria, Tamaulipas. \u2013 Los indicadores que eval\u00faan diferentes rubros del desarrollo y bienestar de la sociedad se\u00f1alan que en Tamaulipas se avanza y existen las condiciones para sortear positivamente y seguir adelante ante los retos del contexto nacional e internacional, afirm\u00f3 el gobernador Am\u00e9rico Villarreal Anaya.<\/p>\n\n\n\n<p>\u201cVamos para adelante y vamos a sortear afirmativa y positivamente los retos que estamos teniendo en estos momentos\u201d, expres\u00f3 el gobernador del estado durante la ceremonia c\u00edvica de honores celebrada este lunes en el Centro Estatal de Evaluaci\u00f3n y Control de Confianza (C3).<\/p>\n\n\n\n<p>\u201cEstamos listos para poder afrontar los retos con oportunidad y con preparaci\u00f3n para poder solventar y salir adelante de estos retos que nos pone el presente y un futuro que podemos considerar y planear para poder atenderlo\u201d, agreg\u00f3.<\/p>\n\n\n\n<p>Ante los titulares de los poderes Legislativo y Judicial, el mandatario tamaulipeco record\u00f3 que durante su reciente gira de trabajo por la frontera norte del estado entreg\u00f3 obras y pudo constatar los avances en materia econ\u00f3mica y de intercambio comercial, adem\u00e1s de supervisar el trabajo que de manera coordinada se realiza con el gobierno federal para colaborar con la estrategia de repatriaci\u00f3n \u201cM\u00e9xico te Abraza\u201d.<\/p>\n\n\n\n<p>\u201cNosotros somos pueblo sirviendo al pueblo y tenemos que hacerlo con orgullo y con dedicaci\u00f3n para poder hacer la contribuci\u00f3n que nos corresponde como servidores p\u00fablicos para construir la paz y que nos sintamos satisfechos de eso\u201d, expres\u00f3.<\/p>\n\n\n\n<p>TAMAULIPAS, ENTRE LOS ESTADOS CON MEJORES RESULTADOS A NIVEL NACIONAL<\/p>\n\n\n\n<p>En su intervenci\u00f3n, Jorge Cu\u00e9llar Montoya, secretario ejecutivo del Sistema Estatal de Seguridad P\u00fablica, asegur\u00f3 que los resultados en materia de seguridad durante los 27 meses del gobierno de Am\u00e9rico Villarreal est\u00e1n a la vista y ubican a Tamaulipas como una de las 10 entidades con mejores resultados a nivel nacional y en primer lugar de las entidades de la frontera con Estados Unidos.<\/p>\n\n\n\n<p>\u201cEsos son datos bien interesantes, bien importantes y no son producto de una opini\u00f3n o de un apasionamiento, esto es estad\u00edstica y cualquiera los puede consultar, est\u00e1n publicados en la p\u00e1gina del INEGI\u201d, mencion\u00f3.<\/p>\n\n\n\n<p>Agreg\u00f3 que, en los delitos de homicidio doloso, secuestro y robo a casa habitaci\u00f3n, Tamaulipas tiene los n\u00fameros m\u00e1s bajos desde el 2011, a\u00f1o en que empez\u00f3 la medici\u00f3n con esta metodolog\u00eda.<\/p>\n\n\n\n<p>\u201cEn los 27 meses que lleva este gobierno humanista, el 2023 y el 2024 es el \u00edndice m\u00e1s bajo de percepci\u00f3n de inseguridad o, lo que es lo mismo, es el \u00edndice m\u00e1s alto en percepci\u00f3n de seguridad y todos estos datos son importantes y son producto del esfuerzo que se realiza diariamente por todos y cada uno de los tamaulipecos, empezando con nuestro gobernador\u201d, puntualiz\u00f3.<\/p>\n\n\n\n<p>Durante la ceremonia c\u00edvica, el juramento a la bandera estuvo a cargo de Humberto Delgado Gonz\u00e1lez, mientras que Samuel Molina De la Torre y Tayr\u00e9 Castillo Flores dieron lectura a las efem\u00e9rides.<\/p>\n\n\n\n<p>Acompa\u00f1aron al gobernador: H\u00e9ctor Joel Villegas Gonz\u00e1lez, secretario general de Gobierno; magistrado Hern\u00e1n De la Garza Tamez, presidente del Supremo Tribunal de Justicia; diputado Humberto Prieto Herrera, presidente de la Junta de Gobierno del Congreso del Estado; diputada Cynthia Jaime Castillo, presidenta de la Mesa Directiva del Congreso; en representaci\u00f3n de la 48 Zona Militar estuvo presente el coronel Jos\u00e9 Mar\u00edn Pe\u00f1aloza, y en representaci\u00f3n de la Guardia Nacional, el capit\u00e1n Jorge Luis Rodr\u00edguez Garc\u00eda, adem\u00e1s de los integrantes de la Mesa de Seguridad, funcionarios del gabinete estatal y personal del Secretariado Ejecutivo del Sistema Estatal de Seguridad P\u00fablica.<\/p>\n\n\n\n<pre class=\"wp-block-code\"><code>    *      *     *<\/code><\/pre>\n","protected":false},"excerpt":{"rendered":"<p>-Existen condiciones para sortear positivamente y seguir adelante ante los retos del contexto nacional e internacional, afirma gobernador del estado Febrero 10 de 2025 Ciudad Victoria, Tamaulipas. \u2013 Los indicadores que eval\u00faan diferentes rubros del desarrollo y bienestar de la sociedad se\u00f1alan que en Tamaulipas se avanza y existen las condiciones para sortear positivamente y seguir adelante ante los retos del contexto nacional e internacional, afirm\u00f3 el gobernador Am\u00e9rico Villarreal Anaya. \u201cVamos para adelante y vamos a sortear afirmativa y positivamente los retos que estamos teniendo en estos momentos\u201d, expres\u00f3&hellip;<\/p>\n","protected":false},"author":1,"featured_media":1443,"comment_status":"open","ping_status":"open","sticky":false,"template":"","format":"standard","meta":[],"categories":[1],"tags":[],"gutentor_comment":0,"yoast_head":"<!-- This site is optimized with the Yoast SEO plugin v20.10 - https:\/\/yoast.com\/wordpress\/plugins\/seo\/ -->\n<title>Muestran indicadores avances de Tamaulipas en diferentes rubros: Am\u00e9rico - cabellonews.com<\/title>\n<meta name=\"robots\" content=\"index, follow, max-snippet:-1, max-image-preview:large, max-video-preview:-1\" \/>\n<link rel=\"canonical\" href=\"https:\/\/cabellonews.com\/?p=1442\" \/>\n<meta property=\"og:locale\" content=\"en_US\" \/>\n<meta property=\"og:type\" content=\"article\" \/>\n<meta property=\"og:title\" content=\"Muestran indicadores avances de Tamaulipas en diferentes rubros: Am\u00e9rico - cabellonews.com\" \/>\n<meta property=\"og:description\" content=\"-Existen condiciones para sortear positivamente y seguir adelante ante los retos del contexto nacional e internacional, afirma gobernador del estado Febrero 10 de 2025 Ciudad Victoria, Tamaulipas. \u2013 Los indicadores que eval\u00faan diferentes rubros del desarrollo y bienestar de la sociedad se\u00f1alan que en Tamaulipas se avanza y existen las condiciones para sortear positivamente y seguir adelante ante los retos del contexto nacional e internacional, afirm\u00f3 el gobernador Am\u00e9rico Villarreal Anaya. \u201cVamos para adelante y vamos a sortear afirmativa y positivamente los retos que estamos teniendo en estos momentos\u201d, expres\u00f3&hellip;\" \/>\n<meta property=\"og:url\" content=\"https:\/\/cabellonews.com\/?p=1442\" \/>\n<meta property=\"og:site_name\" content=\"cabellonews.com\" \/>\n<meta property=\"article:published_time\" content=\"2025-02-10T02:50:43+00:00\" \/>\n<meta property=\"article:modified_time\" content=\"2025-03-05T02:51:36+00:00\" \/>\n<meta property=\"og:image\" content=\"http:\/\/cabellonews.com\/wp-content\/uploads\/2025\/03\/6592268d-f7f5-4f29-9607-42b03b72f9d2.jpeg\" \/>\n\t<meta property=\"og:image:width\" content=\"1600\" \/>\n\t<meta property=\"og:image:height\" content=\"1067\" \/>\n\t<meta property=\"og:image:type\" content=\"image\/jpeg\" \/>\n<meta name=\"author\" content=\"cabellonews.com\" \/>\n<meta name=\"twitter:card\" content=\"summary_large_image\" \/>\n<meta name=\"twitter:label1\" content=\"Written by\" \/>\n\t<meta name=\"twitter:data1\" content=\"cabellonews.com\" \/>\n\t<meta name=\"twitter:label2\" content=\"Est. reading time\" \/>\n\t<meta name=\"twitter:data2\" content=\"3 minutes\" \/>\n<script type=\"application\/ld+json\" class=\"yoast-schema-graph\">{\"@context\":\"https:\/\/schema.org\",\"@graph\":[{\"@type\":\"WebPage\",\"@id\":\"https:\/\/cabellonews.com\/?p=1442\",\"url\":\"https:\/\/cabellonews.com\/?p=1442\",\"name\":\"Muestran indicadores avances de Tamaulipas en diferentes rubros: Am\u00e9rico - cabellonews.com\",\"isPartOf\":{\"@id\":\"https:\/\/cabellonews.com\/#website\"},\"datePublished\":\"2025-02-10T02:50:43+00:00\",\"dateModified\":\"2025-03-05T02:51:36+00:00\",\"author\":{\"@id\":\"https:\/\/cabellonews.com\/#\/schema\/person\/7afe73bafa6cc5a24fd4c67dfd4379d8\"},\"breadcrumb\":{\"@id\":\"https:\/\/cabellonews.com\/?p=1442#breadcrumb\"},\"inLanguage\":\"en-US\",\"potentialAction\":[{\"@type\":\"ReadAction\",\"target\":[\"https:\/\/cabellonews.com\/?p=1442\"]}]},{\"@type\":\"BreadcrumbList\",\"@id\":\"https:\/\/cabellonews.com\/?p=1442#breadcrumb\",\"itemListElement\":[{\"@type\":\"ListItem\",\"position\":1,\"name\":\"Inicio\",\"item\":\"https:\/\/cabellonews.com\/\"},{\"@type\":\"ListItem\",\"position\":2,\"name\":\"Muestran indicadores avances de Tamaulipas en diferentes rubros: Am\u00e9rico\"}]},{\"@type\":\"WebSite\",\"@id\":\"https:\/\/cabellonews.com\/#website\",\"url\":\"https:\/\/cabellonews.com\/\",\"name\":\"cabellonews.com\",\"description\":\"Con Cobertura En Tamaulipas Y norte de Veracruz\",\"potentialAction\":[{\"@type\":\"SearchAction\",\"target\":{\"@type\":\"EntryPoint\",\"urlTemplate\":\"https:\/\/cabellonews.com\/?s={search_term_string}\"},\"query-input\":\"required name=search_term_string\"}],\"inLanguage\":\"en-US\"},{\"@type\":\"Person\",\"@id\":\"https:\/\/cabellonews.com\/#\/schema\/person\/7afe73bafa6cc5a24fd4c67dfd4379d8\",\"name\":\"cabellonews.com\",\"image\":{\"@type\":\"ImageObject\",\"inLanguage\":\"en-US\",\"@id\":\"https:\/\/cabellonews.com\/#\/schema\/person\/image\/\",\"url\":\"https:\/\/secure.gravatar.com\/avatar\/8d6324fc2806389aad4cd38639618406?s=96&d=mm&r=g\",\"contentUrl\":\"https:\/\/secure.gravatar.com\/avatar\/8d6324fc2806389aad4cd38639618406?s=96&d=mm&r=g\",\"caption\":\"cabellonews.com\"},\"sameAs\":[\"http:\/\/cabellonews.com\"],\"url\":\"https:\/\/cabellonews.com\/?author=1\"}]}<\/script>\n<!-- \/ Yoast SEO plugin. -->","yoast_head_json":{"title":"Muestran indicadores avances de Tamaulipas en diferentes rubros: Am\u00e9rico - cabellonews.com","robots":{"index":"index","follow":"follow","max-snippet":"max-snippet:-1","max-image-preview":"max-image-preview:large","max-video-preview":"max-video-preview:-1"},"canonical":"https:\/\/cabellonews.com\/?p=1442","og_locale":"en_US","og_type":"article","og_title":"Muestran indicadores avances de Tamaulipas en diferentes rubros: Am\u00e9rico - cabellonews.com","og_description":"-Existen condiciones para sortear positivamente y seguir adelante ante los retos del contexto nacional e internacional, afirma gobernador del estado Febrero 10 de 2025 Ciudad Victoria, Tamaulipas. \u2013 Los indicadores que eval\u00faan diferentes rubros del desarrollo y bienestar de la sociedad se\u00f1alan que en Tamaulipas se avanza y existen las condiciones para sortear positivamente y seguir adelante ante los retos del contexto nacional e internacional, afirm\u00f3 el gobernador Am\u00e9rico Villarreal Anaya. \u201cVamos para adelante y vamos a sortear afirmativa y positivamente los retos que estamos teniendo en estos momentos\u201d, expres\u00f3&hellip;","og_url":"https:\/\/cabellonews.com\/?p=1442","og_site_name":"cabellonews.com","article_published_time":"2025-02-10T02:50:43+00:00","article_modified_time":"2025-03-05T02:51:36+00:00","og_image":[{"width":1600,"height":1067,"url":"http:\/\/cabellonews.com\/wp-content\/uploads\/2025\/03\/6592268d-f7f5-4f29-9607-42b03b72f9d2.jpeg","type":"image\/jpeg"}],"author":"cabellonews.com","twitter_card":"summary_large_image","twitter_misc":{"Written by":"cabellonews.com","Est. reading time":"3 minutes"},"schema":{"@context":"https:\/\/schema.org","@graph":[{"@type":"WebPage","@id":"https:\/\/cabellonews.com\/?p=1442","url":"https:\/\/cabellonews.com\/?p=1442","name":"Muestran indicadores avances de Tamaulipas en diferentes rubros: Am\u00e9rico - cabellonews.com","isPartOf":{"@id":"https:\/\/cabellonews.com\/#website"},"datePublished":"2025-02-10T02:50:43+00:00","dateModified":"2025-03-05T02:51:36+00:00","author":{"@id":"https:\/\/cabellonews.com\/#\/schema\/person\/7afe73bafa6cc5a24fd4c67dfd4379d8"},"breadcrumb":{"@id":"https:\/\/cabellonews.com\/?p=1442#breadcrumb"},"inLanguage":"en-US","potentialAction":[{"@type":"ReadAction","target":["https:\/\/cabellonews.com\/?p=1442"]}]},{"@type":"BreadcrumbList","@id":"https:\/\/cabellonews.com\/?p=1442#breadcrumb","itemListElement":[{"@type":"ListItem","position":1,"name":"Inicio","item":"https:\/\/cabellonews.com\/"},{"@type":"ListItem","position":2,"name":"Muestran indicadores avances de Tamaulipas en diferentes rubros: Am\u00e9rico"}]},{"@type":"WebSite","@id":"https:\/\/cabellonews.com\/#website","url":"https:\/\/cabellonews.com\/","name":"cabellonews.com","description":"Con Cobertura En Tamaulipas Y norte de Veracruz","potentialAction":[{"@type":"SearchAction","target":{"@type":"EntryPoint","urlTemplate":"https:\/\/cabellonews.com\/?s={search_term_string}"},"query-input":"required name=search_term_string"}],"inLanguage":"en-US"},{"@type":"Person","@id":"https:\/\/cabellonews.com\/#\/schema\/person\/7afe73bafa6cc5a24fd4c67dfd4379d8","name":"cabellonews.com","image":{"@type":"ImageObject","inLanguage":"en-US","@id":"https:\/\/cabellonews.com\/#\/schema\/person\/image\/","url":"https:\/\/secure.gravatar.com\/avatar\/8d6324fc2806389aad4cd38639618406?s=96&d=mm&r=g","contentUrl":"https:\/\/secure.gravatar.com\/avatar\/8d6324fc2806389aad4cd38639618406?s=96&d=mm&r=g","caption":"cabellonews.com"},"sameAs":["http:\/\/cabellonews.com"],"url":"https:\/\/cabellonews.com\/?author=1"}]}},"_links":{"self":[{"href":"https:\/\/cabellonews.com\/index.php?rest_route=\/wp\/v2\/posts\/1442"}],"collection":[{"href":"https:\/\/cabellonews.com\/index.php?rest_route=\/wp\/v2\/posts"}],"about":[{"href":"https:\/\/cabellonews.com\/index.php?rest_route=\/wp\/v2\/types\/post"}],"author":[{"embeddable":true,"href":"https:\/\/cabellonews.com\/index.php?rest_route=\/wp\/v2\/users\/1"}],"replies":[{"embeddable":true,"href":"https:\/\/cabellonews.com\/index.php?rest_route=%2Fwp%2Fv2%2Fcomments&post=1442"}],"version-history":[{"count":1,"href":"https:\/\/cabellonews.com\/index.php?rest_route=\/wp\/v2\/posts\/1442\/revisions"}],"predecessor-version":[{"id":1444,"href":"https:\/\/cabellonews.com\/index.php?rest_route=\/wp\/v2\/posts\/1442\/revisions\/1444"}],"wp:featuredmedia":[{"embeddable":true,"href":"https:\/\/cabellonews.com\/index.php?rest_route=\/wp\/v2\/media\/1443"}],"wp:attachment":[{"href":"https:\/\/cabellonews.com\/index.php?rest_route=%2Fwp%2Fv2%2Fmedia&parent=1442"}],"wp:term":[{"taxonomy":"category","embeddable":true,"href":"https:\/\/cabellonews.com\/index.php?rest_route=%2Fwp%2Fv2%2Fcategories&post=1442"},{"taxonomy":"post_tag","embeddable":true,"href":"https:\/\/cabellonews.com\/index.php?rest_route=%2Fwp%2Fv2%2Ftags&post=1442"}],"curies":[{"name":"wp","href":"https:\/\/api.w.org\/{rel}","templated":true}]}}