{"id":1420,"date":"2025-02-04T02:40:44","date_gmt":"2025-02-04T02:40:44","guid":{"rendered":"https:\/\/cabellonews.com\/?p=1420"},"modified":"2025-03-05T02:41:17","modified_gmt":"2025-03-05T02:41:17","slug":"amplian-vialidades-en-la-capital-de-tamaulipas","status":"publish","type":"post","link":"https:\/\/cabellonews.com\/?p=1420","title":{"rendered":"Ampl\u00edan vialidades en la capital de Tamaulipas"},"content":{"rendered":"\n<p>Febrero 04 de 2025<\/p>\n\n\n<figure class=\"wp-block-post-featured-image\"><img width=\"240\" height=\"172\" src=\"https:\/\/cabellonews.com\/wp-content\/uploads\/2025\/03\/09e60278-f92a-4cf1-bfd8-c1073e87b9fb-240x172.jpeg\" class=\"attachment-post-thumbnail size-post-thumbnail wp-post-image\" alt=\"\" decoding=\"async\" loading=\"lazy\" \/><\/figure>\n\n\n<p>Ciudad Victoria, Tamaulipas. &#8211; El Gobierno del Estado a trav\u00e9s de la Secretar\u00eda de Obras P\u00fablicas (SOP) ampl\u00eda diversas vialidades en la capital de Tamaulipas con una inversi\u00f3n de casi 26 millones de pesos.<\/p>\n\n\n\n<p>El secretario de Obras P\u00fablicas, Pedro Cepeda Anaya se\u00f1al\u00f3 que con el objetivo de darle fluidez a la vialidad y resolver la problem\u00e1tica del tr\u00e1nsito vehicular en las horas de m\u00e1s demanda, de la rotonda del Libramiento Naciones Unidas a la Avenida Tamaulipas, se ampl\u00eda con un tercer carril, adem\u00e1s se realizan obras complementarias; ampliaci\u00f3n de retornos, modernizaci\u00f3n de la semaforizaci\u00f3n y del acceso a la Casa Hogar San Antonio con un carril de aceleraci\u00f3n y desaceleraci\u00f3n que har\u00e1 m\u00e1s segura la entrada y salida del citado lugar.<\/p>\n\n\n\n<p>\u201cLos tiempos de traslado por congestionamiento vehicular se complican en esta ciudad capital, por lo tanto, este tipo de obras va enfocado b\u00e1sicamente a optimizar la movilidad integral de las y los ciudadanos, adem\u00e1s de mejorar su calidad de vida\u201d, expres\u00f3 el funcionario estatal.<\/p>\n\n\n\n<p>Con este tipo de obras, dijo, se reordena la movilidad urbana impactando positivamente en la seguridad vial.<\/p>\n\n\n\n<pre class=\"wp-block-code\"><code>      *      *     *<\/code><\/pre>\n","protected":false},"excerpt":{"rendered":"<p>Febrero 04 de 2025 Ciudad Victoria, Tamaulipas. &#8211; El Gobierno del Estado a trav\u00e9s de la Secretar\u00eda de Obras P\u00fablicas (SOP) ampl\u00eda diversas vialidades en la capital de Tamaulipas con una inversi\u00f3n de casi 26 millones de pesos. El secretario de Obras P\u00fablicas, Pedro Cepeda Anaya se\u00f1al\u00f3 que con el objetivo de darle fluidez a la vialidad y resolver la problem\u00e1tica del tr\u00e1nsito vehicular en las horas de m\u00e1s demanda, de la rotonda del Libramiento Naciones Unidas a la Avenida Tamaulipas, se ampl\u00eda con un tercer carril, adem\u00e1s se realizan&hellip;<\/p>\n","protected":false},"author":1,"featured_media":1416,"comment_status":"open","ping_status":"open","sticky":false,"template":"","format":"standard","meta":[],"categories":[1],"tags":[],"gutentor_comment":0,"yoast_head":"<!-- This site is optimized with the Yoast SEO plugin v20.10 - https:\/\/yoast.com\/wordpress\/plugins\/seo\/ -->\n<title>Ampl\u00edan vialidades en la capital de Tamaulipas - cabellonews.com<\/title>\n<meta name=\"robots\" content=\"index, follow, max-snippet:-1, max-image-preview:large, max-video-preview:-1\" \/>\n<link rel=\"canonical\" href=\"https:\/\/cabellonews.com\/?p=1420\" \/>\n<meta property=\"og:locale\" content=\"en_US\" \/>\n<meta property=\"og:type\" content=\"article\" \/>\n<meta property=\"og:title\" content=\"Ampl\u00edan vialidades en la capital de Tamaulipas - cabellonews.com\" \/>\n<meta property=\"og:description\" content=\"Febrero 04 de 2025 Ciudad Victoria, Tamaulipas. &#8211; El Gobierno del Estado a trav\u00e9s de la Secretar\u00eda de Obras P\u00fablicas (SOP) ampl\u00eda diversas vialidades en la capital de Tamaulipas con una inversi\u00f3n de casi 26 millones de pesos. El secretario de Obras P\u00fablicas, Pedro Cepeda Anaya se\u00f1al\u00f3 que con el objetivo de darle fluidez a la vialidad y resolver la problem\u00e1tica del tr\u00e1nsito vehicular en las horas de m\u00e1s demanda, de la rotonda del Libramiento Naciones Unidas a la Avenida Tamaulipas, se ampl\u00eda con un tercer carril, adem\u00e1s se realizan&hellip;\" \/>\n<meta property=\"og:url\" content=\"https:\/\/cabellonews.com\/?p=1420\" \/>\n<meta property=\"og:site_name\" content=\"cabellonews.com\" \/>\n<meta property=\"article:published_time\" content=\"2025-02-04T02:40:44+00:00\" \/>\n<meta property=\"article:modified_time\" content=\"2025-03-05T02:41:17+00:00\" \/>\n<meta property=\"og:image\" content=\"http:\/\/cabellonews.com\/wp-content\/uploads\/2025\/03\/09e60278-f92a-4cf1-bfd8-c1073e87b9fb.jpeg\" \/>\n\t<meta property=\"og:image:width\" content=\"1320\" \/>\n\t<meta property=\"og:image:height\" content=\"989\" \/>\n\t<meta property=\"og:image:type\" content=\"image\/jpeg\" \/>\n<meta name=\"author\" content=\"cabellonews.com\" \/>\n<meta name=\"twitter:card\" content=\"summary_large_image\" \/>\n<meta name=\"twitter:label1\" content=\"Written by\" \/>\n\t<meta name=\"twitter:data1\" content=\"cabellonews.com\" \/>\n\t<meta name=\"twitter:label2\" content=\"Est. reading time\" \/>\n\t<meta name=\"twitter:data2\" content=\"1 minute\" \/>\n<script type=\"application\/ld+json\" class=\"yoast-schema-graph\">{\"@context\":\"https:\/\/schema.org\",\"@graph\":[{\"@type\":\"WebPage\",\"@id\":\"https:\/\/cabellonews.com\/?p=1420\",\"url\":\"https:\/\/cabellonews.com\/?p=1420\",\"name\":\"Ampl\u00edan vialidades en la capital de Tamaulipas - cabellonews.com\",\"isPartOf\":{\"@id\":\"https:\/\/cabellonews.com\/#website\"},\"datePublished\":\"2025-02-04T02:40:44+00:00\",\"dateModified\":\"2025-03-05T02:41:17+00:00\",\"author\":{\"@id\":\"https:\/\/cabellonews.com\/#\/schema\/person\/7afe73bafa6cc5a24fd4c67dfd4379d8\"},\"breadcrumb\":{\"@id\":\"https:\/\/cabellonews.com\/?p=1420#breadcrumb\"},\"inLanguage\":\"en-US\",\"potentialAction\":[{\"@type\":\"ReadAction\",\"target\":[\"https:\/\/cabellonews.com\/?p=1420\"]}]},{\"@type\":\"BreadcrumbList\",\"@id\":\"https:\/\/cabellonews.com\/?p=1420#breadcrumb\",\"itemListElement\":[{\"@type\":\"ListItem\",\"position\":1,\"name\":\"Inicio\",\"item\":\"https:\/\/cabellonews.com\/\"},{\"@type\":\"ListItem\",\"position\":2,\"name\":\"Ampl\u00edan vialidades en la capital de Tamaulipas\"}]},{\"@type\":\"WebSite\",\"@id\":\"https:\/\/cabellonews.com\/#website\",\"url\":\"https:\/\/cabellonews.com\/\",\"name\":\"cabellonews.com\",\"description\":\"Con Cobertura En Tamaulipas Y norte de Veracruz\",\"potentialAction\":[{\"@type\":\"SearchAction\",\"target\":{\"@type\":\"EntryPoint\",\"urlTemplate\":\"https:\/\/cabellonews.com\/?s={search_term_string}\"},\"query-input\":\"required name=search_term_string\"}],\"inLanguage\":\"en-US\"},{\"@type\":\"Person\",\"@id\":\"https:\/\/cabellonews.com\/#\/schema\/person\/7afe73bafa6cc5a24fd4c67dfd4379d8\",\"name\":\"cabellonews.com\",\"image\":{\"@type\":\"ImageObject\",\"inLanguage\":\"en-US\",\"@id\":\"https:\/\/cabellonews.com\/#\/schema\/person\/image\/\",\"url\":\"https:\/\/secure.gravatar.com\/avatar\/8d6324fc2806389aad4cd38639618406?s=96&d=mm&r=g\",\"contentUrl\":\"https:\/\/secure.gravatar.com\/avatar\/8d6324fc2806389aad4cd38639618406?s=96&d=mm&r=g\",\"caption\":\"cabellonews.com\"},\"sameAs\":[\"http:\/\/cabellonews.com\"],\"url\":\"https:\/\/cabellonews.com\/?author=1\"}]}<\/script>\n<!-- \/ Yoast SEO plugin. -->","yoast_head_json":{"title":"Ampl\u00edan vialidades en la capital de Tamaulipas - cabellonews.com","robots":{"index":"index","follow":"follow","max-snippet":"max-snippet:-1","max-image-preview":"max-image-preview:large","max-video-preview":"max-video-preview:-1"},"canonical":"https:\/\/cabellonews.com\/?p=1420","og_locale":"en_US","og_type":"article","og_title":"Ampl\u00edan vialidades en la capital de Tamaulipas - cabellonews.com","og_description":"Febrero 04 de 2025 Ciudad Victoria, Tamaulipas. &#8211; El Gobierno del Estado a trav\u00e9s de la Secretar\u00eda de Obras P\u00fablicas (SOP) ampl\u00eda diversas vialidades en la capital de Tamaulipas con una inversi\u00f3n de casi 26 millones de pesos. El secretario de Obras P\u00fablicas, Pedro Cepeda Anaya se\u00f1al\u00f3 que con el objetivo de darle fluidez a la vialidad y resolver la problem\u00e1tica del tr\u00e1nsito vehicular en las horas de m\u00e1s demanda, de la rotonda del Libramiento Naciones Unidas a la Avenida Tamaulipas, se ampl\u00eda con un tercer carril, adem\u00e1s se realizan&hellip;","og_url":"https:\/\/cabellonews.com\/?p=1420","og_site_name":"cabellonews.com","article_published_time":"2025-02-04T02:40:44+00:00","article_modified_time":"2025-03-05T02:41:17+00:00","og_image":[{"width":1320,"height":989,"url":"http:\/\/cabellonews.com\/wp-content\/uploads\/2025\/03\/09e60278-f92a-4cf1-bfd8-c1073e87b9fb.jpeg","type":"image\/jpeg"}],"author":"cabellonews.com","twitter_card":"summary_large_image","twitter_misc":{"Written by":"cabellonews.com","Est. reading time":"1 minute"},"schema":{"@context":"https:\/\/schema.org","@graph":[{"@type":"WebPage","@id":"https:\/\/cabellonews.com\/?p=1420","url":"https:\/\/cabellonews.com\/?p=1420","name":"Ampl\u00edan vialidades en la capital de Tamaulipas - cabellonews.com","isPartOf":{"@id":"https:\/\/cabellonews.com\/#website"},"datePublished":"2025-02-04T02:40:44+00:00","dateModified":"2025-03-05T02:41:17+00:00","author":{"@id":"https:\/\/cabellonews.com\/#\/schema\/person\/7afe73bafa6cc5a24fd4c67dfd4379d8"},"breadcrumb":{"@id":"https:\/\/cabellonews.com\/?p=1420#breadcrumb"},"inLanguage":"en-US","potentialAction":[{"@type":"ReadAction","target":["https:\/\/cabellonews.com\/?p=1420"]}]},{"@type":"BreadcrumbList","@id":"https:\/\/cabellonews.com\/?p=1420#breadcrumb","itemListElement":[{"@type":"ListItem","position":1,"name":"Inicio","item":"https:\/\/cabellonews.com\/"},{"@type":"ListItem","position":2,"name":"Ampl\u00edan vialidades en la capital de Tamaulipas"}]},{"@type":"WebSite","@id":"https:\/\/cabellonews.com\/#website","url":"https:\/\/cabellonews.com\/","name":"cabellonews.com","description":"Con Cobertura En Tamaulipas Y norte de Veracruz","potentialAction":[{"@type":"SearchAction","target":{"@type":"EntryPoint","urlTemplate":"https:\/\/cabellonews.com\/?s={search_term_string}"},"query-input":"required name=search_term_string"}],"inLanguage":"en-US"},{"@type":"Person","@id":"https:\/\/cabellonews.com\/#\/schema\/person\/7afe73bafa6cc5a24fd4c67dfd4379d8","name":"cabellonews.com","image":{"@type":"ImageObject","inLanguage":"en-US","@id":"https:\/\/cabellonews.com\/#\/schema\/person\/image\/","url":"https:\/\/secure.gravatar.com\/avatar\/8d6324fc2806389aad4cd38639618406?s=96&d=mm&r=g","contentUrl":"https:\/\/secure.gravatar.com\/avatar\/8d6324fc2806389aad4cd38639618406?s=96&d=mm&r=g","caption":"cabellonews.com"},"sameAs":["http:\/\/cabellonews.com"],"url":"https:\/\/cabellonews.com\/?author=1"}]}},"_links":{"self":[{"href":"https:\/\/cabellonews.com\/index.php?rest_route=\/wp\/v2\/posts\/1420"}],"collection":[{"href":"https:\/\/cabellonews.com\/index.php?rest_route=\/wp\/v2\/posts"}],"about":[{"href":"https:\/\/cabellonews.com\/index.php?rest_route=\/wp\/v2\/types\/post"}],"author":[{"embeddable":true,"href":"https:\/\/cabellonews.com\/index.php?rest_route=\/wp\/v2\/users\/1"}],"replies":[{"embeddable":true,"href":"https:\/\/cabellonews.com\/index.php?rest_route=%2Fwp%2Fv2%2Fcomments&post=1420"}],"version-history":[{"count":1,"href":"https:\/\/cabellonews.com\/index.php?rest_route=\/wp\/v2\/posts\/1420\/revisions"}],"predecessor-version":[{"id":1421,"href":"https:\/\/cabellonews.com\/index.php?rest_route=\/wp\/v2\/posts\/1420\/revisions\/1421"}],"wp:featuredmedia":[{"embeddable":true,"href":"https:\/\/cabellonews.com\/index.php?rest_route=\/wp\/v2\/media\/1416"}],"wp:attachment":[{"href":"https:\/\/cabellonews.com\/index.php?rest_route=%2Fwp%2Fv2%2Fmedia&parent=1420"}],"wp:term":[{"taxonomy":"category","embeddable":true,"href":"https:\/\/cabellonews.com\/index.php?rest_route=%2Fwp%2Fv2%2Fcategories&post=1420"},{"taxonomy":"post_tag","embeddable":true,"href":"https:\/\/cabellonews.com\/index.php?rest_route=%2Fwp%2Fv2%2Ftags&post=1420"}],"curies":[{"name":"wp","href":"https:\/\/api.w.org\/{rel}","templated":true}]}}