{"id":1373,"date":"2025-02-13T03:10:59","date_gmt":"2025-02-13T03:10:59","guid":{"rendered":"https:\/\/cabellonews.com\/?p=1373"},"modified":"2025-02-19T03:16:33","modified_gmt":"2025-02-19T03:16:33","slug":"1373","status":"publish","type":"post","link":"https:\/\/cabellonews.com\/?p=1373","title":{"rendered":""},"content":{"rendered":"\n<hr class=\"wp-block-separator has-alpha-channel-opacity\"\/>\n\n\n<figure class=\"wp-block-post-featured-image\"><img width=\"240\" height=\"172\" src=\"https:\/\/cabellonews.com\/wp-content\/uploads\/2025\/02\/a72ba76e-141b-4eef-b1a2-789e27fa4124-240x172.jpeg\" class=\"attachment-post-thumbnail size-post-thumbnail wp-post-image\" alt=\"\" decoding=\"async\" loading=\"lazy\" \/><\/figure>\n\n\n<p>COMUNICADO PRINCIPAL<\/p>\n\n\n\n<p><em>Promueve M\u00f3nica Villarreal Presencia Tur\u00edstica, Cultural y Econ\u00f3mica de Tampico en Mc Allen<\/em><\/p>\n\n\n\n<p><em>Acuerda con autoridades texanas mayor intercambio tur\u00edstico, conectividad a\u00e9rea; y desarrollo de programas bilaterales de desarrollo urbano<\/em><\/p>\n\n\n\n<p>La Presidenta municipal M\u00f3nica Villarreal Anaya, acompa\u00f1ada de su equipo de colaboradores sostuvo, este jueves, una importante reuni\u00f3n de trabajo con autoridades del Gobierno de Mc Allen, Texas donde se abordaron temas relacionados al intercambio tur\u00edstico, desarrollo urbano, conectividad a\u00e9rea y fortalecimiento de las relaciones bilaterales.<\/p>\n\n\n\n<p>El encuentro efectuado en la sede consular de M\u00e9xico en Mc Allen, tuvo como anfitriones al C\u00f3nsul titular, Froyl\u00e1n Yescas y al Vicec\u00f3nsul, Jes\u00fas Cano, quienes destacaron el desarrollo de la reuni\u00f3n, como punto clave para alcanzar mayor crecimiento y unidad entre ambas ciudades.<\/p>\n\n\n\n<p>En la mesa de trabajo acompa\u00f1aron a la alcaldesa porte\u00f1a, la titular de Turismo, Karime C\u00e1mara Cha\u00edn; la Directora de Desarrollo Econ\u00f3mico, Nora Izaguirre Acevedo; el Secretario de Obras P\u00fablicas, Rogelio Ontiveros Arredondo; y el Director de Relaciones Internacionales, Porfirio Ramos Ramiro; en tanto que la delegaci\u00f3n norteamericana estuvo integrada por el Jefe de los Puentes Internacionales de Mc Allen, Juan Olaguibel; la Directora de Relaciones Internacionales, Daniela Plata y la jefa del Centro de Convenciones Yahaira Flores.<\/p>\n\n\n\n<p>M\u00f3nica Villarreal subray\u00f3 que la reuni\u00f3n contribuy\u00f3 a generar mayor integraci\u00f3n tur\u00edstica entre Tampico y Mc Allen, ya que la ciudad texana tendr\u00e1 participaci\u00f3n en las Fiestas de Abril; y en el Festival de la Costa del Seno Mexicano; en tanto que una delegaci\u00f3n tampique\u00f1a formar\u00e1 parte del Festival de Arte, M\u00fasica y Cultura MXLAN; y en el Desfile Navide\u00f1o a celebrarse en el municipio norteamericano.<\/p>\n\n\n\n<p>&#8220;Tuvimos la fortuna de empatar agenda con funcionarios de la administraci\u00f3n de McAllen para tratar temas en com\u00fan como la participaci\u00f3n de Tampico en el festival de arte y cultura MXLAN donde vamos a poder traer de Tampico a emprendedores y efectuar una muestra cultural, gastron\u00f3mica y tur\u00edstica en esta zona del Valle de Texas; adem\u00e1s de la participaci\u00f3n cultural de McAllen en el Festival de la Costa del Seno Mexicano, as\u00ed como en las Fiestas de Abril. Ha sido sin duda, una reuni\u00f3n muy provechosa en la que establecimos acuerdos y fechas de acci\u00f3n&#8221;, expuso.<\/p>\n\n\n\n<p>La Presidenta municipal agreg\u00f3 que a fin de impulsar mayor turismo m\u00e9dico y gastron\u00f3mico se avanz\u00f3 en la negociaci\u00f3n con l\u00edneas a\u00e9reas para el establecimiento de la Ruta Tampico-Mc Allen, lo que dijo, contribuir\u00e1 a elevar el flujo de visitantes entre ambos destinos.<\/p>\n\n\n\n<p>Villarreal Anaya expres\u00f3, por \u00faltimo, que se decidi\u00f3 establecer, en breve, una reuni\u00f3n de vinculaci\u00f3n entre la Secretaria de Obras P\u00fablicas y su contraparte norteamericana, para definir el programa de trabajo en movilidad y desarrollo urbano; y agreg\u00f3 que para dar seguimiento a la capacitaci\u00f3n recibida por los bomberos de Tampico, se acord\u00f3 la visita del comandante de bomberos de Mc Allen y su equipo para seguir con este adiestramiento, ahora en Tampico.<\/p>\n\n\n\n<p>&#8220;Hoy damos testimonio de ese trabajo en conjunto, de poder promocionar a Tampico en muchos m\u00e1s puntos a nivel internacional; y no \u00fanicamente dentro de la Rep\u00fablica Mexicana; por lo que pronto esperamos grandes resultados de esta visita&#8221;, puntualiz\u00f3.<\/p>\n","protected":false},"excerpt":{"rendered":"<p>COMUNICADO PRINCIPAL Promueve M\u00f3nica Villarreal Presencia Tur\u00edstica, Cultural y Econ\u00f3mica de Tampico en Mc Allen Acuerda con autoridades texanas mayor intercambio tur\u00edstico, conectividad a\u00e9rea; y desarrollo de programas bilaterales de desarrollo urbano La Presidenta municipal M\u00f3nica Villarreal Anaya, acompa\u00f1ada de su equipo de colaboradores sostuvo, este jueves, una importante reuni\u00f3n de trabajo con autoridades del Gobierno de Mc Allen, Texas donde se abordaron temas relacionados al intercambio tur\u00edstico, desarrollo urbano, conectividad a\u00e9rea y fortalecimiento de las relaciones bilaterales. El encuentro efectuado en la sede consular de M\u00e9xico en Mc Allen,&hellip;<\/p>\n","protected":false},"author":1,"featured_media":1374,"comment_status":"open","ping_status":"open","sticky":false,"template":"","format":"standard","meta":[],"categories":[1],"tags":[],"gutentor_comment":0,"yoast_head":"<!-- This site is optimized with the Yoast SEO plugin v20.10 - https:\/\/yoast.com\/wordpress\/plugins\/seo\/ -->\n<title>- cabellonews.com<\/title>\n<meta name=\"robots\" content=\"index, follow, max-snippet:-1, max-image-preview:large, max-video-preview:-1\" \/>\n<link rel=\"canonical\" href=\"https:\/\/cabellonews.com\/?p=1373\" \/>\n<meta property=\"og:locale\" content=\"en_US\" \/>\n<meta property=\"og:type\" content=\"article\" \/>\n<meta property=\"og:title\" content=\"- cabellonews.com\" \/>\n<meta property=\"og:description\" content=\"COMUNICADO PRINCIPAL Promueve M\u00f3nica Villarreal Presencia Tur\u00edstica, Cultural y Econ\u00f3mica de Tampico en Mc Allen Acuerda con autoridades texanas mayor intercambio tur\u00edstico, conectividad a\u00e9rea; y desarrollo de programas bilaterales de desarrollo urbano La Presidenta municipal M\u00f3nica Villarreal Anaya, acompa\u00f1ada de su equipo de colaboradores sostuvo, este jueves, una importante reuni\u00f3n de trabajo con autoridades del Gobierno de Mc Allen, Texas donde se abordaron temas relacionados al intercambio tur\u00edstico, desarrollo urbano, conectividad a\u00e9rea y fortalecimiento de las relaciones bilaterales. El encuentro efectuado en la sede consular de M\u00e9xico en Mc Allen,&hellip;\" \/>\n<meta property=\"og:url\" content=\"https:\/\/cabellonews.com\/?p=1373\" \/>\n<meta property=\"og:site_name\" content=\"cabellonews.com\" \/>\n<meta property=\"article:published_time\" content=\"2025-02-13T03:10:59+00:00\" \/>\n<meta property=\"article:modified_time\" content=\"2025-02-19T03:16:33+00:00\" \/>\n<meta property=\"og:image\" content=\"http:\/\/cabellonews.com\/wp-content\/uploads\/2025\/02\/a72ba76e-141b-4eef-b1a2-789e27fa4124-scaled.jpeg\" \/>\n\t<meta property=\"og:image:width\" content=\"2560\" \/>\n\t<meta property=\"og:image:height\" content=\"1706\" \/>\n\t<meta property=\"og:image:type\" content=\"image\/jpeg\" \/>\n<meta name=\"author\" content=\"cabellonews.com\" \/>\n<meta name=\"twitter:card\" content=\"summary_large_image\" \/>\n<meta name=\"twitter:label1\" content=\"Written by\" \/>\n\t<meta name=\"twitter:data1\" content=\"cabellonews.com\" \/>\n\t<meta name=\"twitter:label2\" content=\"Est. reading time\" \/>\n\t<meta name=\"twitter:data2\" content=\"3 minutes\" \/>\n<script type=\"application\/ld+json\" class=\"yoast-schema-graph\">{\"@context\":\"https:\/\/schema.org\",\"@graph\":[{\"@type\":\"WebPage\",\"@id\":\"https:\/\/cabellonews.com\/?p=1373\",\"url\":\"https:\/\/cabellonews.com\/?p=1373\",\"name\":\"- cabellonews.com\",\"isPartOf\":{\"@id\":\"https:\/\/cabellonews.com\/#website\"},\"datePublished\":\"2025-02-13T03:10:59+00:00\",\"dateModified\":\"2025-02-19T03:16:33+00:00\",\"author\":{\"@id\":\"https:\/\/cabellonews.com\/#\/schema\/person\/7afe73bafa6cc5a24fd4c67dfd4379d8\"},\"inLanguage\":\"en-US\",\"potentialAction\":[{\"@type\":\"ReadAction\",\"target\":[\"https:\/\/cabellonews.com\/?p=1373\"]}]},{\"@type\":\"WebSite\",\"@id\":\"https:\/\/cabellonews.com\/#website\",\"url\":\"https:\/\/cabellonews.com\/\",\"name\":\"cabellonews.com\",\"description\":\"Con Cobertura En Tamaulipas Y norte de Veracruz\",\"potentialAction\":[{\"@type\":\"SearchAction\",\"target\":{\"@type\":\"EntryPoint\",\"urlTemplate\":\"https:\/\/cabellonews.com\/?s={search_term_string}\"},\"query-input\":\"required name=search_term_string\"}],\"inLanguage\":\"en-US\"},{\"@type\":\"Person\",\"@id\":\"https:\/\/cabellonews.com\/#\/schema\/person\/7afe73bafa6cc5a24fd4c67dfd4379d8\",\"name\":\"cabellonews.com\",\"image\":{\"@type\":\"ImageObject\",\"inLanguage\":\"en-US\",\"@id\":\"https:\/\/cabellonews.com\/#\/schema\/person\/image\/\",\"url\":\"https:\/\/secure.gravatar.com\/avatar\/8d6324fc2806389aad4cd38639618406?s=96&d=mm&r=g\",\"contentUrl\":\"https:\/\/secure.gravatar.com\/avatar\/8d6324fc2806389aad4cd38639618406?s=96&d=mm&r=g\",\"caption\":\"cabellonews.com\"},\"sameAs\":[\"http:\/\/cabellonews.com\"],\"url\":\"https:\/\/cabellonews.com\/?author=1\"}]}<\/script>\n<!-- \/ Yoast SEO plugin. -->","yoast_head_json":{"title":"- cabellonews.com","robots":{"index":"index","follow":"follow","max-snippet":"max-snippet:-1","max-image-preview":"max-image-preview:large","max-video-preview":"max-video-preview:-1"},"canonical":"https:\/\/cabellonews.com\/?p=1373","og_locale":"en_US","og_type":"article","og_title":"- cabellonews.com","og_description":"COMUNICADO PRINCIPAL Promueve M\u00f3nica Villarreal Presencia Tur\u00edstica, Cultural y Econ\u00f3mica de Tampico en Mc Allen Acuerda con autoridades texanas mayor intercambio tur\u00edstico, conectividad a\u00e9rea; y desarrollo de programas bilaterales de desarrollo urbano La Presidenta municipal M\u00f3nica Villarreal Anaya, acompa\u00f1ada de su equipo de colaboradores sostuvo, este jueves, una importante reuni\u00f3n de trabajo con autoridades del Gobierno de Mc Allen, Texas donde se abordaron temas relacionados al intercambio tur\u00edstico, desarrollo urbano, conectividad a\u00e9rea y fortalecimiento de las relaciones bilaterales. El encuentro efectuado en la sede consular de M\u00e9xico en Mc Allen,&hellip;","og_url":"https:\/\/cabellonews.com\/?p=1373","og_site_name":"cabellonews.com","article_published_time":"2025-02-13T03:10:59+00:00","article_modified_time":"2025-02-19T03:16:33+00:00","og_image":[{"width":2560,"height":1706,"url":"http:\/\/cabellonews.com\/wp-content\/uploads\/2025\/02\/a72ba76e-141b-4eef-b1a2-789e27fa4124-scaled.jpeg","type":"image\/jpeg"}],"author":"cabellonews.com","twitter_card":"summary_large_image","twitter_misc":{"Written by":"cabellonews.com","Est. reading time":"3 minutes"},"schema":{"@context":"https:\/\/schema.org","@graph":[{"@type":"WebPage","@id":"https:\/\/cabellonews.com\/?p=1373","url":"https:\/\/cabellonews.com\/?p=1373","name":"- cabellonews.com","isPartOf":{"@id":"https:\/\/cabellonews.com\/#website"},"datePublished":"2025-02-13T03:10:59+00:00","dateModified":"2025-02-19T03:16:33+00:00","author":{"@id":"https:\/\/cabellonews.com\/#\/schema\/person\/7afe73bafa6cc5a24fd4c67dfd4379d8"},"inLanguage":"en-US","potentialAction":[{"@type":"ReadAction","target":["https:\/\/cabellonews.com\/?p=1373"]}]},{"@type":"WebSite","@id":"https:\/\/cabellonews.com\/#website","url":"https:\/\/cabellonews.com\/","name":"cabellonews.com","description":"Con Cobertura En Tamaulipas Y norte de Veracruz","potentialAction":[{"@type":"SearchAction","target":{"@type":"EntryPoint","urlTemplate":"https:\/\/cabellonews.com\/?s={search_term_string}"},"query-input":"required name=search_term_string"}],"inLanguage":"en-US"},{"@type":"Person","@id":"https:\/\/cabellonews.com\/#\/schema\/person\/7afe73bafa6cc5a24fd4c67dfd4379d8","name":"cabellonews.com","image":{"@type":"ImageObject","inLanguage":"en-US","@id":"https:\/\/cabellonews.com\/#\/schema\/person\/image\/","url":"https:\/\/secure.gravatar.com\/avatar\/8d6324fc2806389aad4cd38639618406?s=96&d=mm&r=g","contentUrl":"https:\/\/secure.gravatar.com\/avatar\/8d6324fc2806389aad4cd38639618406?s=96&d=mm&r=g","caption":"cabellonews.com"},"sameAs":["http:\/\/cabellonews.com"],"url":"https:\/\/cabellonews.com\/?author=1"}]}},"_links":{"self":[{"href":"https:\/\/cabellonews.com\/index.php?rest_route=\/wp\/v2\/posts\/1373"}],"collection":[{"href":"https:\/\/cabellonews.com\/index.php?rest_route=\/wp\/v2\/posts"}],"about":[{"href":"https:\/\/cabellonews.com\/index.php?rest_route=\/wp\/v2\/types\/post"}],"author":[{"embeddable":true,"href":"https:\/\/cabellonews.com\/index.php?rest_route=\/wp\/v2\/users\/1"}],"replies":[{"embeddable":true,"href":"https:\/\/cabellonews.com\/index.php?rest_route=%2Fwp%2Fv2%2Fcomments&post=1373"}],"version-history":[{"count":1,"href":"https:\/\/cabellonews.com\/index.php?rest_route=\/wp\/v2\/posts\/1373\/revisions"}],"predecessor-version":[{"id":1375,"href":"https:\/\/cabellonews.com\/index.php?rest_route=\/wp\/v2\/posts\/1373\/revisions\/1375"}],"wp:featuredmedia":[{"embeddable":true,"href":"https:\/\/cabellonews.com\/index.php?rest_route=\/wp\/v2\/media\/1374"}],"wp:attachment":[{"href":"https:\/\/cabellonews.com\/index.php?rest_route=%2Fwp%2Fv2%2Fmedia&parent=1373"}],"wp:term":[{"taxonomy":"category","embeddable":true,"href":"https:\/\/cabellonews.com\/index.php?rest_route=%2Fwp%2Fv2%2Fcategories&post=1373"},{"taxonomy":"post_tag","embeddable":true,"href":"https:\/\/cabellonews.com\/index.php?rest_route=%2Fwp%2Fv2%2Ftags&post=1373"}],"curies":[{"name":"wp","href":"https:\/\/api.w.org\/{rel}","templated":true}]}}