{"id":1358,"date":"2025-02-09T03:01:13","date_gmt":"2025-02-09T03:01:13","guid":{"rendered":"https:\/\/cabellonews.com\/?p=1358"},"modified":"2025-02-19T03:03:30","modified_gmt":"2025-02-19T03:03:30","slug":"promueve-monica-villarreal-programas-de-proteccion-ambiental","status":"publish","type":"post","link":"https:\/\/cabellonews.com\/?p=1358","title":{"rendered":"Promueve M\u00f3nica Villarreal Programas de Protecci\u00f3n Ambiental"},"content":{"rendered":"\n<p><em>Pone en marcha programa de recolecci\u00f3n de aceite dom\u00e9stico usado<\/em><\/p>\n\n\n<figure class=\"wp-block-post-featured-image\"><img width=\"240\" height=\"172\" src=\"https:\/\/cabellonews.com\/wp-content\/uploads\/2025\/02\/IMG_6108-240x172.jpeg\" class=\"attachment-post-thumbnail size-post-thumbnail wp-post-image\" alt=\"\" decoding=\"async\" loading=\"lazy\" \/><\/figure>\n\n\n<p>Con el firme compromiso de fomentar programas permanentes de protecci\u00f3n a los recursos naturales, el Ayuntamiento de Tampico a trav\u00e9s de la Direcci\u00f3n de Ecolog\u00eda, puso en marcha la campa\u00f1a de recolecci\u00f3n de aceite vegetal usado, una estrategia clave para la conservaci\u00f3n del medio ambiente.<\/p>\n\n\n\n<p>La titular de la dependencia, Yahaira Cruz Aguilar, se\u00f1al\u00f3 que por indicaciones de la Presidenta municipal M\u00f3nica Villarreal Anaya, se dio inicio a esta iniciativa que busca reducir los impactos nocivos del contacto del aceite con el agua o los mantos fre\u00e1ticos; adem\u00e1s de fortalecer la cultura del reciclaje responsable entre la poblaci\u00f3n tampique\u00f1a y sur tamaulipeca.<\/p>\n\n\n\n<p>\u201cEmpezamos con este programa que tiene como objetivo recolectar todo el aceite vegetal usado para evitar que este siga contaminando nuestro sistema. Es importante recordar que tan solo un litro de aceite es capaz de contaminar hasta 1,000 litros de agua, afectando gravemente nuestros ecosistemas\u201d, expres\u00f3.<\/p>\n\n\n\n<p>Cruz Aguilar explic\u00f3 que para facilitar la recolecci\u00f3n de este residuo, se han establecido centros de acopio en puntos estrat\u00e9gicos de la ciudad, donde la poblaci\u00f3n podr\u00e1 llevar su aceite de cocina usado, en garrafas debidamente selladas.<\/p>\n\n\n\n<p>Inform\u00f3 que los centros estar\u00e1n disponibles a partir de esta semana en el Mercado Municipal de Tampico donde habr\u00e1 dos puntos de acopio; as\u00ed como en la Delegaciones municipales de las zonas Norte y Occidente; y uno m\u00e1s en el Palacio Municipal.<\/p>\n\n\n\n<p>La Directora de Ecolog\u00eda agreg\u00f3 que a trav\u00e9s de las redes sociales de la dependencia y del gobierno municipal se presentan las instrucciones precisas sobre la manera correcta de recolectar el aceite en los hogares y negocios, garantizando su disposici\u00f3n adecuada y segura.<\/p>\n\n\n\n<p>A\u00f1adi\u00f3 que esta acci\u00f3n no solo contribuye a reducir la contaminaci\u00f3n del agua, sino que tambi\u00e9n permite dar un segundo uso al aceite recolectado, aline\u00e1ndose al compromiso de la alcaldesa M\u00f3nica Villarreal de fortalecer la cultura ecol\u00f3gica y la responsabilidad ambiental.<\/p>\n\n\n\n<p>Finalmente la titular de Ecolog\u00eda, invit\u00f3 a la poblaci\u00f3n a sumarse a esta campa\u00f1a y a compartir esta iniciativa en sus comunidades.<\/p>\n\n\n\n<p>\u201cJuntos podemos hacer de Tampico una ciudad m\u00e1s sustentable y participativa en el cuidado del medio ambiente\u201d, puntualiz\u00f3.<\/p>\n","protected":false},"excerpt":{"rendered":"<p>Pone en marcha programa de recolecci\u00f3n de aceite dom\u00e9stico usado Con el firme compromiso de fomentar programas permanentes de protecci\u00f3n a los recursos naturales, el Ayuntamiento de Tampico a trav\u00e9s de la Direcci\u00f3n de Ecolog\u00eda, puso en marcha la campa\u00f1a de recolecci\u00f3n de aceite vegetal usado, una estrategia clave para la conservaci\u00f3n del medio ambiente. La titular de la dependencia, Yahaira Cruz Aguilar, se\u00f1al\u00f3 que por indicaciones de la Presidenta municipal M\u00f3nica Villarreal Anaya, se dio inicio a esta iniciativa que busca reducir los impactos nocivos del contacto del aceite&hellip;<\/p>\n","protected":false},"author":1,"featured_media":1359,"comment_status":"open","ping_status":"open","sticky":false,"template":"","format":"standard","meta":[],"categories":[1],"tags":[],"gutentor_comment":0,"yoast_head":"<!-- This site is optimized with the Yoast SEO plugin v20.10 - https:\/\/yoast.com\/wordpress\/plugins\/seo\/ -->\n<title>Promueve M\u00f3nica Villarreal Programas de Protecci\u00f3n Ambiental - cabellonews.com<\/title>\n<meta name=\"robots\" content=\"index, follow, max-snippet:-1, max-image-preview:large, max-video-preview:-1\" \/>\n<link rel=\"canonical\" href=\"https:\/\/cabellonews.com\/?p=1358\" \/>\n<meta property=\"og:locale\" content=\"en_US\" \/>\n<meta property=\"og:type\" content=\"article\" \/>\n<meta property=\"og:title\" content=\"Promueve M\u00f3nica Villarreal Programas de Protecci\u00f3n Ambiental - cabellonews.com\" \/>\n<meta property=\"og:description\" content=\"Pone en marcha programa de recolecci\u00f3n de aceite dom\u00e9stico usado Con el firme compromiso de fomentar programas permanentes de protecci\u00f3n a los recursos naturales, el Ayuntamiento de Tampico a trav\u00e9s de la Direcci\u00f3n de Ecolog\u00eda, puso en marcha la campa\u00f1a de recolecci\u00f3n de aceite vegetal usado, una estrategia clave para la conservaci\u00f3n del medio ambiente. La titular de la dependencia, Yahaira Cruz Aguilar, se\u00f1al\u00f3 que por indicaciones de la Presidenta municipal M\u00f3nica Villarreal Anaya, se dio inicio a esta iniciativa que busca reducir los impactos nocivos del contacto del aceite&hellip;\" \/>\n<meta property=\"og:url\" content=\"https:\/\/cabellonews.com\/?p=1358\" \/>\n<meta property=\"og:site_name\" content=\"cabellonews.com\" \/>\n<meta property=\"article:published_time\" content=\"2025-02-09T03:01:13+00:00\" \/>\n<meta property=\"article:modified_time\" content=\"2025-02-19T03:03:30+00:00\" \/>\n<meta property=\"og:image\" content=\"http:\/\/cabellonews.com\/wp-content\/uploads\/2025\/02\/IMG_6108.jpeg\" \/>\n\t<meta property=\"og:image:width\" content=\"2048\" \/>\n\t<meta property=\"og:image:height\" content=\"1363\" \/>\n\t<meta property=\"og:image:type\" content=\"image\/jpeg\" \/>\n<meta name=\"author\" content=\"cabellonews.com\" \/>\n<meta name=\"twitter:card\" content=\"summary_large_image\" \/>\n<meta name=\"twitter:label1\" content=\"Written by\" \/>\n\t<meta name=\"twitter:data1\" content=\"cabellonews.com\" \/>\n\t<meta name=\"twitter:label2\" content=\"Est. reading time\" \/>\n\t<meta name=\"twitter:data2\" content=\"2 minutes\" \/>\n<script type=\"application\/ld+json\" class=\"yoast-schema-graph\">{\"@context\":\"https:\/\/schema.org\",\"@graph\":[{\"@type\":\"WebPage\",\"@id\":\"https:\/\/cabellonews.com\/?p=1358\",\"url\":\"https:\/\/cabellonews.com\/?p=1358\",\"name\":\"Promueve M\u00f3nica Villarreal Programas de Protecci\u00f3n Ambiental - cabellonews.com\",\"isPartOf\":{\"@id\":\"https:\/\/cabellonews.com\/#website\"},\"datePublished\":\"2025-02-09T03:01:13+00:00\",\"dateModified\":\"2025-02-19T03:03:30+00:00\",\"author\":{\"@id\":\"https:\/\/cabellonews.com\/#\/schema\/person\/7afe73bafa6cc5a24fd4c67dfd4379d8\"},\"breadcrumb\":{\"@id\":\"https:\/\/cabellonews.com\/?p=1358#breadcrumb\"},\"inLanguage\":\"en-US\",\"potentialAction\":[{\"@type\":\"ReadAction\",\"target\":[\"https:\/\/cabellonews.com\/?p=1358\"]}]},{\"@type\":\"BreadcrumbList\",\"@id\":\"https:\/\/cabellonews.com\/?p=1358#breadcrumb\",\"itemListElement\":[{\"@type\":\"ListItem\",\"position\":1,\"name\":\"Inicio\",\"item\":\"https:\/\/cabellonews.com\/\"},{\"@type\":\"ListItem\",\"position\":2,\"name\":\"Promueve M\u00f3nica Villarreal Programas de Protecci\u00f3n Ambiental\"}]},{\"@type\":\"WebSite\",\"@id\":\"https:\/\/cabellonews.com\/#website\",\"url\":\"https:\/\/cabellonews.com\/\",\"name\":\"cabellonews.com\",\"description\":\"Con Cobertura En Tamaulipas Y norte de Veracruz\",\"potentialAction\":[{\"@type\":\"SearchAction\",\"target\":{\"@type\":\"EntryPoint\",\"urlTemplate\":\"https:\/\/cabellonews.com\/?s={search_term_string}\"},\"query-input\":\"required name=search_term_string\"}],\"inLanguage\":\"en-US\"},{\"@type\":\"Person\",\"@id\":\"https:\/\/cabellonews.com\/#\/schema\/person\/7afe73bafa6cc5a24fd4c67dfd4379d8\",\"name\":\"cabellonews.com\",\"image\":{\"@type\":\"ImageObject\",\"inLanguage\":\"en-US\",\"@id\":\"https:\/\/cabellonews.com\/#\/schema\/person\/image\/\",\"url\":\"https:\/\/secure.gravatar.com\/avatar\/8d6324fc2806389aad4cd38639618406?s=96&d=mm&r=g\",\"contentUrl\":\"https:\/\/secure.gravatar.com\/avatar\/8d6324fc2806389aad4cd38639618406?s=96&d=mm&r=g\",\"caption\":\"cabellonews.com\"},\"sameAs\":[\"http:\/\/cabellonews.com\"],\"url\":\"https:\/\/cabellonews.com\/?author=1\"}]}<\/script>\n<!-- \/ Yoast SEO plugin. -->","yoast_head_json":{"title":"Promueve M\u00f3nica Villarreal Programas de Protecci\u00f3n Ambiental - cabellonews.com","robots":{"index":"index","follow":"follow","max-snippet":"max-snippet:-1","max-image-preview":"max-image-preview:large","max-video-preview":"max-video-preview:-1"},"canonical":"https:\/\/cabellonews.com\/?p=1358","og_locale":"en_US","og_type":"article","og_title":"Promueve M\u00f3nica Villarreal Programas de Protecci\u00f3n Ambiental - cabellonews.com","og_description":"Pone en marcha programa de recolecci\u00f3n de aceite dom\u00e9stico usado Con el firme compromiso de fomentar programas permanentes de protecci\u00f3n a los recursos naturales, el Ayuntamiento de Tampico a trav\u00e9s de la Direcci\u00f3n de Ecolog\u00eda, puso en marcha la campa\u00f1a de recolecci\u00f3n de aceite vegetal usado, una estrategia clave para la conservaci\u00f3n del medio ambiente. La titular de la dependencia, Yahaira Cruz Aguilar, se\u00f1al\u00f3 que por indicaciones de la Presidenta municipal M\u00f3nica Villarreal Anaya, se dio inicio a esta iniciativa que busca reducir los impactos nocivos del contacto del aceite&hellip;","og_url":"https:\/\/cabellonews.com\/?p=1358","og_site_name":"cabellonews.com","article_published_time":"2025-02-09T03:01:13+00:00","article_modified_time":"2025-02-19T03:03:30+00:00","og_image":[{"width":2048,"height":1363,"url":"http:\/\/cabellonews.com\/wp-content\/uploads\/2025\/02\/IMG_6108.jpeg","type":"image\/jpeg"}],"author":"cabellonews.com","twitter_card":"summary_large_image","twitter_misc":{"Written by":"cabellonews.com","Est. reading time":"2 minutes"},"schema":{"@context":"https:\/\/schema.org","@graph":[{"@type":"WebPage","@id":"https:\/\/cabellonews.com\/?p=1358","url":"https:\/\/cabellonews.com\/?p=1358","name":"Promueve M\u00f3nica Villarreal Programas de Protecci\u00f3n Ambiental - cabellonews.com","isPartOf":{"@id":"https:\/\/cabellonews.com\/#website"},"datePublished":"2025-02-09T03:01:13+00:00","dateModified":"2025-02-19T03:03:30+00:00","author":{"@id":"https:\/\/cabellonews.com\/#\/schema\/person\/7afe73bafa6cc5a24fd4c67dfd4379d8"},"breadcrumb":{"@id":"https:\/\/cabellonews.com\/?p=1358#breadcrumb"},"inLanguage":"en-US","potentialAction":[{"@type":"ReadAction","target":["https:\/\/cabellonews.com\/?p=1358"]}]},{"@type":"BreadcrumbList","@id":"https:\/\/cabellonews.com\/?p=1358#breadcrumb","itemListElement":[{"@type":"ListItem","position":1,"name":"Inicio","item":"https:\/\/cabellonews.com\/"},{"@type":"ListItem","position":2,"name":"Promueve M\u00f3nica Villarreal Programas de Protecci\u00f3n Ambiental"}]},{"@type":"WebSite","@id":"https:\/\/cabellonews.com\/#website","url":"https:\/\/cabellonews.com\/","name":"cabellonews.com","description":"Con Cobertura En Tamaulipas Y norte de Veracruz","potentialAction":[{"@type":"SearchAction","target":{"@type":"EntryPoint","urlTemplate":"https:\/\/cabellonews.com\/?s={search_term_string}"},"query-input":"required name=search_term_string"}],"inLanguage":"en-US"},{"@type":"Person","@id":"https:\/\/cabellonews.com\/#\/schema\/person\/7afe73bafa6cc5a24fd4c67dfd4379d8","name":"cabellonews.com","image":{"@type":"ImageObject","inLanguage":"en-US","@id":"https:\/\/cabellonews.com\/#\/schema\/person\/image\/","url":"https:\/\/secure.gravatar.com\/avatar\/8d6324fc2806389aad4cd38639618406?s=96&d=mm&r=g","contentUrl":"https:\/\/secure.gravatar.com\/avatar\/8d6324fc2806389aad4cd38639618406?s=96&d=mm&r=g","caption":"cabellonews.com"},"sameAs":["http:\/\/cabellonews.com"],"url":"https:\/\/cabellonews.com\/?author=1"}]}},"_links":{"self":[{"href":"https:\/\/cabellonews.com\/index.php?rest_route=\/wp\/v2\/posts\/1358"}],"collection":[{"href":"https:\/\/cabellonews.com\/index.php?rest_route=\/wp\/v2\/posts"}],"about":[{"href":"https:\/\/cabellonews.com\/index.php?rest_route=\/wp\/v2\/types\/post"}],"author":[{"embeddable":true,"href":"https:\/\/cabellonews.com\/index.php?rest_route=\/wp\/v2\/users\/1"}],"replies":[{"embeddable":true,"href":"https:\/\/cabellonews.com\/index.php?rest_route=%2Fwp%2Fv2%2Fcomments&post=1358"}],"version-history":[{"count":1,"href":"https:\/\/cabellonews.com\/index.php?rest_route=\/wp\/v2\/posts\/1358\/revisions"}],"predecessor-version":[{"id":1360,"href":"https:\/\/cabellonews.com\/index.php?rest_route=\/wp\/v2\/posts\/1358\/revisions\/1360"}],"wp:featuredmedia":[{"embeddable":true,"href":"https:\/\/cabellonews.com\/index.php?rest_route=\/wp\/v2\/media\/1359"}],"wp:attachment":[{"href":"https:\/\/cabellonews.com\/index.php?rest_route=%2Fwp%2Fv2%2Fmedia&parent=1358"}],"wp:term":[{"taxonomy":"category","embeddable":true,"href":"https:\/\/cabellonews.com\/index.php?rest_route=%2Fwp%2Fv2%2Fcategories&post=1358"},{"taxonomy":"post_tag","embeddable":true,"href":"https:\/\/cabellonews.com\/index.php?rest_route=%2Fwp%2Fv2%2Ftags&post=1358"}],"curies":[{"name":"wp","href":"https:\/\/api.w.org\/{rel}","templated":true}]}}