{"id":1349,"date":"2025-02-02T02:56:42","date_gmt":"2025-02-02T02:56:42","guid":{"rendered":"https:\/\/cabellonews.com\/?p=1349"},"modified":"2025-02-19T02:58:42","modified_gmt":"2025-02-19T02:58:42","slug":"se-armo-la-tamaliza-en-tampico","status":"publish","type":"post","link":"https:\/\/cabellonews.com\/?p=1349","title":{"rendered":"Se arm\u00f3 la &#8220;Tamaliza&#8221; en #Tampico"},"content":{"rendered":"\n<p>En el marco de la celebraci\u00f3n del D\u00eda de la Candelaria, el Ayuntamiento de Tampico a trav\u00e9s de la Secretar\u00eda de Cultura llev\u00f3 a cabo la tradicional Tamaliza en la plaza &#8220;Hijas de Tampico&#8221; de la zona centro donde se distribuyeron cientos de tamales entre la poblaci\u00f3n, comerciantes y visitantes que en ese momento se encontraban en el sitio.<\/p>\n\n\n<figure class=\"wp-block-post-featured-image\"><img width=\"240\" height=\"172\" src=\"https:\/\/cabellonews.com\/wp-content\/uploads\/2025\/02\/IMG_6105-240x172.jpeg\" class=\"attachment-post-thumbnail size-post-thumbnail wp-post-image\" alt=\"\" decoding=\"async\" loading=\"lazy\" \/><\/figure>\n\n\n<p>La Presidenta municipal M\u00f3nica Villarreal Anaya ha destacado que el fortalecimiento de las actividades culturales y recreativas contribuye a la consolidaci\u00f3n del tejido social y a la construcci\u00f3n de entornos de paz y desarrollo.<\/p>\n\n\n\n<p>La Tamaliza fue posible por la participaci\u00f3n de las Secretar\u00edas de Cultura, Bienestar Social, Atenci\u00f3n Ciudadana, y el Instituto de la Mujer; as\u00ed como comerciantes de la localidad y miembros del Cabildo.<\/p>\n","protected":false},"excerpt":{"rendered":"<p>En el marco de la celebraci\u00f3n del D\u00eda de la Candelaria, el Ayuntamiento de Tampico a trav\u00e9s de la Secretar\u00eda de Cultura llev\u00f3 a cabo la tradicional Tamaliza en la plaza &#8220;Hijas de Tampico&#8221; de la zona centro donde se distribuyeron cientos de tamales entre la poblaci\u00f3n, comerciantes y visitantes que en ese momento se encontraban en el sitio. La Presidenta municipal M\u00f3nica Villarreal Anaya ha destacado que el fortalecimiento de las actividades culturales y recreativas contribuye a la consolidaci\u00f3n del tejido social y a la construcci\u00f3n de entornos de&hellip;<\/p>\n","protected":false},"author":1,"featured_media":1350,"comment_status":"open","ping_status":"open","sticky":false,"template":"","format":"standard","meta":[],"categories":[1],"tags":[],"gutentor_comment":0,"yoast_head":"<!-- This site is optimized with the Yoast SEO plugin v20.10 - https:\/\/yoast.com\/wordpress\/plugins\/seo\/ -->\n<title>Se arm\u00f3 la &quot;Tamaliza&quot; en #Tampico - cabellonews.com<\/title>\n<meta name=\"robots\" content=\"index, follow, max-snippet:-1, max-image-preview:large, max-video-preview:-1\" \/>\n<link rel=\"canonical\" href=\"https:\/\/cabellonews.com\/?p=1349\" \/>\n<meta property=\"og:locale\" content=\"en_US\" \/>\n<meta property=\"og:type\" content=\"article\" \/>\n<meta property=\"og:title\" content=\"Se arm\u00f3 la &quot;Tamaliza&quot; en #Tampico - cabellonews.com\" \/>\n<meta property=\"og:description\" content=\"En el marco de la celebraci\u00f3n del D\u00eda de la Candelaria, el Ayuntamiento de Tampico a trav\u00e9s de la Secretar\u00eda de Cultura llev\u00f3 a cabo la tradicional Tamaliza en la plaza &#8220;Hijas de Tampico&#8221; de la zona centro donde se distribuyeron cientos de tamales entre la poblaci\u00f3n, comerciantes y visitantes que en ese momento se encontraban en el sitio. La Presidenta municipal M\u00f3nica Villarreal Anaya ha destacado que el fortalecimiento de las actividades culturales y recreativas contribuye a la consolidaci\u00f3n del tejido social y a la construcci\u00f3n de entornos de&hellip;\" \/>\n<meta property=\"og:url\" content=\"https:\/\/cabellonews.com\/?p=1349\" \/>\n<meta property=\"og:site_name\" content=\"cabellonews.com\" \/>\n<meta property=\"article:published_time\" content=\"2025-02-02T02:56:42+00:00\" \/>\n<meta property=\"article:modified_time\" content=\"2025-02-19T02:58:42+00:00\" \/>\n<meta property=\"og:image\" content=\"http:\/\/cabellonews.com\/wp-content\/uploads\/2025\/02\/IMG_6105.jpeg\" \/>\n\t<meta property=\"og:image:width\" content=\"1363\" \/>\n\t<meta property=\"og:image:height\" content=\"2048\" \/>\n\t<meta property=\"og:image:type\" content=\"image\/jpeg\" \/>\n<meta name=\"author\" content=\"cabellonews.com\" \/>\n<meta name=\"twitter:card\" content=\"summary_large_image\" \/>\n<meta name=\"twitter:label1\" content=\"Written by\" \/>\n\t<meta name=\"twitter:data1\" content=\"cabellonews.com\" \/>\n\t<meta name=\"twitter:label2\" content=\"Est. reading time\" \/>\n\t<meta name=\"twitter:data2\" content=\"1 minute\" \/>\n<script type=\"application\/ld+json\" class=\"yoast-schema-graph\">{\"@context\":\"https:\/\/schema.org\",\"@graph\":[{\"@type\":\"WebPage\",\"@id\":\"https:\/\/cabellonews.com\/?p=1349\",\"url\":\"https:\/\/cabellonews.com\/?p=1349\",\"name\":\"Se arm\u00f3 la \\\"Tamaliza\\\" en #Tampico - cabellonews.com\",\"isPartOf\":{\"@id\":\"https:\/\/cabellonews.com\/#website\"},\"datePublished\":\"2025-02-02T02:56:42+00:00\",\"dateModified\":\"2025-02-19T02:58:42+00:00\",\"author\":{\"@id\":\"https:\/\/cabellonews.com\/#\/schema\/person\/7afe73bafa6cc5a24fd4c67dfd4379d8\"},\"breadcrumb\":{\"@id\":\"https:\/\/cabellonews.com\/?p=1349#breadcrumb\"},\"inLanguage\":\"en-US\",\"potentialAction\":[{\"@type\":\"ReadAction\",\"target\":[\"https:\/\/cabellonews.com\/?p=1349\"]}]},{\"@type\":\"BreadcrumbList\",\"@id\":\"https:\/\/cabellonews.com\/?p=1349#breadcrumb\",\"itemListElement\":[{\"@type\":\"ListItem\",\"position\":1,\"name\":\"Inicio\",\"item\":\"https:\/\/cabellonews.com\/\"},{\"@type\":\"ListItem\",\"position\":2,\"name\":\"Se arm\u00f3 la &#8220;Tamaliza&#8221; en #Tampico\"}]},{\"@type\":\"WebSite\",\"@id\":\"https:\/\/cabellonews.com\/#website\",\"url\":\"https:\/\/cabellonews.com\/\",\"name\":\"cabellonews.com\",\"description\":\"Con Cobertura En Tamaulipas Y norte de Veracruz\",\"potentialAction\":[{\"@type\":\"SearchAction\",\"target\":{\"@type\":\"EntryPoint\",\"urlTemplate\":\"https:\/\/cabellonews.com\/?s={search_term_string}\"},\"query-input\":\"required name=search_term_string\"}],\"inLanguage\":\"en-US\"},{\"@type\":\"Person\",\"@id\":\"https:\/\/cabellonews.com\/#\/schema\/person\/7afe73bafa6cc5a24fd4c67dfd4379d8\",\"name\":\"cabellonews.com\",\"image\":{\"@type\":\"ImageObject\",\"inLanguage\":\"en-US\",\"@id\":\"https:\/\/cabellonews.com\/#\/schema\/person\/image\/\",\"url\":\"https:\/\/secure.gravatar.com\/avatar\/8d6324fc2806389aad4cd38639618406?s=96&d=mm&r=g\",\"contentUrl\":\"https:\/\/secure.gravatar.com\/avatar\/8d6324fc2806389aad4cd38639618406?s=96&d=mm&r=g\",\"caption\":\"cabellonews.com\"},\"sameAs\":[\"http:\/\/cabellonews.com\"],\"url\":\"https:\/\/cabellonews.com\/?author=1\"}]}<\/script>\n<!-- \/ Yoast SEO plugin. -->","yoast_head_json":{"title":"Se arm\u00f3 la \"Tamaliza\" en #Tampico - cabellonews.com","robots":{"index":"index","follow":"follow","max-snippet":"max-snippet:-1","max-image-preview":"max-image-preview:large","max-video-preview":"max-video-preview:-1"},"canonical":"https:\/\/cabellonews.com\/?p=1349","og_locale":"en_US","og_type":"article","og_title":"Se arm\u00f3 la \"Tamaliza\" en #Tampico - cabellonews.com","og_description":"En el marco de la celebraci\u00f3n del D\u00eda de la Candelaria, el Ayuntamiento de Tampico a trav\u00e9s de la Secretar\u00eda de Cultura llev\u00f3 a cabo la tradicional Tamaliza en la plaza &#8220;Hijas de Tampico&#8221; de la zona centro donde se distribuyeron cientos de tamales entre la poblaci\u00f3n, comerciantes y visitantes que en ese momento se encontraban en el sitio. La Presidenta municipal M\u00f3nica Villarreal Anaya ha destacado que el fortalecimiento de las actividades culturales y recreativas contribuye a la consolidaci\u00f3n del tejido social y a la construcci\u00f3n de entornos de&hellip;","og_url":"https:\/\/cabellonews.com\/?p=1349","og_site_name":"cabellonews.com","article_published_time":"2025-02-02T02:56:42+00:00","article_modified_time":"2025-02-19T02:58:42+00:00","og_image":[{"width":1363,"height":2048,"url":"http:\/\/cabellonews.com\/wp-content\/uploads\/2025\/02\/IMG_6105.jpeg","type":"image\/jpeg"}],"author":"cabellonews.com","twitter_card":"summary_large_image","twitter_misc":{"Written by":"cabellonews.com","Est. reading time":"1 minute"},"schema":{"@context":"https:\/\/schema.org","@graph":[{"@type":"WebPage","@id":"https:\/\/cabellonews.com\/?p=1349","url":"https:\/\/cabellonews.com\/?p=1349","name":"Se arm\u00f3 la \"Tamaliza\" en #Tampico - cabellonews.com","isPartOf":{"@id":"https:\/\/cabellonews.com\/#website"},"datePublished":"2025-02-02T02:56:42+00:00","dateModified":"2025-02-19T02:58:42+00:00","author":{"@id":"https:\/\/cabellonews.com\/#\/schema\/person\/7afe73bafa6cc5a24fd4c67dfd4379d8"},"breadcrumb":{"@id":"https:\/\/cabellonews.com\/?p=1349#breadcrumb"},"inLanguage":"en-US","potentialAction":[{"@type":"ReadAction","target":["https:\/\/cabellonews.com\/?p=1349"]}]},{"@type":"BreadcrumbList","@id":"https:\/\/cabellonews.com\/?p=1349#breadcrumb","itemListElement":[{"@type":"ListItem","position":1,"name":"Inicio","item":"https:\/\/cabellonews.com\/"},{"@type":"ListItem","position":2,"name":"Se arm\u00f3 la &#8220;Tamaliza&#8221; en #Tampico"}]},{"@type":"WebSite","@id":"https:\/\/cabellonews.com\/#website","url":"https:\/\/cabellonews.com\/","name":"cabellonews.com","description":"Con Cobertura En Tamaulipas Y norte de Veracruz","potentialAction":[{"@type":"SearchAction","target":{"@type":"EntryPoint","urlTemplate":"https:\/\/cabellonews.com\/?s={search_term_string}"},"query-input":"required name=search_term_string"}],"inLanguage":"en-US"},{"@type":"Person","@id":"https:\/\/cabellonews.com\/#\/schema\/person\/7afe73bafa6cc5a24fd4c67dfd4379d8","name":"cabellonews.com","image":{"@type":"ImageObject","inLanguage":"en-US","@id":"https:\/\/cabellonews.com\/#\/schema\/person\/image\/","url":"https:\/\/secure.gravatar.com\/avatar\/8d6324fc2806389aad4cd38639618406?s=96&d=mm&r=g","contentUrl":"https:\/\/secure.gravatar.com\/avatar\/8d6324fc2806389aad4cd38639618406?s=96&d=mm&r=g","caption":"cabellonews.com"},"sameAs":["http:\/\/cabellonews.com"],"url":"https:\/\/cabellonews.com\/?author=1"}]}},"_links":{"self":[{"href":"https:\/\/cabellonews.com\/index.php?rest_route=\/wp\/v2\/posts\/1349"}],"collection":[{"href":"https:\/\/cabellonews.com\/index.php?rest_route=\/wp\/v2\/posts"}],"about":[{"href":"https:\/\/cabellonews.com\/index.php?rest_route=\/wp\/v2\/types\/post"}],"author":[{"embeddable":true,"href":"https:\/\/cabellonews.com\/index.php?rest_route=\/wp\/v2\/users\/1"}],"replies":[{"embeddable":true,"href":"https:\/\/cabellonews.com\/index.php?rest_route=%2Fwp%2Fv2%2Fcomments&post=1349"}],"version-history":[{"count":1,"href":"https:\/\/cabellonews.com\/index.php?rest_route=\/wp\/v2\/posts\/1349\/revisions"}],"predecessor-version":[{"id":1351,"href":"https:\/\/cabellonews.com\/index.php?rest_route=\/wp\/v2\/posts\/1349\/revisions\/1351"}],"wp:featuredmedia":[{"embeddable":true,"href":"https:\/\/cabellonews.com\/index.php?rest_route=\/wp\/v2\/media\/1350"}],"wp:attachment":[{"href":"https:\/\/cabellonews.com\/index.php?rest_route=%2Fwp%2Fv2%2Fmedia&parent=1349"}],"wp:term":[{"taxonomy":"category","embeddable":true,"href":"https:\/\/cabellonews.com\/index.php?rest_route=%2Fwp%2Fv2%2Fcategories&post=1349"},{"taxonomy":"post_tag","embeddable":true,"href":"https:\/\/cabellonews.com\/index.php?rest_route=%2Fwp%2Fv2%2Ftags&post=1349"}],"curies":[{"name":"wp","href":"https:\/\/api.w.org\/{rel}","templated":true}]}}