{"id":1331,"date":"2025-01-08T21:02:38","date_gmt":"2025-01-08T21:02:38","guid":{"rendered":"https:\/\/cabellonews.com\/?p=1331"},"modified":"2025-01-08T21:02:39","modified_gmt":"2025-01-08T21:02:39","slug":"en-lo-que-va-del-ano-bomberos-tampico-ha-brindado-atencion-de-incendio-en-cuatro-contenedores-de-basura-exhortan-a-la-poblacion-en-evitar-quemar-los-desechos-en-este-tipo-de-recipientes","status":"publish","type":"post","link":"https:\/\/cabellonews.com\/?p=1331","title":{"rendered":"En lo que va del a\u00f1o bomberos Tampico ha brindado atenci\u00f3n de incendio en cuatro contenedores de basura , exhortan a la poblaci\u00f3n en evitar quemar los desechos en este tipo de recipientes"},"content":{"rendered":"\n<figure class=\"wp-block-video\"><video controls src=\"blob:https:\/\/cabellonews.com\/c47ca232-4530-490c-8bdd-55aa5bffc154\"><\/video><\/figure>\n","protected":false},"excerpt":{"rendered":"","protected":false},"author":1,"featured_media":0,"comment_status":"open","ping_status":"open","sticky":false,"template":"","format":"standard","meta":[],"categories":[1],"tags":[],"gutentor_comment":0,"yoast_head":"<!-- This site is optimized with the Yoast SEO plugin v20.10 - https:\/\/yoast.com\/wordpress\/plugins\/seo\/ -->\n<title>En lo que va del a\u00f1o bomberos Tampico ha brindado atenci\u00f3n de incendio en cuatro contenedores de basura , exhortan a la poblaci\u00f3n en evitar quemar los desechos en este tipo de recipientes - cabellonews.com<\/title>\n<meta name=\"robots\" content=\"index, follow, max-snippet:-1, max-image-preview:large, max-video-preview:-1\" \/>\n<link rel=\"canonical\" href=\"https:\/\/cabellonews.com\/?p=1331\" \/>\n<meta property=\"og:locale\" content=\"en_US\" \/>\n<meta property=\"og:type\" content=\"article\" \/>\n<meta property=\"og:title\" content=\"En lo que va del a\u00f1o bomberos Tampico ha brindado atenci\u00f3n de incendio en cuatro contenedores de basura , exhortan a la poblaci\u00f3n en evitar quemar los desechos en este tipo de recipientes - cabellonews.com\" \/>\n<meta property=\"og:url\" content=\"https:\/\/cabellonews.com\/?p=1331\" \/>\n<meta property=\"og:site_name\" content=\"cabellonews.com\" \/>\n<meta property=\"article:published_time\" content=\"2025-01-08T21:02:38+00:00\" \/>\n<meta property=\"article:modified_time\" content=\"2025-01-08T21:02:39+00:00\" \/>\n<meta name=\"author\" content=\"cabellonews.com\" \/>\n<meta name=\"twitter:card\" content=\"summary_large_image\" \/>\n<meta name=\"twitter:label1\" content=\"Written by\" \/>\n\t<meta name=\"twitter:data1\" content=\"cabellonews.com\" \/>\n<script type=\"application\/ld+json\" class=\"yoast-schema-graph\">{\"@context\":\"https:\/\/schema.org\",\"@graph\":[{\"@type\":\"WebPage\",\"@id\":\"https:\/\/cabellonews.com\/?p=1331\",\"url\":\"https:\/\/cabellonews.com\/?p=1331\",\"name\":\"En lo que va del a\u00f1o bomberos Tampico ha brindado atenci\u00f3n de incendio en cuatro contenedores de basura , exhortan a la poblaci\u00f3n en evitar quemar los desechos en este tipo de recipientes - cabellonews.com\",\"isPartOf\":{\"@id\":\"https:\/\/cabellonews.com\/#website\"},\"datePublished\":\"2025-01-08T21:02:38+00:00\",\"dateModified\":\"2025-01-08T21:02:39+00:00\",\"author\":{\"@id\":\"https:\/\/cabellonews.com\/#\/schema\/person\/7afe73bafa6cc5a24fd4c67dfd4379d8\"},\"breadcrumb\":{\"@id\":\"https:\/\/cabellonews.com\/?p=1331#breadcrumb\"},\"inLanguage\":\"en-US\",\"potentialAction\":[{\"@type\":\"ReadAction\",\"target\":[\"https:\/\/cabellonews.com\/?p=1331\"]}]},{\"@type\":\"BreadcrumbList\",\"@id\":\"https:\/\/cabellonews.com\/?p=1331#breadcrumb\",\"itemListElement\":[{\"@type\":\"ListItem\",\"position\":1,\"name\":\"Inicio\",\"item\":\"https:\/\/cabellonews.com\/\"},{\"@type\":\"ListItem\",\"position\":2,\"name\":\"En lo que va del a\u00f1o bomberos Tampico ha brindado atenci\u00f3n de incendio en cuatro contenedores de basura , exhortan a la poblaci\u00f3n en evitar quemar los desechos en este tipo de recipientes\"}]},{\"@type\":\"WebSite\",\"@id\":\"https:\/\/cabellonews.com\/#website\",\"url\":\"https:\/\/cabellonews.com\/\",\"name\":\"cabellonews.com\",\"description\":\"Con Cobertura En Tamaulipas Y norte de Veracruz\",\"potentialAction\":[{\"@type\":\"SearchAction\",\"target\":{\"@type\":\"EntryPoint\",\"urlTemplate\":\"https:\/\/cabellonews.com\/?s={search_term_string}\"},\"query-input\":\"required name=search_term_string\"}],\"inLanguage\":\"en-US\"},{\"@type\":\"Person\",\"@id\":\"https:\/\/cabellonews.com\/#\/schema\/person\/7afe73bafa6cc5a24fd4c67dfd4379d8\",\"name\":\"cabellonews.com\",\"image\":{\"@type\":\"ImageObject\",\"inLanguage\":\"en-US\",\"@id\":\"https:\/\/cabellonews.com\/#\/schema\/person\/image\/\",\"url\":\"https:\/\/secure.gravatar.com\/avatar\/8d6324fc2806389aad4cd38639618406?s=96&d=mm&r=g\",\"contentUrl\":\"https:\/\/secure.gravatar.com\/avatar\/8d6324fc2806389aad4cd38639618406?s=96&d=mm&r=g\",\"caption\":\"cabellonews.com\"},\"sameAs\":[\"http:\/\/cabellonews.com\"],\"url\":\"https:\/\/cabellonews.com\/?author=1\"}]}<\/script>\n<!-- \/ Yoast SEO plugin. -->","yoast_head_json":{"title":"En lo que va del a\u00f1o bomberos Tampico ha brindado atenci\u00f3n de incendio en cuatro contenedores de basura , exhortan a la poblaci\u00f3n en evitar quemar los desechos en este tipo de recipientes - cabellonews.com","robots":{"index":"index","follow":"follow","max-snippet":"max-snippet:-1","max-image-preview":"max-image-preview:large","max-video-preview":"max-video-preview:-1"},"canonical":"https:\/\/cabellonews.com\/?p=1331","og_locale":"en_US","og_type":"article","og_title":"En lo que va del a\u00f1o bomberos Tampico ha brindado atenci\u00f3n de incendio en cuatro contenedores de basura , exhortan a la poblaci\u00f3n en evitar quemar los desechos en este tipo de recipientes - cabellonews.com","og_url":"https:\/\/cabellonews.com\/?p=1331","og_site_name":"cabellonews.com","article_published_time":"2025-01-08T21:02:38+00:00","article_modified_time":"2025-01-08T21:02:39+00:00","author":"cabellonews.com","twitter_card":"summary_large_image","twitter_misc":{"Written by":"cabellonews.com"},"schema":{"@context":"https:\/\/schema.org","@graph":[{"@type":"WebPage","@id":"https:\/\/cabellonews.com\/?p=1331","url":"https:\/\/cabellonews.com\/?p=1331","name":"En lo que va del a\u00f1o bomberos Tampico ha brindado atenci\u00f3n de incendio en cuatro contenedores de basura , exhortan a la poblaci\u00f3n en evitar quemar los desechos en este tipo de recipientes - cabellonews.com","isPartOf":{"@id":"https:\/\/cabellonews.com\/#website"},"datePublished":"2025-01-08T21:02:38+00:00","dateModified":"2025-01-08T21:02:39+00:00","author":{"@id":"https:\/\/cabellonews.com\/#\/schema\/person\/7afe73bafa6cc5a24fd4c67dfd4379d8"},"breadcrumb":{"@id":"https:\/\/cabellonews.com\/?p=1331#breadcrumb"},"inLanguage":"en-US","potentialAction":[{"@type":"ReadAction","target":["https:\/\/cabellonews.com\/?p=1331"]}]},{"@type":"BreadcrumbList","@id":"https:\/\/cabellonews.com\/?p=1331#breadcrumb","itemListElement":[{"@type":"ListItem","position":1,"name":"Inicio","item":"https:\/\/cabellonews.com\/"},{"@type":"ListItem","position":2,"name":"En lo que va del a\u00f1o bomberos Tampico ha brindado atenci\u00f3n de incendio en cuatro contenedores de basura , exhortan a la poblaci\u00f3n en evitar quemar los desechos en este tipo de recipientes"}]},{"@type":"WebSite","@id":"https:\/\/cabellonews.com\/#website","url":"https:\/\/cabellonews.com\/","name":"cabellonews.com","description":"Con Cobertura En Tamaulipas Y norte de Veracruz","potentialAction":[{"@type":"SearchAction","target":{"@type":"EntryPoint","urlTemplate":"https:\/\/cabellonews.com\/?s={search_term_string}"},"query-input":"required name=search_term_string"}],"inLanguage":"en-US"},{"@type":"Person","@id":"https:\/\/cabellonews.com\/#\/schema\/person\/7afe73bafa6cc5a24fd4c67dfd4379d8","name":"cabellonews.com","image":{"@type":"ImageObject","inLanguage":"en-US","@id":"https:\/\/cabellonews.com\/#\/schema\/person\/image\/","url":"https:\/\/secure.gravatar.com\/avatar\/8d6324fc2806389aad4cd38639618406?s=96&d=mm&r=g","contentUrl":"https:\/\/secure.gravatar.com\/avatar\/8d6324fc2806389aad4cd38639618406?s=96&d=mm&r=g","caption":"cabellonews.com"},"sameAs":["http:\/\/cabellonews.com"],"url":"https:\/\/cabellonews.com\/?author=1"}]}},"_links":{"self":[{"href":"https:\/\/cabellonews.com\/index.php?rest_route=\/wp\/v2\/posts\/1331"}],"collection":[{"href":"https:\/\/cabellonews.com\/index.php?rest_route=\/wp\/v2\/posts"}],"about":[{"href":"https:\/\/cabellonews.com\/index.php?rest_route=\/wp\/v2\/types\/post"}],"author":[{"embeddable":true,"href":"https:\/\/cabellonews.com\/index.php?rest_route=\/wp\/v2\/users\/1"}],"replies":[{"embeddable":true,"href":"https:\/\/cabellonews.com\/index.php?rest_route=%2Fwp%2Fv2%2Fcomments&post=1331"}],"version-history":[{"count":1,"href":"https:\/\/cabellonews.com\/index.php?rest_route=\/wp\/v2\/posts\/1331\/revisions"}],"predecessor-version":[{"id":1332,"href":"https:\/\/cabellonews.com\/index.php?rest_route=\/wp\/v2\/posts\/1331\/revisions\/1332"}],"wp:attachment":[{"href":"https:\/\/cabellonews.com\/index.php?rest_route=%2Fwp%2Fv2%2Fmedia&parent=1331"}],"wp:term":[{"taxonomy":"category","embeddable":true,"href":"https:\/\/cabellonews.com\/index.php?rest_route=%2Fwp%2Fv2%2Fcategories&post=1331"},{"taxonomy":"post_tag","embeddable":true,"href":"https:\/\/cabellonews.com\/index.php?rest_route=%2Fwp%2Fv2%2Ftags&post=1331"}],"curies":[{"name":"wp","href":"https:\/\/api.w.org\/{rel}","templated":true}]}}