{"id":1316,"date":"2024-12-12T22:00:12","date_gmt":"2024-12-12T22:00:12","guid":{"rendered":"https:\/\/cabellonews.com\/?p=1316"},"modified":"2024-12-12T22:00:12","modified_gmt":"2024-12-12T22:00:12","slug":"presentan-extraordinario-concierto-navideno-en-el-metro","status":"publish","type":"post","link":"https:\/\/cabellonews.com\/?p=1316","title":{"rendered":"Presentan Extraordinario Concierto Navide\u00f1o en el Metro"},"content":{"rendered":"\n<p><em>Quinteto de Alientos de la UAT y Coro infantil del Ej\u00e9rcito de Salvaci\u00f3n unen talento para ofrecer &#8220;Luces de Navidad&#8221;<\/em><\/p>\n\n\n<figure class=\"wp-block-post-featured-image\"><img width=\"240\" height=\"172\" src=\"https:\/\/cabellonews.com\/wp-content\/uploads\/2024\/12\/4ec8dd0c-1c5d-417b-970d-6dcfb0c09060-240x172.jpeg\" class=\"attachment-post-thumbnail size-post-thumbnail wp-post-image\" alt=\"\" decoding=\"async\" loading=\"lazy\" \/><\/figure>\n\n\n<p>Gran ambiente se vivi\u00f3 en el Espacio Cultural Metropolitano con la presentaci\u00f3n del Coro de Ni\u00f1os del Ej\u00e9rcito de Salvaci\u00f3n y el &#8220;Quinteto de Alientos&#8221; de la Facultad de M\u00fasica y Artes de la Universidad Aut\u00f3noma de Tamaulipas durante el programa &#8220;Luces Navide\u00f1as&#8221;.<\/p>\n\n\n\n<p>Al asistir al extraordinario evento art\u00edstico, la Presidenta municipal, M\u00f3nica Villarreal Anaya, acompa\u00f1ada de la titular del Sistema DIF Tampico, Luz Adriana Villarreal Anaya, expuso que el Gobierno Municipal ha organizado una serie de eventos dise\u00f1ados para transmitir mensajes de alegr\u00eda y esperanza con el objetivo de que cada familia viva plenamente el esp\u00edritu de la Navidad.<\/p>\n\n\n\n<p>\u201cUn magn\u00edfico regalo que nos podemos dar, es el de disfrutar la serie de actividades culturales que nos enriquecen, y que por supuesto nos unen como familia y sociedad. Hoy al presenciar este bello espect\u00e1culo damos testimonio del inter\u00e9s de nuestra administraci\u00f3n por seguir consolidando espacios para la integraci\u00f3n familiar y la paz social. Los ni\u00f1os del Ej\u00e9rcito de Salvaci\u00f3n, est\u00e1n ya invitados a participar en todo el programa de actividades que tenemos preparado para 2025\u201d se\u00f1al\u00f3.<\/p>\n\n\n\n<p>Por su parte, David Rodr\u00edguez de la Pe\u00f1a, Secretario de Cultura, se\u00f1al\u00f3 que en coordinaci\u00f3n con la Directora del Espacio Cultural Metropolitano -Metro- Mariana Moctezuma, durante los dos primeros meses de la administraci\u00f3n se han llevado a cabo una serie de eventos gratuitos a trav\u00e9s de diversas expresiones art\u00edsticas, con la intenci\u00f3n de fortalecer el tejido social y de involucrar a ni\u00f1os y j\u00f3venes a que conozcan el arte y la cultura.<\/p>\n\n\n\n<p>M\u00f3nica Villarreal, subray\u00f3 que \u201ces tiempo de reconciliaci\u00f3n, y de analizar los objetivos proyectados para el 2025, con la esperanza de que seguramente ser\u00e1 de \u00e9xito y prosperidad para todas las familias tampique\u00f1as\u201d.<\/p>\n\n\n\n<p>En el evento tambi\u00e9n estuvieron presentes regidores y directores de las dependencias del municipio, junto a un nutrido p\u00fablico que disfrut\u00f3 de la magn\u00edfica velada.<\/p>\n","protected":false},"excerpt":{"rendered":"<p>Quinteto de Alientos de la UAT y Coro infantil del Ej\u00e9rcito de Salvaci\u00f3n unen talento para ofrecer &#8220;Luces de Navidad&#8221; Gran ambiente se vivi\u00f3 en el Espacio Cultural Metropolitano con la presentaci\u00f3n del Coro de Ni\u00f1os del Ej\u00e9rcito de Salvaci\u00f3n y el &#8220;Quinteto de Alientos&#8221; de la Facultad de M\u00fasica y Artes de la Universidad Aut\u00f3noma de Tamaulipas durante el programa &#8220;Luces Navide\u00f1as&#8221;. Al asistir al extraordinario evento art\u00edstico, la Presidenta municipal, M\u00f3nica Villarreal Anaya, acompa\u00f1ada de la titular del Sistema DIF Tampico, Luz Adriana Villarreal Anaya, expuso que el&hellip;<\/p>\n","protected":false},"author":1,"featured_media":1317,"comment_status":"open","ping_status":"open","sticky":false,"template":"","format":"standard","meta":[],"categories":[1],"tags":[],"gutentor_comment":0,"yoast_head":"<!-- This site is optimized with the Yoast SEO plugin v20.10 - https:\/\/yoast.com\/wordpress\/plugins\/seo\/ -->\n<title>Presentan Extraordinario Concierto Navide\u00f1o en el Metro - cabellonews.com<\/title>\n<meta name=\"robots\" content=\"index, follow, max-snippet:-1, max-image-preview:large, max-video-preview:-1\" \/>\n<link rel=\"canonical\" href=\"https:\/\/cabellonews.com\/?p=1316\" \/>\n<meta property=\"og:locale\" content=\"en_US\" \/>\n<meta property=\"og:type\" content=\"article\" \/>\n<meta property=\"og:title\" content=\"Presentan Extraordinario Concierto Navide\u00f1o en el Metro - cabellonews.com\" \/>\n<meta property=\"og:description\" content=\"Quinteto de Alientos de la UAT y Coro infantil del Ej\u00e9rcito de Salvaci\u00f3n unen talento para ofrecer &#8220;Luces de Navidad&#8221; Gran ambiente se vivi\u00f3 en el Espacio Cultural Metropolitano con la presentaci\u00f3n del Coro de Ni\u00f1os del Ej\u00e9rcito de Salvaci\u00f3n y el &#8220;Quinteto de Alientos&#8221; de la Facultad de M\u00fasica y Artes de la Universidad Aut\u00f3noma de Tamaulipas durante el programa &#8220;Luces Navide\u00f1as&#8221;. Al asistir al extraordinario evento art\u00edstico, la Presidenta municipal, M\u00f3nica Villarreal Anaya, acompa\u00f1ada de la titular del Sistema DIF Tampico, Luz Adriana Villarreal Anaya, expuso que el&hellip;\" \/>\n<meta property=\"og:url\" content=\"https:\/\/cabellonews.com\/?p=1316\" \/>\n<meta property=\"og:site_name\" content=\"cabellonews.com\" \/>\n<meta property=\"article:published_time\" content=\"2024-12-12T22:00:12+00:00\" \/>\n<meta property=\"og:image\" content=\"http:\/\/cabellonews.com\/wp-content\/uploads\/2024\/12\/4ec8dd0c-1c5d-417b-970d-6dcfb0c09060-scaled.jpeg\" \/>\n\t<meta property=\"og:image:width\" content=\"2560\" \/>\n\t<meta property=\"og:image:height\" content=\"1703\" \/>\n\t<meta property=\"og:image:type\" content=\"image\/jpeg\" \/>\n<meta name=\"author\" content=\"cabellonews.com\" \/>\n<meta name=\"twitter:card\" content=\"summary_large_image\" \/>\n<meta name=\"twitter:label1\" content=\"Written by\" \/>\n\t<meta name=\"twitter:data1\" content=\"cabellonews.com\" \/>\n\t<meta name=\"twitter:label2\" content=\"Est. reading time\" \/>\n\t<meta name=\"twitter:data2\" content=\"2 minutes\" \/>\n<script type=\"application\/ld+json\" class=\"yoast-schema-graph\">{\"@context\":\"https:\/\/schema.org\",\"@graph\":[{\"@type\":\"WebPage\",\"@id\":\"https:\/\/cabellonews.com\/?p=1316\",\"url\":\"https:\/\/cabellonews.com\/?p=1316\",\"name\":\"Presentan Extraordinario Concierto Navide\u00f1o en el Metro - cabellonews.com\",\"isPartOf\":{\"@id\":\"https:\/\/cabellonews.com\/#website\"},\"datePublished\":\"2024-12-12T22:00:12+00:00\",\"dateModified\":\"2024-12-12T22:00:12+00:00\",\"author\":{\"@id\":\"https:\/\/cabellonews.com\/#\/schema\/person\/7afe73bafa6cc5a24fd4c67dfd4379d8\"},\"breadcrumb\":{\"@id\":\"https:\/\/cabellonews.com\/?p=1316#breadcrumb\"},\"inLanguage\":\"en-US\",\"potentialAction\":[{\"@type\":\"ReadAction\",\"target\":[\"https:\/\/cabellonews.com\/?p=1316\"]}]},{\"@type\":\"BreadcrumbList\",\"@id\":\"https:\/\/cabellonews.com\/?p=1316#breadcrumb\",\"itemListElement\":[{\"@type\":\"ListItem\",\"position\":1,\"name\":\"Inicio\",\"item\":\"https:\/\/cabellonews.com\/\"},{\"@type\":\"ListItem\",\"position\":2,\"name\":\"Presentan Extraordinario Concierto Navide\u00f1o en el Metro\"}]},{\"@type\":\"WebSite\",\"@id\":\"https:\/\/cabellonews.com\/#website\",\"url\":\"https:\/\/cabellonews.com\/\",\"name\":\"cabellonews.com\",\"description\":\"Con Cobertura En Tamaulipas Y norte de Veracruz\",\"potentialAction\":[{\"@type\":\"SearchAction\",\"target\":{\"@type\":\"EntryPoint\",\"urlTemplate\":\"https:\/\/cabellonews.com\/?s={search_term_string}\"},\"query-input\":\"required name=search_term_string\"}],\"inLanguage\":\"en-US\"},{\"@type\":\"Person\",\"@id\":\"https:\/\/cabellonews.com\/#\/schema\/person\/7afe73bafa6cc5a24fd4c67dfd4379d8\",\"name\":\"cabellonews.com\",\"image\":{\"@type\":\"ImageObject\",\"inLanguage\":\"en-US\",\"@id\":\"https:\/\/cabellonews.com\/#\/schema\/person\/image\/\",\"url\":\"https:\/\/secure.gravatar.com\/avatar\/8d6324fc2806389aad4cd38639618406?s=96&d=mm&r=g\",\"contentUrl\":\"https:\/\/secure.gravatar.com\/avatar\/8d6324fc2806389aad4cd38639618406?s=96&d=mm&r=g\",\"caption\":\"cabellonews.com\"},\"sameAs\":[\"http:\/\/cabellonews.com\"],\"url\":\"https:\/\/cabellonews.com\/?author=1\"}]}<\/script>\n<!-- \/ Yoast SEO plugin. -->","yoast_head_json":{"title":"Presentan Extraordinario Concierto Navide\u00f1o en el Metro - cabellonews.com","robots":{"index":"index","follow":"follow","max-snippet":"max-snippet:-1","max-image-preview":"max-image-preview:large","max-video-preview":"max-video-preview:-1"},"canonical":"https:\/\/cabellonews.com\/?p=1316","og_locale":"en_US","og_type":"article","og_title":"Presentan Extraordinario Concierto Navide\u00f1o en el Metro - cabellonews.com","og_description":"Quinteto de Alientos de la UAT y Coro infantil del Ej\u00e9rcito de Salvaci\u00f3n unen talento para ofrecer &#8220;Luces de Navidad&#8221; Gran ambiente se vivi\u00f3 en el Espacio Cultural Metropolitano con la presentaci\u00f3n del Coro de Ni\u00f1os del Ej\u00e9rcito de Salvaci\u00f3n y el &#8220;Quinteto de Alientos&#8221; de la Facultad de M\u00fasica y Artes de la Universidad Aut\u00f3noma de Tamaulipas durante el programa &#8220;Luces Navide\u00f1as&#8221;. Al asistir al extraordinario evento art\u00edstico, la Presidenta municipal, M\u00f3nica Villarreal Anaya, acompa\u00f1ada de la titular del Sistema DIF Tampico, Luz Adriana Villarreal Anaya, expuso que el&hellip;","og_url":"https:\/\/cabellonews.com\/?p=1316","og_site_name":"cabellonews.com","article_published_time":"2024-12-12T22:00:12+00:00","og_image":[{"width":2560,"height":1703,"url":"http:\/\/cabellonews.com\/wp-content\/uploads\/2024\/12\/4ec8dd0c-1c5d-417b-970d-6dcfb0c09060-scaled.jpeg","type":"image\/jpeg"}],"author":"cabellonews.com","twitter_card":"summary_large_image","twitter_misc":{"Written by":"cabellonews.com","Est. reading time":"2 minutes"},"schema":{"@context":"https:\/\/schema.org","@graph":[{"@type":"WebPage","@id":"https:\/\/cabellonews.com\/?p=1316","url":"https:\/\/cabellonews.com\/?p=1316","name":"Presentan Extraordinario Concierto Navide\u00f1o en el Metro - cabellonews.com","isPartOf":{"@id":"https:\/\/cabellonews.com\/#website"},"datePublished":"2024-12-12T22:00:12+00:00","dateModified":"2024-12-12T22:00:12+00:00","author":{"@id":"https:\/\/cabellonews.com\/#\/schema\/person\/7afe73bafa6cc5a24fd4c67dfd4379d8"},"breadcrumb":{"@id":"https:\/\/cabellonews.com\/?p=1316#breadcrumb"},"inLanguage":"en-US","potentialAction":[{"@type":"ReadAction","target":["https:\/\/cabellonews.com\/?p=1316"]}]},{"@type":"BreadcrumbList","@id":"https:\/\/cabellonews.com\/?p=1316#breadcrumb","itemListElement":[{"@type":"ListItem","position":1,"name":"Inicio","item":"https:\/\/cabellonews.com\/"},{"@type":"ListItem","position":2,"name":"Presentan Extraordinario Concierto Navide\u00f1o en el Metro"}]},{"@type":"WebSite","@id":"https:\/\/cabellonews.com\/#website","url":"https:\/\/cabellonews.com\/","name":"cabellonews.com","description":"Con Cobertura En Tamaulipas Y norte de Veracruz","potentialAction":[{"@type":"SearchAction","target":{"@type":"EntryPoint","urlTemplate":"https:\/\/cabellonews.com\/?s={search_term_string}"},"query-input":"required name=search_term_string"}],"inLanguage":"en-US"},{"@type":"Person","@id":"https:\/\/cabellonews.com\/#\/schema\/person\/7afe73bafa6cc5a24fd4c67dfd4379d8","name":"cabellonews.com","image":{"@type":"ImageObject","inLanguage":"en-US","@id":"https:\/\/cabellonews.com\/#\/schema\/person\/image\/","url":"https:\/\/secure.gravatar.com\/avatar\/8d6324fc2806389aad4cd38639618406?s=96&d=mm&r=g","contentUrl":"https:\/\/secure.gravatar.com\/avatar\/8d6324fc2806389aad4cd38639618406?s=96&d=mm&r=g","caption":"cabellonews.com"},"sameAs":["http:\/\/cabellonews.com"],"url":"https:\/\/cabellonews.com\/?author=1"}]}},"_links":{"self":[{"href":"https:\/\/cabellonews.com\/index.php?rest_route=\/wp\/v2\/posts\/1316"}],"collection":[{"href":"https:\/\/cabellonews.com\/index.php?rest_route=\/wp\/v2\/posts"}],"about":[{"href":"https:\/\/cabellonews.com\/index.php?rest_route=\/wp\/v2\/types\/post"}],"author":[{"embeddable":true,"href":"https:\/\/cabellonews.com\/index.php?rest_route=\/wp\/v2\/users\/1"}],"replies":[{"embeddable":true,"href":"https:\/\/cabellonews.com\/index.php?rest_route=%2Fwp%2Fv2%2Fcomments&post=1316"}],"version-history":[{"count":1,"href":"https:\/\/cabellonews.com\/index.php?rest_route=\/wp\/v2\/posts\/1316\/revisions"}],"predecessor-version":[{"id":1318,"href":"https:\/\/cabellonews.com\/index.php?rest_route=\/wp\/v2\/posts\/1316\/revisions\/1318"}],"wp:featuredmedia":[{"embeddable":true,"href":"https:\/\/cabellonews.com\/index.php?rest_route=\/wp\/v2\/media\/1317"}],"wp:attachment":[{"href":"https:\/\/cabellonews.com\/index.php?rest_route=%2Fwp%2Fv2%2Fmedia&parent=1316"}],"wp:term":[{"taxonomy":"category","embeddable":true,"href":"https:\/\/cabellonews.com\/index.php?rest_route=%2Fwp%2Fv2%2Fcategories&post=1316"},{"taxonomy":"post_tag","embeddable":true,"href":"https:\/\/cabellonews.com\/index.php?rest_route=%2Fwp%2Fv2%2Ftags&post=1316"}],"curies":[{"name":"wp","href":"https:\/\/api.w.org\/{rel}","templated":true}]}}