{"id":1313,"date":"2024-12-12T21:58:58","date_gmt":"2024-12-12T21:58:58","guid":{"rendered":"https:\/\/cabellonews.com\/?p=1313"},"modified":"2024-12-12T21:58:58","modified_gmt":"2024-12-12T21:58:58","slug":"instalan-comite-de-etica-conducta-y-prevencion-de-conflictos-de-interes-de-la-capset","status":"publish","type":"post","link":"https:\/\/cabellonews.com\/?p=1313","title":{"rendered":"Instalan Comit\u00e9 de \u00c9tica, Conducta y Prevenci\u00f3n de Conflictos de Inter\u00e9s de la CAPSET"},"content":{"rendered":"\n<p>Ciudad Victoria, Tamaulipas.- La Comisi\u00f3n de Agua Potable y Saneamiento del Estado de Tamaulipas (CAPSET) instal\u00f3 oficialmente su Comit\u00e9 de \u00c9tica, Conducta y Prevenci\u00f3n de Conflictos de Inter\u00e9s, con el objetivo de optimizar el desempe\u00f1o de los servidores p\u00fablicos, fomentando los valores fundamentales de legalidad, \u00e9tica, imparcialidad y eficiencia en el ejercicio de sus responsabilidades.<\/p>\n\n\n<figure class=\"wp-block-post-featured-image\"><img width=\"240\" height=\"172\" src=\"https:\/\/cabellonews.com\/wp-content\/uploads\/2024\/12\/4c786ae0-607f-4450-9c15-dc4917fa3666-240x172.jpeg\" class=\"attachment-post-thumbnail size-post-thumbnail wp-post-image\" alt=\"\" decoding=\"async\" loading=\"lazy\" \/><\/figure>\n\n\n<p>El director general de la CAPSET, Juan Enrique Cabrero Ram\u00edrez, destac\u00f3 que con esta iniciativa se reafirma el compromiso de la comisi\u00f3n con la integridad y la confianza p\u00fablica. &#8220;Esta es una gran oportunidad para que tengan el \u00e1nimo, la eficiencia, el gusto y el entusiasmo para seguir adelante&#8221;, asegur\u00f3.<\/p>\n\n\n\n<p>El comit\u00e9, presentado en una ceremonia encabezada por el subdirector jur\u00eddico de la CAPSET y presidente del mismo \u00f3rgano, Eliezer Azahed Anaya M\u00e1rquez, ser\u00e1 responsable de desarrollar y supervisar las pol\u00edticas internas relacionadas con la conducta \u00e9tica, la gesti\u00f3n de conflictos de inter\u00e9s y la promoci\u00f3n de una cultura de transparencia dentro de la comisi\u00f3n.<\/p>\n\n\n\n<p>Por su parte, Maribel Aguilar Hern\u00e1ndez, directora de Administraci\u00f3n y Finanzas y coordinadora del comit\u00e9, expres\u00f3 su agradecimiento a todos los actores que han aportado su esfuerzo y resalt\u00f3 la importancia de continuar trabajando de manera conjunta para alcanzar nuevos y significativos logros.<\/p>\n\n\n\n<p>Finalmente, al Comit\u00e9 de \u00c9tica, Conducta y Prevenci\u00f3n de Conflictos de Inter\u00e9s de la CAPSET se integraron tambi\u00e9n Carlos Manuel Jim\u00e9nez Silva, quien fue nombrado secretario t\u00e9cnico; Mar\u00eda Alejandra Morales Castillo y Gustavo Leal Mart\u00ednez, designados como vocales. Adem\u00e1s, participar\u00e1 como invitado permanente el titular del \u00d3rgano Interno de Control, Rafael F\u00e9lix Gonz\u00e1lez.<\/p>\n\n\n\n<pre class=\"wp-block-code\"><code>      *      *     *<\/code><\/pre>\n","protected":false},"excerpt":{"rendered":"<p>Ciudad Victoria, Tamaulipas.- La Comisi\u00f3n de Agua Potable y Saneamiento del Estado de Tamaulipas (CAPSET) instal\u00f3 oficialmente su Comit\u00e9 de \u00c9tica, Conducta y Prevenci\u00f3n de Conflictos de Inter\u00e9s, con el objetivo de optimizar el desempe\u00f1o de los servidores p\u00fablicos, fomentando los valores fundamentales de legalidad, \u00e9tica, imparcialidad y eficiencia en el ejercicio de sus responsabilidades. El director general de la CAPSET, Juan Enrique Cabrero Ram\u00edrez, destac\u00f3 que con esta iniciativa se reafirma el compromiso de la comisi\u00f3n con la integridad y la confianza p\u00fablica. &#8220;Esta es una gran oportunidad para&hellip;<\/p>\n","protected":false},"author":1,"featured_media":1314,"comment_status":"open","ping_status":"open","sticky":false,"template":"","format":"standard","meta":[],"categories":[1],"tags":[],"gutentor_comment":0,"yoast_head":"<!-- This site is optimized with the Yoast SEO plugin v20.10 - https:\/\/yoast.com\/wordpress\/plugins\/seo\/ -->\n<title>Instalan Comit\u00e9 de \u00c9tica, Conducta y Prevenci\u00f3n de Conflictos de Inter\u00e9s de la CAPSET - cabellonews.com<\/title>\n<meta name=\"robots\" content=\"index, follow, max-snippet:-1, max-image-preview:large, max-video-preview:-1\" \/>\n<link rel=\"canonical\" href=\"https:\/\/cabellonews.com\/?p=1313\" \/>\n<meta property=\"og:locale\" content=\"en_US\" \/>\n<meta property=\"og:type\" content=\"article\" \/>\n<meta property=\"og:title\" content=\"Instalan Comit\u00e9 de \u00c9tica, Conducta y Prevenci\u00f3n de Conflictos de Inter\u00e9s de la CAPSET - cabellonews.com\" \/>\n<meta property=\"og:description\" content=\"Ciudad Victoria, Tamaulipas.- La Comisi\u00f3n de Agua Potable y Saneamiento del Estado de Tamaulipas (CAPSET) instal\u00f3 oficialmente su Comit\u00e9 de \u00c9tica, Conducta y Prevenci\u00f3n de Conflictos de Inter\u00e9s, con el objetivo de optimizar el desempe\u00f1o de los servidores p\u00fablicos, fomentando los valores fundamentales de legalidad, \u00e9tica, imparcialidad y eficiencia en el ejercicio de sus responsabilidades. El director general de la CAPSET, Juan Enrique Cabrero Ram\u00edrez, destac\u00f3 que con esta iniciativa se reafirma el compromiso de la comisi\u00f3n con la integridad y la confianza p\u00fablica. &#8220;Esta es una gran oportunidad para&hellip;\" \/>\n<meta property=\"og:url\" content=\"https:\/\/cabellonews.com\/?p=1313\" \/>\n<meta property=\"og:site_name\" content=\"cabellonews.com\" \/>\n<meta property=\"article:published_time\" content=\"2024-12-12T21:58:58+00:00\" \/>\n<meta property=\"og:image\" content=\"http:\/\/cabellonews.com\/wp-content\/uploads\/2024\/12\/4c786ae0-607f-4450-9c15-dc4917fa3666.jpeg\" \/>\n\t<meta property=\"og:image:width\" content=\"1600\" \/>\n\t<meta property=\"og:image:height\" content=\"1062\" \/>\n\t<meta property=\"og:image:type\" content=\"image\/jpeg\" \/>\n<meta name=\"author\" content=\"cabellonews.com\" \/>\n<meta name=\"twitter:card\" content=\"summary_large_image\" \/>\n<meta name=\"twitter:label1\" content=\"Written by\" \/>\n\t<meta name=\"twitter:data1\" content=\"cabellonews.com\" \/>\n\t<meta name=\"twitter:label2\" content=\"Est. reading time\" \/>\n\t<meta name=\"twitter:data2\" content=\"2 minutes\" \/>\n<script type=\"application\/ld+json\" class=\"yoast-schema-graph\">{\"@context\":\"https:\/\/schema.org\",\"@graph\":[{\"@type\":\"WebPage\",\"@id\":\"https:\/\/cabellonews.com\/?p=1313\",\"url\":\"https:\/\/cabellonews.com\/?p=1313\",\"name\":\"Instalan Comit\u00e9 de \u00c9tica, Conducta y Prevenci\u00f3n de Conflictos de Inter\u00e9s de la CAPSET - cabellonews.com\",\"isPartOf\":{\"@id\":\"https:\/\/cabellonews.com\/#website\"},\"datePublished\":\"2024-12-12T21:58:58+00:00\",\"dateModified\":\"2024-12-12T21:58:58+00:00\",\"author\":{\"@id\":\"https:\/\/cabellonews.com\/#\/schema\/person\/7afe73bafa6cc5a24fd4c67dfd4379d8\"},\"breadcrumb\":{\"@id\":\"https:\/\/cabellonews.com\/?p=1313#breadcrumb\"},\"inLanguage\":\"en-US\",\"potentialAction\":[{\"@type\":\"ReadAction\",\"target\":[\"https:\/\/cabellonews.com\/?p=1313\"]}]},{\"@type\":\"BreadcrumbList\",\"@id\":\"https:\/\/cabellonews.com\/?p=1313#breadcrumb\",\"itemListElement\":[{\"@type\":\"ListItem\",\"position\":1,\"name\":\"Inicio\",\"item\":\"https:\/\/cabellonews.com\/\"},{\"@type\":\"ListItem\",\"position\":2,\"name\":\"Instalan Comit\u00e9 de \u00c9tica, Conducta y Prevenci\u00f3n de Conflictos de Inter\u00e9s de la CAPSET\"}]},{\"@type\":\"WebSite\",\"@id\":\"https:\/\/cabellonews.com\/#website\",\"url\":\"https:\/\/cabellonews.com\/\",\"name\":\"cabellonews.com\",\"description\":\"Con Cobertura En Tamaulipas Y norte de Veracruz\",\"potentialAction\":[{\"@type\":\"SearchAction\",\"target\":{\"@type\":\"EntryPoint\",\"urlTemplate\":\"https:\/\/cabellonews.com\/?s={search_term_string}\"},\"query-input\":\"required name=search_term_string\"}],\"inLanguage\":\"en-US\"},{\"@type\":\"Person\",\"@id\":\"https:\/\/cabellonews.com\/#\/schema\/person\/7afe73bafa6cc5a24fd4c67dfd4379d8\",\"name\":\"cabellonews.com\",\"image\":{\"@type\":\"ImageObject\",\"inLanguage\":\"en-US\",\"@id\":\"https:\/\/cabellonews.com\/#\/schema\/person\/image\/\",\"url\":\"https:\/\/secure.gravatar.com\/avatar\/8d6324fc2806389aad4cd38639618406?s=96&d=mm&r=g\",\"contentUrl\":\"https:\/\/secure.gravatar.com\/avatar\/8d6324fc2806389aad4cd38639618406?s=96&d=mm&r=g\",\"caption\":\"cabellonews.com\"},\"sameAs\":[\"http:\/\/cabellonews.com\"],\"url\":\"https:\/\/cabellonews.com\/?author=1\"}]}<\/script>\n<!-- \/ Yoast SEO plugin. -->","yoast_head_json":{"title":"Instalan Comit\u00e9 de \u00c9tica, Conducta y Prevenci\u00f3n de Conflictos de Inter\u00e9s de la CAPSET - cabellonews.com","robots":{"index":"index","follow":"follow","max-snippet":"max-snippet:-1","max-image-preview":"max-image-preview:large","max-video-preview":"max-video-preview:-1"},"canonical":"https:\/\/cabellonews.com\/?p=1313","og_locale":"en_US","og_type":"article","og_title":"Instalan Comit\u00e9 de \u00c9tica, Conducta y Prevenci\u00f3n de Conflictos de Inter\u00e9s de la CAPSET - cabellonews.com","og_description":"Ciudad Victoria, Tamaulipas.- La Comisi\u00f3n de Agua Potable y Saneamiento del Estado de Tamaulipas (CAPSET) instal\u00f3 oficialmente su Comit\u00e9 de \u00c9tica, Conducta y Prevenci\u00f3n de Conflictos de Inter\u00e9s, con el objetivo de optimizar el desempe\u00f1o de los servidores p\u00fablicos, fomentando los valores fundamentales de legalidad, \u00e9tica, imparcialidad y eficiencia en el ejercicio de sus responsabilidades. El director general de la CAPSET, Juan Enrique Cabrero Ram\u00edrez, destac\u00f3 que con esta iniciativa se reafirma el compromiso de la comisi\u00f3n con la integridad y la confianza p\u00fablica. &#8220;Esta es una gran oportunidad para&hellip;","og_url":"https:\/\/cabellonews.com\/?p=1313","og_site_name":"cabellonews.com","article_published_time":"2024-12-12T21:58:58+00:00","og_image":[{"width":1600,"height":1062,"url":"http:\/\/cabellonews.com\/wp-content\/uploads\/2024\/12\/4c786ae0-607f-4450-9c15-dc4917fa3666.jpeg","type":"image\/jpeg"}],"author":"cabellonews.com","twitter_card":"summary_large_image","twitter_misc":{"Written by":"cabellonews.com","Est. reading time":"2 minutes"},"schema":{"@context":"https:\/\/schema.org","@graph":[{"@type":"WebPage","@id":"https:\/\/cabellonews.com\/?p=1313","url":"https:\/\/cabellonews.com\/?p=1313","name":"Instalan Comit\u00e9 de \u00c9tica, Conducta y Prevenci\u00f3n de Conflictos de Inter\u00e9s de la CAPSET - cabellonews.com","isPartOf":{"@id":"https:\/\/cabellonews.com\/#website"},"datePublished":"2024-12-12T21:58:58+00:00","dateModified":"2024-12-12T21:58:58+00:00","author":{"@id":"https:\/\/cabellonews.com\/#\/schema\/person\/7afe73bafa6cc5a24fd4c67dfd4379d8"},"breadcrumb":{"@id":"https:\/\/cabellonews.com\/?p=1313#breadcrumb"},"inLanguage":"en-US","potentialAction":[{"@type":"ReadAction","target":["https:\/\/cabellonews.com\/?p=1313"]}]},{"@type":"BreadcrumbList","@id":"https:\/\/cabellonews.com\/?p=1313#breadcrumb","itemListElement":[{"@type":"ListItem","position":1,"name":"Inicio","item":"https:\/\/cabellonews.com\/"},{"@type":"ListItem","position":2,"name":"Instalan Comit\u00e9 de \u00c9tica, Conducta y Prevenci\u00f3n de Conflictos de Inter\u00e9s de la CAPSET"}]},{"@type":"WebSite","@id":"https:\/\/cabellonews.com\/#website","url":"https:\/\/cabellonews.com\/","name":"cabellonews.com","description":"Con Cobertura En Tamaulipas Y norte de Veracruz","potentialAction":[{"@type":"SearchAction","target":{"@type":"EntryPoint","urlTemplate":"https:\/\/cabellonews.com\/?s={search_term_string}"},"query-input":"required name=search_term_string"}],"inLanguage":"en-US"},{"@type":"Person","@id":"https:\/\/cabellonews.com\/#\/schema\/person\/7afe73bafa6cc5a24fd4c67dfd4379d8","name":"cabellonews.com","image":{"@type":"ImageObject","inLanguage":"en-US","@id":"https:\/\/cabellonews.com\/#\/schema\/person\/image\/","url":"https:\/\/secure.gravatar.com\/avatar\/8d6324fc2806389aad4cd38639618406?s=96&d=mm&r=g","contentUrl":"https:\/\/secure.gravatar.com\/avatar\/8d6324fc2806389aad4cd38639618406?s=96&d=mm&r=g","caption":"cabellonews.com"},"sameAs":["http:\/\/cabellonews.com"],"url":"https:\/\/cabellonews.com\/?author=1"}]}},"_links":{"self":[{"href":"https:\/\/cabellonews.com\/index.php?rest_route=\/wp\/v2\/posts\/1313"}],"collection":[{"href":"https:\/\/cabellonews.com\/index.php?rest_route=\/wp\/v2\/posts"}],"about":[{"href":"https:\/\/cabellonews.com\/index.php?rest_route=\/wp\/v2\/types\/post"}],"author":[{"embeddable":true,"href":"https:\/\/cabellonews.com\/index.php?rest_route=\/wp\/v2\/users\/1"}],"replies":[{"embeddable":true,"href":"https:\/\/cabellonews.com\/index.php?rest_route=%2Fwp%2Fv2%2Fcomments&post=1313"}],"version-history":[{"count":1,"href":"https:\/\/cabellonews.com\/index.php?rest_route=\/wp\/v2\/posts\/1313\/revisions"}],"predecessor-version":[{"id":1315,"href":"https:\/\/cabellonews.com\/index.php?rest_route=\/wp\/v2\/posts\/1313\/revisions\/1315"}],"wp:featuredmedia":[{"embeddable":true,"href":"https:\/\/cabellonews.com\/index.php?rest_route=\/wp\/v2\/media\/1314"}],"wp:attachment":[{"href":"https:\/\/cabellonews.com\/index.php?rest_route=%2Fwp%2Fv2%2Fmedia&parent=1313"}],"wp:term":[{"taxonomy":"category","embeddable":true,"href":"https:\/\/cabellonews.com\/index.php?rest_route=%2Fwp%2Fv2%2Fcategories&post=1313"},{"taxonomy":"post_tag","embeddable":true,"href":"https:\/\/cabellonews.com\/index.php?rest_route=%2Fwp%2Fv2%2Ftags&post=1313"}],"curies":[{"name":"wp","href":"https:\/\/api.w.org\/{rel}","templated":true}]}}