{"id":1310,"date":"2024-12-12T21:57:59","date_gmt":"2024-12-12T21:57:59","guid":{"rendered":"https:\/\/cabellonews.com\/?p=1310"},"modified":"2024-12-12T21:58:00","modified_gmt":"2024-12-12T21:58:00","slug":"tampico-realizan-conservatorio-para-la-seleccion-de-jueces-y-magistrados-del-poder-judicial","status":"publish","type":"post","link":"https:\/\/cabellonews.com\/?p=1310","title":{"rendered":"Tampico Realizan conservatorio para la selecci\u00f3n de jueces y magistrados del poder judicial"},"content":{"rendered":"\n<p>En la Sala de Juicios Orales de la Facultad de Derecho y Ciencias Sociales de la Universidad Aut\u00f3noma de Tamaulipas (UAT) Campus Tampico-Madero, se llev\u00f3 a cabo un conversatorio con los integrantes del Comit\u00e9 de Evaluaci\u00f3n para la Selecci\u00f3n de Jueces y Magistrados del Poder Judicial de Tamaulipas, teniendo como anfitriona a la Dir. De la facultad, la lic. Elda Ruth de los Reyes Villarreal.<\/p>\n\n\n<figure class=\"wp-block-post-featured-image\"><img width=\"240\" height=\"172\" src=\"https:\/\/cabellonews.com\/wp-content\/uploads\/2024\/12\/IMG_1403-240x172.jpeg\" class=\"attachment-post-thumbnail size-post-thumbnail wp-post-image\" alt=\"\" decoding=\"async\" loading=\"lazy\" \/><\/figure>\n\n\n<p>Durante el evento, se abordaron los requisitos y el proceso de la convocatoria estatal para aspirantes, la cual busca garantizar la transparencia y la imparcialidad en la designaci\u00f3n de estos cargos, de gran importancia para la sociedad, as\u00ed lo coment\u00f3 Lucia Graciano Casas, Comit\u00e9 de Evaluaci\u00f3n del Poder Judicial en su intervenci\u00f3n.<\/p>\n\n\n\n<p>Ah\u00ed el Comit\u00e9 destac\u00f3 que los interesados deber\u00e1n contar con una s\u00f3lida formaci\u00f3n jur\u00eddica, experiencia m\u00ednima de cinco a\u00f1os en el \u00e1mbito judicial o acad\u00e9mico, y aprobar diversas evaluaciones de conocimientos y habilidades t\u00e9cnicas, as\u00ed mismo se dio oportunidad para el ejercicio de preguntas y respuestas para despejar dudas, sugerencias e inquietudes entre los asistentes durante la presentaci\u00f3n del conservatorio.<\/p>\n\n\n\n<p>De la misma forma a los estudiantes presentes quienes tambi\u00e9n participaron en preguntas, se les hizo ver lo importante de tener un buen promedio en sus calificaciones y seguir prepar\u00e1ndose con maestr\u00edas y doctorados para que en el futuro puedan ser candidatos.<\/p>\n\n\n\n<p>Entre los presentes estuvieron como parte del Comit\u00e9 de Evaluaci\u00f3n del Poder Legislativo, la Lic. Ada Gabriela D\u00edaz Sosa, el Lic. Edgar Maciel Mart\u00ednez Baez, as\u00ed como del<br>Comit\u00e9 de evaluaci\u00f3n del Poder Ejecutivo, la Lic. Mar\u00eda del Carmen Tejeda Ram\u00edrez,<br>La Lic. Elvira Vallejo Contreras, el Lic. Jos\u00e9 Yves Sober\u00f3n Tijerina, adem\u00e1s de por parte del Comit\u00e9 De Evaluaci\u00f3n del Poder Judicial el Lic. Luc\u00eda Graciano Casas.<\/p>\n","protected":false},"excerpt":{"rendered":"<p>En la Sala de Juicios Orales de la Facultad de Derecho y Ciencias Sociales de la Universidad Aut\u00f3noma de Tamaulipas (UAT) Campus Tampico-Madero, se llev\u00f3 a cabo un conversatorio con los integrantes del Comit\u00e9 de Evaluaci\u00f3n para la Selecci\u00f3n de Jueces y Magistrados del Poder Judicial de Tamaulipas, teniendo como anfitriona a la Dir. De la facultad, la lic. Elda Ruth de los Reyes Villarreal. Durante el evento, se abordaron los requisitos y el proceso de la convocatoria estatal para aspirantes, la cual busca garantizar la transparencia y la imparcialidad&hellip;<\/p>\n","protected":false},"author":1,"featured_media":1311,"comment_status":"open","ping_status":"open","sticky":false,"template":"","format":"standard","meta":[],"categories":[1],"tags":[],"gutentor_comment":0,"yoast_head":"<!-- This site is optimized with the Yoast SEO plugin v20.10 - https:\/\/yoast.com\/wordpress\/plugins\/seo\/ -->\n<title>Tampico Realizan conservatorio para la selecci\u00f3n de jueces y magistrados del poder judicial - cabellonews.com<\/title>\n<meta name=\"robots\" content=\"index, follow, max-snippet:-1, max-image-preview:large, max-video-preview:-1\" \/>\n<link rel=\"canonical\" href=\"https:\/\/cabellonews.com\/?p=1310\" \/>\n<meta property=\"og:locale\" content=\"en_US\" \/>\n<meta property=\"og:type\" content=\"article\" \/>\n<meta property=\"og:title\" content=\"Tampico Realizan conservatorio para la selecci\u00f3n de jueces y magistrados del poder judicial - cabellonews.com\" \/>\n<meta property=\"og:description\" content=\"En la Sala de Juicios Orales de la Facultad de Derecho y Ciencias Sociales de la Universidad Aut\u00f3noma de Tamaulipas (UAT) Campus Tampico-Madero, se llev\u00f3 a cabo un conversatorio con los integrantes del Comit\u00e9 de Evaluaci\u00f3n para la Selecci\u00f3n de Jueces y Magistrados del Poder Judicial de Tamaulipas, teniendo como anfitriona a la Dir. De la facultad, la lic. Elda Ruth de los Reyes Villarreal. Durante el evento, se abordaron los requisitos y el proceso de la convocatoria estatal para aspirantes, la cual busca garantizar la transparencia y la imparcialidad&hellip;\" \/>\n<meta property=\"og:url\" content=\"https:\/\/cabellonews.com\/?p=1310\" \/>\n<meta property=\"og:site_name\" content=\"cabellonews.com\" \/>\n<meta property=\"article:published_time\" content=\"2024-12-12T21:57:59+00:00\" \/>\n<meta property=\"article:modified_time\" content=\"2024-12-12T21:58:00+00:00\" \/>\n<meta property=\"og:image\" content=\"http:\/\/cabellonews.com\/wp-content\/uploads\/2024\/12\/IMG_1403.jpeg\" \/>\n\t<meta property=\"og:image:width\" content=\"1100\" \/>\n\t<meta property=\"og:image:height\" content=\"558\" \/>\n\t<meta property=\"og:image:type\" content=\"image\/jpeg\" \/>\n<meta name=\"author\" content=\"cabellonews.com\" \/>\n<meta name=\"twitter:card\" content=\"summary_large_image\" \/>\n<meta name=\"twitter:label1\" content=\"Written by\" \/>\n\t<meta name=\"twitter:data1\" content=\"cabellonews.com\" \/>\n\t<meta name=\"twitter:label2\" content=\"Est. reading time\" \/>\n\t<meta name=\"twitter:data2\" content=\"2 minutes\" \/>\n<script type=\"application\/ld+json\" class=\"yoast-schema-graph\">{\"@context\":\"https:\/\/schema.org\",\"@graph\":[{\"@type\":\"WebPage\",\"@id\":\"https:\/\/cabellonews.com\/?p=1310\",\"url\":\"https:\/\/cabellonews.com\/?p=1310\",\"name\":\"Tampico Realizan conservatorio para la selecci\u00f3n de jueces y magistrados del poder judicial - cabellonews.com\",\"isPartOf\":{\"@id\":\"https:\/\/cabellonews.com\/#website\"},\"datePublished\":\"2024-12-12T21:57:59+00:00\",\"dateModified\":\"2024-12-12T21:58:00+00:00\",\"author\":{\"@id\":\"https:\/\/cabellonews.com\/#\/schema\/person\/7afe73bafa6cc5a24fd4c67dfd4379d8\"},\"breadcrumb\":{\"@id\":\"https:\/\/cabellonews.com\/?p=1310#breadcrumb\"},\"inLanguage\":\"en-US\",\"potentialAction\":[{\"@type\":\"ReadAction\",\"target\":[\"https:\/\/cabellonews.com\/?p=1310\"]}]},{\"@type\":\"BreadcrumbList\",\"@id\":\"https:\/\/cabellonews.com\/?p=1310#breadcrumb\",\"itemListElement\":[{\"@type\":\"ListItem\",\"position\":1,\"name\":\"Inicio\",\"item\":\"https:\/\/cabellonews.com\/\"},{\"@type\":\"ListItem\",\"position\":2,\"name\":\"Tampico Realizan conservatorio para la selecci\u00f3n de jueces y magistrados del poder judicial\"}]},{\"@type\":\"WebSite\",\"@id\":\"https:\/\/cabellonews.com\/#website\",\"url\":\"https:\/\/cabellonews.com\/\",\"name\":\"cabellonews.com\",\"description\":\"Con Cobertura En Tamaulipas Y norte de Veracruz\",\"potentialAction\":[{\"@type\":\"SearchAction\",\"target\":{\"@type\":\"EntryPoint\",\"urlTemplate\":\"https:\/\/cabellonews.com\/?s={search_term_string}\"},\"query-input\":\"required name=search_term_string\"}],\"inLanguage\":\"en-US\"},{\"@type\":\"Person\",\"@id\":\"https:\/\/cabellonews.com\/#\/schema\/person\/7afe73bafa6cc5a24fd4c67dfd4379d8\",\"name\":\"cabellonews.com\",\"image\":{\"@type\":\"ImageObject\",\"inLanguage\":\"en-US\",\"@id\":\"https:\/\/cabellonews.com\/#\/schema\/person\/image\/\",\"url\":\"https:\/\/secure.gravatar.com\/avatar\/8d6324fc2806389aad4cd38639618406?s=96&d=mm&r=g\",\"contentUrl\":\"https:\/\/secure.gravatar.com\/avatar\/8d6324fc2806389aad4cd38639618406?s=96&d=mm&r=g\",\"caption\":\"cabellonews.com\"},\"sameAs\":[\"http:\/\/cabellonews.com\"],\"url\":\"https:\/\/cabellonews.com\/?author=1\"}]}<\/script>\n<!-- \/ Yoast SEO plugin. -->","yoast_head_json":{"title":"Tampico Realizan conservatorio para la selecci\u00f3n de jueces y magistrados del poder judicial - cabellonews.com","robots":{"index":"index","follow":"follow","max-snippet":"max-snippet:-1","max-image-preview":"max-image-preview:large","max-video-preview":"max-video-preview:-1"},"canonical":"https:\/\/cabellonews.com\/?p=1310","og_locale":"en_US","og_type":"article","og_title":"Tampico Realizan conservatorio para la selecci\u00f3n de jueces y magistrados del poder judicial - cabellonews.com","og_description":"En la Sala de Juicios Orales de la Facultad de Derecho y Ciencias Sociales de la Universidad Aut\u00f3noma de Tamaulipas (UAT) Campus Tampico-Madero, se llev\u00f3 a cabo un conversatorio con los integrantes del Comit\u00e9 de Evaluaci\u00f3n para la Selecci\u00f3n de Jueces y Magistrados del Poder Judicial de Tamaulipas, teniendo como anfitriona a la Dir. De la facultad, la lic. Elda Ruth de los Reyes Villarreal. Durante el evento, se abordaron los requisitos y el proceso de la convocatoria estatal para aspirantes, la cual busca garantizar la transparencia y la imparcialidad&hellip;","og_url":"https:\/\/cabellonews.com\/?p=1310","og_site_name":"cabellonews.com","article_published_time":"2024-12-12T21:57:59+00:00","article_modified_time":"2024-12-12T21:58:00+00:00","og_image":[{"width":1100,"height":558,"url":"http:\/\/cabellonews.com\/wp-content\/uploads\/2024\/12\/IMG_1403.jpeg","type":"image\/jpeg"}],"author":"cabellonews.com","twitter_card":"summary_large_image","twitter_misc":{"Written by":"cabellonews.com","Est. reading time":"2 minutes"},"schema":{"@context":"https:\/\/schema.org","@graph":[{"@type":"WebPage","@id":"https:\/\/cabellonews.com\/?p=1310","url":"https:\/\/cabellonews.com\/?p=1310","name":"Tampico Realizan conservatorio para la selecci\u00f3n de jueces y magistrados del poder judicial - cabellonews.com","isPartOf":{"@id":"https:\/\/cabellonews.com\/#website"},"datePublished":"2024-12-12T21:57:59+00:00","dateModified":"2024-12-12T21:58:00+00:00","author":{"@id":"https:\/\/cabellonews.com\/#\/schema\/person\/7afe73bafa6cc5a24fd4c67dfd4379d8"},"breadcrumb":{"@id":"https:\/\/cabellonews.com\/?p=1310#breadcrumb"},"inLanguage":"en-US","potentialAction":[{"@type":"ReadAction","target":["https:\/\/cabellonews.com\/?p=1310"]}]},{"@type":"BreadcrumbList","@id":"https:\/\/cabellonews.com\/?p=1310#breadcrumb","itemListElement":[{"@type":"ListItem","position":1,"name":"Inicio","item":"https:\/\/cabellonews.com\/"},{"@type":"ListItem","position":2,"name":"Tampico Realizan conservatorio para la selecci\u00f3n de jueces y magistrados del poder judicial"}]},{"@type":"WebSite","@id":"https:\/\/cabellonews.com\/#website","url":"https:\/\/cabellonews.com\/","name":"cabellonews.com","description":"Con Cobertura En Tamaulipas Y norte de Veracruz","potentialAction":[{"@type":"SearchAction","target":{"@type":"EntryPoint","urlTemplate":"https:\/\/cabellonews.com\/?s={search_term_string}"},"query-input":"required name=search_term_string"}],"inLanguage":"en-US"},{"@type":"Person","@id":"https:\/\/cabellonews.com\/#\/schema\/person\/7afe73bafa6cc5a24fd4c67dfd4379d8","name":"cabellonews.com","image":{"@type":"ImageObject","inLanguage":"en-US","@id":"https:\/\/cabellonews.com\/#\/schema\/person\/image\/","url":"https:\/\/secure.gravatar.com\/avatar\/8d6324fc2806389aad4cd38639618406?s=96&d=mm&r=g","contentUrl":"https:\/\/secure.gravatar.com\/avatar\/8d6324fc2806389aad4cd38639618406?s=96&d=mm&r=g","caption":"cabellonews.com"},"sameAs":["http:\/\/cabellonews.com"],"url":"https:\/\/cabellonews.com\/?author=1"}]}},"_links":{"self":[{"href":"https:\/\/cabellonews.com\/index.php?rest_route=\/wp\/v2\/posts\/1310"}],"collection":[{"href":"https:\/\/cabellonews.com\/index.php?rest_route=\/wp\/v2\/posts"}],"about":[{"href":"https:\/\/cabellonews.com\/index.php?rest_route=\/wp\/v2\/types\/post"}],"author":[{"embeddable":true,"href":"https:\/\/cabellonews.com\/index.php?rest_route=\/wp\/v2\/users\/1"}],"replies":[{"embeddable":true,"href":"https:\/\/cabellonews.com\/index.php?rest_route=%2Fwp%2Fv2%2Fcomments&post=1310"}],"version-history":[{"count":1,"href":"https:\/\/cabellonews.com\/index.php?rest_route=\/wp\/v2\/posts\/1310\/revisions"}],"predecessor-version":[{"id":1312,"href":"https:\/\/cabellonews.com\/index.php?rest_route=\/wp\/v2\/posts\/1310\/revisions\/1312"}],"wp:featuredmedia":[{"embeddable":true,"href":"https:\/\/cabellonews.com\/index.php?rest_route=\/wp\/v2\/media\/1311"}],"wp:attachment":[{"href":"https:\/\/cabellonews.com\/index.php?rest_route=%2Fwp%2Fv2%2Fmedia&parent=1310"}],"wp:term":[{"taxonomy":"category","embeddable":true,"href":"https:\/\/cabellonews.com\/index.php?rest_route=%2Fwp%2Fv2%2Fcategories&post=1310"},{"taxonomy":"post_tag","embeddable":true,"href":"https:\/\/cabellonews.com\/index.php?rest_route=%2Fwp%2Fv2%2Ftags&post=1310"}],"curies":[{"name":"wp","href":"https:\/\/api.w.org\/{rel}","templated":true}]}}