{"id":1303,"date":"2024-12-07T00:34:49","date_gmt":"2024-12-07T00:34:49","guid":{"rendered":"https:\/\/cabellonews.com\/?p=1303"},"modified":"2024-12-09T00:35:53","modified_gmt":"2024-12-09T00:35:53","slug":"llega-presidenta-claudia-sheinbaum-a-nuevo-laredo","status":"publish","type":"post","link":"https:\/\/cabellonews.com\/?p=1303","title":{"rendered":"Llega presidenta Claudia Sheinbaum a Nuevo Laredo"},"content":{"rendered":"\n<p>Diciembre 07 de 2024<\/p>\n\n\n<figure class=\"wp-block-post-featured-image\"><img width=\"240\" height=\"172\" src=\"https:\/\/cabellonews.com\/wp-content\/uploads\/2024\/12\/235719a8-0058-49dd-aa5d-49b148ac5887-240x172.jpeg\" class=\"attachment-post-thumbnail size-post-thumbnail wp-post-image\" alt=\"\" decoding=\"async\" loading=\"lazy\" \/><\/figure>\n\n\n<p>Nuevo Laredo, Tamaulipas.- Esta noche, con una temperatura de 9 grados, pero con mucho calor humano, el gobernador Am\u00e9rico Villarreal Anaya y la doctora Mar\u00eda de Villarreal recibieron a la presidenta Claudia Sheinbaum Pardo en la ciudad de Nuevo Laredo, donde este domingo encabezar\u00e1 una jornada de trabajo en instalaciones de la que ser\u00e1 la nueva Agencia Nacional de Aduanas y, posteriormente, presidir\u00e1 un evento masivo en el Poliforum La Fe.<\/p>\n\n\n\n<p>Esta es la primera visita oficial a Tamaulipas que realiza la doctora Claudia Sheinbaum como presidenta de la Rep\u00fablica.<\/p>\n","protected":false},"excerpt":{"rendered":"<p>Diciembre 07 de 2024 Nuevo Laredo, Tamaulipas.- Esta noche, con una temperatura de 9 grados, pero con mucho calor humano, el gobernador Am\u00e9rico Villarreal Anaya y la doctora Mar\u00eda de Villarreal recibieron a la presidenta Claudia Sheinbaum Pardo en la ciudad de Nuevo Laredo, donde este domingo encabezar\u00e1 una jornada de trabajo en instalaciones de la que ser\u00e1 la nueva Agencia Nacional de Aduanas y, posteriormente, presidir\u00e1 un evento masivo en el Poliforum La Fe. Esta es la primera visita oficial a Tamaulipas que realiza la doctora Claudia Sheinbaum como&hellip;<\/p>\n","protected":false},"author":1,"featured_media":1304,"comment_status":"open","ping_status":"open","sticky":false,"template":"","format":"standard","meta":[],"categories":[1],"tags":[],"gutentor_comment":0,"yoast_head":"<!-- This site is optimized with the Yoast SEO plugin v20.10 - https:\/\/yoast.com\/wordpress\/plugins\/seo\/ -->\n<title>Llega presidenta Claudia Sheinbaum a Nuevo Laredo - cabellonews.com<\/title>\n<meta name=\"robots\" content=\"index, follow, max-snippet:-1, max-image-preview:large, max-video-preview:-1\" \/>\n<link rel=\"canonical\" href=\"https:\/\/cabellonews.com\/?p=1303\" \/>\n<meta property=\"og:locale\" content=\"en_US\" \/>\n<meta property=\"og:type\" content=\"article\" \/>\n<meta property=\"og:title\" content=\"Llega presidenta Claudia Sheinbaum a Nuevo Laredo - cabellonews.com\" \/>\n<meta property=\"og:description\" content=\"Diciembre 07 de 2024 Nuevo Laredo, Tamaulipas.- Esta noche, con una temperatura de 9 grados, pero con mucho calor humano, el gobernador Am\u00e9rico Villarreal Anaya y la doctora Mar\u00eda de Villarreal recibieron a la presidenta Claudia Sheinbaum Pardo en la ciudad de Nuevo Laredo, donde este domingo encabezar\u00e1 una jornada de trabajo en instalaciones de la que ser\u00e1 la nueva Agencia Nacional de Aduanas y, posteriormente, presidir\u00e1 un evento masivo en el Poliforum La Fe. Esta es la primera visita oficial a Tamaulipas que realiza la doctora Claudia Sheinbaum como&hellip;\" \/>\n<meta property=\"og:url\" content=\"https:\/\/cabellonews.com\/?p=1303\" \/>\n<meta property=\"og:site_name\" content=\"cabellonews.com\" \/>\n<meta property=\"article:published_time\" content=\"2024-12-07T00:34:49+00:00\" \/>\n<meta property=\"article:modified_time\" content=\"2024-12-09T00:35:53+00:00\" \/>\n<meta property=\"og:image\" content=\"http:\/\/cabellonews.com\/wp-content\/uploads\/2024\/12\/235719a8-0058-49dd-aa5d-49b148ac5887.jpeg\" \/>\n\t<meta property=\"og:image:width\" content=\"1600\" \/>\n\t<meta property=\"og:image:height\" content=\"1200\" \/>\n\t<meta property=\"og:image:type\" content=\"image\/jpeg\" \/>\n<meta name=\"author\" content=\"cabellonews.com\" \/>\n<meta name=\"twitter:card\" content=\"summary_large_image\" \/>\n<meta name=\"twitter:label1\" content=\"Written by\" \/>\n\t<meta name=\"twitter:data1\" content=\"cabellonews.com\" \/>\n\t<meta name=\"twitter:label2\" content=\"Est. reading time\" \/>\n\t<meta name=\"twitter:data2\" content=\"1 minute\" \/>\n<script type=\"application\/ld+json\" class=\"yoast-schema-graph\">{\"@context\":\"https:\/\/schema.org\",\"@graph\":[{\"@type\":\"WebPage\",\"@id\":\"https:\/\/cabellonews.com\/?p=1303\",\"url\":\"https:\/\/cabellonews.com\/?p=1303\",\"name\":\"Llega presidenta Claudia Sheinbaum a Nuevo Laredo - cabellonews.com\",\"isPartOf\":{\"@id\":\"https:\/\/cabellonews.com\/#website\"},\"datePublished\":\"2024-12-07T00:34:49+00:00\",\"dateModified\":\"2024-12-09T00:35:53+00:00\",\"author\":{\"@id\":\"https:\/\/cabellonews.com\/#\/schema\/person\/7afe73bafa6cc5a24fd4c67dfd4379d8\"},\"breadcrumb\":{\"@id\":\"https:\/\/cabellonews.com\/?p=1303#breadcrumb\"},\"inLanguage\":\"en-US\",\"potentialAction\":[{\"@type\":\"ReadAction\",\"target\":[\"https:\/\/cabellonews.com\/?p=1303\"]}]},{\"@type\":\"BreadcrumbList\",\"@id\":\"https:\/\/cabellonews.com\/?p=1303#breadcrumb\",\"itemListElement\":[{\"@type\":\"ListItem\",\"position\":1,\"name\":\"Inicio\",\"item\":\"https:\/\/cabellonews.com\/\"},{\"@type\":\"ListItem\",\"position\":2,\"name\":\"Llega presidenta Claudia Sheinbaum a Nuevo Laredo\"}]},{\"@type\":\"WebSite\",\"@id\":\"https:\/\/cabellonews.com\/#website\",\"url\":\"https:\/\/cabellonews.com\/\",\"name\":\"cabellonews.com\",\"description\":\"Con Cobertura En Tamaulipas Y norte de Veracruz\",\"potentialAction\":[{\"@type\":\"SearchAction\",\"target\":{\"@type\":\"EntryPoint\",\"urlTemplate\":\"https:\/\/cabellonews.com\/?s={search_term_string}\"},\"query-input\":\"required name=search_term_string\"}],\"inLanguage\":\"en-US\"},{\"@type\":\"Person\",\"@id\":\"https:\/\/cabellonews.com\/#\/schema\/person\/7afe73bafa6cc5a24fd4c67dfd4379d8\",\"name\":\"cabellonews.com\",\"image\":{\"@type\":\"ImageObject\",\"inLanguage\":\"en-US\",\"@id\":\"https:\/\/cabellonews.com\/#\/schema\/person\/image\/\",\"url\":\"https:\/\/secure.gravatar.com\/avatar\/8d6324fc2806389aad4cd38639618406?s=96&d=mm&r=g\",\"contentUrl\":\"https:\/\/secure.gravatar.com\/avatar\/8d6324fc2806389aad4cd38639618406?s=96&d=mm&r=g\",\"caption\":\"cabellonews.com\"},\"sameAs\":[\"http:\/\/cabellonews.com\"],\"url\":\"https:\/\/cabellonews.com\/?author=1\"}]}<\/script>\n<!-- \/ Yoast SEO plugin. -->","yoast_head_json":{"title":"Llega presidenta Claudia Sheinbaum a Nuevo Laredo - cabellonews.com","robots":{"index":"index","follow":"follow","max-snippet":"max-snippet:-1","max-image-preview":"max-image-preview:large","max-video-preview":"max-video-preview:-1"},"canonical":"https:\/\/cabellonews.com\/?p=1303","og_locale":"en_US","og_type":"article","og_title":"Llega presidenta Claudia Sheinbaum a Nuevo Laredo - cabellonews.com","og_description":"Diciembre 07 de 2024 Nuevo Laredo, Tamaulipas.- Esta noche, con una temperatura de 9 grados, pero con mucho calor humano, el gobernador Am\u00e9rico Villarreal Anaya y la doctora Mar\u00eda de Villarreal recibieron a la presidenta Claudia Sheinbaum Pardo en la ciudad de Nuevo Laredo, donde este domingo encabezar\u00e1 una jornada de trabajo en instalaciones de la que ser\u00e1 la nueva Agencia Nacional de Aduanas y, posteriormente, presidir\u00e1 un evento masivo en el Poliforum La Fe. Esta es la primera visita oficial a Tamaulipas que realiza la doctora Claudia Sheinbaum como&hellip;","og_url":"https:\/\/cabellonews.com\/?p=1303","og_site_name":"cabellonews.com","article_published_time":"2024-12-07T00:34:49+00:00","article_modified_time":"2024-12-09T00:35:53+00:00","og_image":[{"width":1600,"height":1200,"url":"http:\/\/cabellonews.com\/wp-content\/uploads\/2024\/12\/235719a8-0058-49dd-aa5d-49b148ac5887.jpeg","type":"image\/jpeg"}],"author":"cabellonews.com","twitter_card":"summary_large_image","twitter_misc":{"Written by":"cabellonews.com","Est. reading time":"1 minute"},"schema":{"@context":"https:\/\/schema.org","@graph":[{"@type":"WebPage","@id":"https:\/\/cabellonews.com\/?p=1303","url":"https:\/\/cabellonews.com\/?p=1303","name":"Llega presidenta Claudia Sheinbaum a Nuevo Laredo - cabellonews.com","isPartOf":{"@id":"https:\/\/cabellonews.com\/#website"},"datePublished":"2024-12-07T00:34:49+00:00","dateModified":"2024-12-09T00:35:53+00:00","author":{"@id":"https:\/\/cabellonews.com\/#\/schema\/person\/7afe73bafa6cc5a24fd4c67dfd4379d8"},"breadcrumb":{"@id":"https:\/\/cabellonews.com\/?p=1303#breadcrumb"},"inLanguage":"en-US","potentialAction":[{"@type":"ReadAction","target":["https:\/\/cabellonews.com\/?p=1303"]}]},{"@type":"BreadcrumbList","@id":"https:\/\/cabellonews.com\/?p=1303#breadcrumb","itemListElement":[{"@type":"ListItem","position":1,"name":"Inicio","item":"https:\/\/cabellonews.com\/"},{"@type":"ListItem","position":2,"name":"Llega presidenta Claudia Sheinbaum a Nuevo Laredo"}]},{"@type":"WebSite","@id":"https:\/\/cabellonews.com\/#website","url":"https:\/\/cabellonews.com\/","name":"cabellonews.com","description":"Con Cobertura En Tamaulipas Y norte de Veracruz","potentialAction":[{"@type":"SearchAction","target":{"@type":"EntryPoint","urlTemplate":"https:\/\/cabellonews.com\/?s={search_term_string}"},"query-input":"required name=search_term_string"}],"inLanguage":"en-US"},{"@type":"Person","@id":"https:\/\/cabellonews.com\/#\/schema\/person\/7afe73bafa6cc5a24fd4c67dfd4379d8","name":"cabellonews.com","image":{"@type":"ImageObject","inLanguage":"en-US","@id":"https:\/\/cabellonews.com\/#\/schema\/person\/image\/","url":"https:\/\/secure.gravatar.com\/avatar\/8d6324fc2806389aad4cd38639618406?s=96&d=mm&r=g","contentUrl":"https:\/\/secure.gravatar.com\/avatar\/8d6324fc2806389aad4cd38639618406?s=96&d=mm&r=g","caption":"cabellonews.com"},"sameAs":["http:\/\/cabellonews.com"],"url":"https:\/\/cabellonews.com\/?author=1"}]}},"_links":{"self":[{"href":"https:\/\/cabellonews.com\/index.php?rest_route=\/wp\/v2\/posts\/1303"}],"collection":[{"href":"https:\/\/cabellonews.com\/index.php?rest_route=\/wp\/v2\/posts"}],"about":[{"href":"https:\/\/cabellonews.com\/index.php?rest_route=\/wp\/v2\/types\/post"}],"author":[{"embeddable":true,"href":"https:\/\/cabellonews.com\/index.php?rest_route=\/wp\/v2\/users\/1"}],"replies":[{"embeddable":true,"href":"https:\/\/cabellonews.com\/index.php?rest_route=%2Fwp%2Fv2%2Fcomments&post=1303"}],"version-history":[{"count":1,"href":"https:\/\/cabellonews.com\/index.php?rest_route=\/wp\/v2\/posts\/1303\/revisions"}],"predecessor-version":[{"id":1305,"href":"https:\/\/cabellonews.com\/index.php?rest_route=\/wp\/v2\/posts\/1303\/revisions\/1305"}],"wp:featuredmedia":[{"embeddable":true,"href":"https:\/\/cabellonews.com\/index.php?rest_route=\/wp\/v2\/media\/1304"}],"wp:attachment":[{"href":"https:\/\/cabellonews.com\/index.php?rest_route=%2Fwp%2Fv2%2Fmedia&parent=1303"}],"wp:term":[{"taxonomy":"category","embeddable":true,"href":"https:\/\/cabellonews.com\/index.php?rest_route=%2Fwp%2Fv2%2Fcategories&post=1303"},{"taxonomy":"post_tag","embeddable":true,"href":"https:\/\/cabellonews.com\/index.php?rest_route=%2Fwp%2Fv2%2Ftags&post=1303"}],"curies":[{"name":"wp","href":"https:\/\/api.w.org\/{rel}","templated":true}]}}