{"id":1291,"date":"2024-12-04T16:05:00","date_gmt":"2024-12-04T16:05:00","guid":{"rendered":"https:\/\/cabellonews.com\/?p=1291"},"modified":"2024-12-05T16:05:58","modified_gmt":"2024-12-05T16:05:58","slug":"realizara-presidenta-claudia-sheinbaum-primera-visita-oficial-a-tamaulipas","status":"publish","type":"post","link":"https:\/\/cabellonews.com\/?p=1291","title":{"rendered":"Realizar\u00e1 presidenta Claudia Sheinbaum primera visita oficial a Tamaulipas"},"content":{"rendered":"\n<p>Ciudad de M\u00e9xico.- La presidenta de M\u00e9xico, Claudia Sheinbaum Pardo, realizar\u00e1 su primera visita oficial al estado de Tamaulipas el pr\u00f3ximo domingo 8 de diciembre en la ciudad de Nuevo Laredo, donde ser\u00e1 recibida por el gobernador Am\u00e9rico Villarreal Anaya.<\/p>\n\n\n<figure class=\"wp-block-post-featured-image\"><img width=\"240\" height=\"172\" src=\"https:\/\/cabellonews.com\/wp-content\/uploads\/2024\/12\/d205fb9b-567f-4459-b1cc-f5285515086a-240x172.jpeg\" class=\"attachment-post-thumbnail size-post-thumbnail wp-post-image\" alt=\"\" decoding=\"async\" loading=\"lazy\" \/><\/figure>\n\n\n<p>Durante la conferencia ma\u00f1anera de este mi\u00e9rcoles en Palacio Nacional, la mandataria dio a conocer que el pr\u00f3ximo fin de semana realizar\u00e1 una gira de trabajo por tres estados.<\/p>\n\n\n\n<p>\u201cEste fin de semana vamos a Chiapas, Oaxaca y Tamaulipas\u201d, expres\u00f3 durante su encuentro con los medios de comunicaci\u00f3n, por lo que \u00e9sta ser\u00e1 la primera visita presidencial tras la toma de posesi\u00f3n, el 1\u00b0 de octubre pasado.<\/p>\n\n\n\n<p>En la ciudad de Nuevo Laredo, el gobierno federal construye las instalaciones de la Agencia Nacional de Aduanas de M\u00e9xico, (ANAM) que permitir\u00e1 consolidar a Tamaulipas como la plataforma log\u00edstica de M\u00e9xico.<\/p>\n\n\n\n<p>Recientemente, el gobernador Am\u00e9rico Villarreal ha llevado a cabo reuniones de trabajo con secretarios y secretarias del gabinete federal, lo que ha permitido fortalecer la relaci\u00f3n y la coordinaci\u00f3n para impulsar proyectos estrat\u00e9gicos en marcha. Incluso, algunos programas y acciones de la presidenta Sheinbaum Pardo ya se implementan en el estado.<\/p>\n\n\n\n<pre class=\"wp-block-code\"><code>    *      *      *<\/code><\/pre>\n","protected":false},"excerpt":{"rendered":"<p>Ciudad de M\u00e9xico.- La presidenta de M\u00e9xico, Claudia Sheinbaum Pardo, realizar\u00e1 su primera visita oficial al estado de Tamaulipas el pr\u00f3ximo domingo 8 de diciembre en la ciudad de Nuevo Laredo, donde ser\u00e1 recibida por el gobernador Am\u00e9rico Villarreal Anaya. Durante la conferencia ma\u00f1anera de este mi\u00e9rcoles en Palacio Nacional, la mandataria dio a conocer que el pr\u00f3ximo fin de semana realizar\u00e1 una gira de trabajo por tres estados. \u201cEste fin de semana vamos a Chiapas, Oaxaca y Tamaulipas\u201d, expres\u00f3 durante su encuentro con los medios de comunicaci\u00f3n, por lo&hellip;<\/p>\n","protected":false},"author":1,"featured_media":1292,"comment_status":"open","ping_status":"open","sticky":false,"template":"","format":"standard","meta":[],"categories":[1],"tags":[],"gutentor_comment":0,"yoast_head":"<!-- This site is optimized with the Yoast SEO plugin v20.10 - https:\/\/yoast.com\/wordpress\/plugins\/seo\/ -->\n<title>Realizar\u00e1 presidenta Claudia Sheinbaum primera visita oficial a Tamaulipas - cabellonews.com<\/title>\n<meta name=\"robots\" content=\"index, follow, max-snippet:-1, max-image-preview:large, max-video-preview:-1\" \/>\n<link rel=\"canonical\" href=\"https:\/\/cabellonews.com\/?p=1291\" \/>\n<meta property=\"og:locale\" content=\"en_US\" \/>\n<meta property=\"og:type\" content=\"article\" \/>\n<meta property=\"og:title\" content=\"Realizar\u00e1 presidenta Claudia Sheinbaum primera visita oficial a Tamaulipas - cabellonews.com\" \/>\n<meta property=\"og:description\" content=\"Ciudad de M\u00e9xico.- La presidenta de M\u00e9xico, Claudia Sheinbaum Pardo, realizar\u00e1 su primera visita oficial al estado de Tamaulipas el pr\u00f3ximo domingo 8 de diciembre en la ciudad de Nuevo Laredo, donde ser\u00e1 recibida por el gobernador Am\u00e9rico Villarreal Anaya. Durante la conferencia ma\u00f1anera de este mi\u00e9rcoles en Palacio Nacional, la mandataria dio a conocer que el pr\u00f3ximo fin de semana realizar\u00e1 una gira de trabajo por tres estados. \u201cEste fin de semana vamos a Chiapas, Oaxaca y Tamaulipas\u201d, expres\u00f3 durante su encuentro con los medios de comunicaci\u00f3n, por lo&hellip;\" \/>\n<meta property=\"og:url\" content=\"https:\/\/cabellonews.com\/?p=1291\" \/>\n<meta property=\"og:site_name\" content=\"cabellonews.com\" \/>\n<meta property=\"article:published_time\" content=\"2024-12-04T16:05:00+00:00\" \/>\n<meta property=\"article:modified_time\" content=\"2024-12-05T16:05:58+00:00\" \/>\n<meta property=\"og:image\" content=\"http:\/\/cabellonews.com\/wp-content\/uploads\/2024\/12\/d205fb9b-567f-4459-b1cc-f5285515086a.jpeg\" \/>\n\t<meta property=\"og:image:width\" content=\"1600\" \/>\n\t<meta property=\"og:image:height\" content=\"1066\" \/>\n\t<meta property=\"og:image:type\" content=\"image\/jpeg\" \/>\n<meta name=\"author\" content=\"cabellonews.com\" \/>\n<meta name=\"twitter:card\" content=\"summary_large_image\" \/>\n<meta name=\"twitter:label1\" content=\"Written by\" \/>\n\t<meta name=\"twitter:data1\" content=\"cabellonews.com\" \/>\n\t<meta name=\"twitter:label2\" content=\"Est. reading time\" \/>\n\t<meta name=\"twitter:data2\" content=\"1 minute\" \/>\n<script type=\"application\/ld+json\" class=\"yoast-schema-graph\">{\"@context\":\"https:\/\/schema.org\",\"@graph\":[{\"@type\":\"WebPage\",\"@id\":\"https:\/\/cabellonews.com\/?p=1291\",\"url\":\"https:\/\/cabellonews.com\/?p=1291\",\"name\":\"Realizar\u00e1 presidenta Claudia Sheinbaum primera visita oficial a Tamaulipas - cabellonews.com\",\"isPartOf\":{\"@id\":\"https:\/\/cabellonews.com\/#website\"},\"datePublished\":\"2024-12-04T16:05:00+00:00\",\"dateModified\":\"2024-12-05T16:05:58+00:00\",\"author\":{\"@id\":\"https:\/\/cabellonews.com\/#\/schema\/person\/7afe73bafa6cc5a24fd4c67dfd4379d8\"},\"breadcrumb\":{\"@id\":\"https:\/\/cabellonews.com\/?p=1291#breadcrumb\"},\"inLanguage\":\"en-US\",\"potentialAction\":[{\"@type\":\"ReadAction\",\"target\":[\"https:\/\/cabellonews.com\/?p=1291\"]}]},{\"@type\":\"BreadcrumbList\",\"@id\":\"https:\/\/cabellonews.com\/?p=1291#breadcrumb\",\"itemListElement\":[{\"@type\":\"ListItem\",\"position\":1,\"name\":\"Inicio\",\"item\":\"https:\/\/cabellonews.com\/\"},{\"@type\":\"ListItem\",\"position\":2,\"name\":\"Realizar\u00e1 presidenta Claudia Sheinbaum primera visita oficial a Tamaulipas\"}]},{\"@type\":\"WebSite\",\"@id\":\"https:\/\/cabellonews.com\/#website\",\"url\":\"https:\/\/cabellonews.com\/\",\"name\":\"cabellonews.com\",\"description\":\"Con Cobertura En Tamaulipas Y norte de Veracruz\",\"potentialAction\":[{\"@type\":\"SearchAction\",\"target\":{\"@type\":\"EntryPoint\",\"urlTemplate\":\"https:\/\/cabellonews.com\/?s={search_term_string}\"},\"query-input\":\"required name=search_term_string\"}],\"inLanguage\":\"en-US\"},{\"@type\":\"Person\",\"@id\":\"https:\/\/cabellonews.com\/#\/schema\/person\/7afe73bafa6cc5a24fd4c67dfd4379d8\",\"name\":\"cabellonews.com\",\"image\":{\"@type\":\"ImageObject\",\"inLanguage\":\"en-US\",\"@id\":\"https:\/\/cabellonews.com\/#\/schema\/person\/image\/\",\"url\":\"https:\/\/secure.gravatar.com\/avatar\/8d6324fc2806389aad4cd38639618406?s=96&d=mm&r=g\",\"contentUrl\":\"https:\/\/secure.gravatar.com\/avatar\/8d6324fc2806389aad4cd38639618406?s=96&d=mm&r=g\",\"caption\":\"cabellonews.com\"},\"sameAs\":[\"http:\/\/cabellonews.com\"],\"url\":\"https:\/\/cabellonews.com\/?author=1\"}]}<\/script>\n<!-- \/ Yoast SEO plugin. -->","yoast_head_json":{"title":"Realizar\u00e1 presidenta Claudia Sheinbaum primera visita oficial a Tamaulipas - cabellonews.com","robots":{"index":"index","follow":"follow","max-snippet":"max-snippet:-1","max-image-preview":"max-image-preview:large","max-video-preview":"max-video-preview:-1"},"canonical":"https:\/\/cabellonews.com\/?p=1291","og_locale":"en_US","og_type":"article","og_title":"Realizar\u00e1 presidenta Claudia Sheinbaum primera visita oficial a Tamaulipas - cabellonews.com","og_description":"Ciudad de M\u00e9xico.- La presidenta de M\u00e9xico, Claudia Sheinbaum Pardo, realizar\u00e1 su primera visita oficial al estado de Tamaulipas el pr\u00f3ximo domingo 8 de diciembre en la ciudad de Nuevo Laredo, donde ser\u00e1 recibida por el gobernador Am\u00e9rico Villarreal Anaya. Durante la conferencia ma\u00f1anera de este mi\u00e9rcoles en Palacio Nacional, la mandataria dio a conocer que el pr\u00f3ximo fin de semana realizar\u00e1 una gira de trabajo por tres estados. \u201cEste fin de semana vamos a Chiapas, Oaxaca y Tamaulipas\u201d, expres\u00f3 durante su encuentro con los medios de comunicaci\u00f3n, por lo&hellip;","og_url":"https:\/\/cabellonews.com\/?p=1291","og_site_name":"cabellonews.com","article_published_time":"2024-12-04T16:05:00+00:00","article_modified_time":"2024-12-05T16:05:58+00:00","og_image":[{"width":1600,"height":1066,"url":"http:\/\/cabellonews.com\/wp-content\/uploads\/2024\/12\/d205fb9b-567f-4459-b1cc-f5285515086a.jpeg","type":"image\/jpeg"}],"author":"cabellonews.com","twitter_card":"summary_large_image","twitter_misc":{"Written by":"cabellonews.com","Est. reading time":"1 minute"},"schema":{"@context":"https:\/\/schema.org","@graph":[{"@type":"WebPage","@id":"https:\/\/cabellonews.com\/?p=1291","url":"https:\/\/cabellonews.com\/?p=1291","name":"Realizar\u00e1 presidenta Claudia Sheinbaum primera visita oficial a Tamaulipas - cabellonews.com","isPartOf":{"@id":"https:\/\/cabellonews.com\/#website"},"datePublished":"2024-12-04T16:05:00+00:00","dateModified":"2024-12-05T16:05:58+00:00","author":{"@id":"https:\/\/cabellonews.com\/#\/schema\/person\/7afe73bafa6cc5a24fd4c67dfd4379d8"},"breadcrumb":{"@id":"https:\/\/cabellonews.com\/?p=1291#breadcrumb"},"inLanguage":"en-US","potentialAction":[{"@type":"ReadAction","target":["https:\/\/cabellonews.com\/?p=1291"]}]},{"@type":"BreadcrumbList","@id":"https:\/\/cabellonews.com\/?p=1291#breadcrumb","itemListElement":[{"@type":"ListItem","position":1,"name":"Inicio","item":"https:\/\/cabellonews.com\/"},{"@type":"ListItem","position":2,"name":"Realizar\u00e1 presidenta Claudia Sheinbaum primera visita oficial a Tamaulipas"}]},{"@type":"WebSite","@id":"https:\/\/cabellonews.com\/#website","url":"https:\/\/cabellonews.com\/","name":"cabellonews.com","description":"Con Cobertura En Tamaulipas Y norte de Veracruz","potentialAction":[{"@type":"SearchAction","target":{"@type":"EntryPoint","urlTemplate":"https:\/\/cabellonews.com\/?s={search_term_string}"},"query-input":"required name=search_term_string"}],"inLanguage":"en-US"},{"@type":"Person","@id":"https:\/\/cabellonews.com\/#\/schema\/person\/7afe73bafa6cc5a24fd4c67dfd4379d8","name":"cabellonews.com","image":{"@type":"ImageObject","inLanguage":"en-US","@id":"https:\/\/cabellonews.com\/#\/schema\/person\/image\/","url":"https:\/\/secure.gravatar.com\/avatar\/8d6324fc2806389aad4cd38639618406?s=96&d=mm&r=g","contentUrl":"https:\/\/secure.gravatar.com\/avatar\/8d6324fc2806389aad4cd38639618406?s=96&d=mm&r=g","caption":"cabellonews.com"},"sameAs":["http:\/\/cabellonews.com"],"url":"https:\/\/cabellonews.com\/?author=1"}]}},"_links":{"self":[{"href":"https:\/\/cabellonews.com\/index.php?rest_route=\/wp\/v2\/posts\/1291"}],"collection":[{"href":"https:\/\/cabellonews.com\/index.php?rest_route=\/wp\/v2\/posts"}],"about":[{"href":"https:\/\/cabellonews.com\/index.php?rest_route=\/wp\/v2\/types\/post"}],"author":[{"embeddable":true,"href":"https:\/\/cabellonews.com\/index.php?rest_route=\/wp\/v2\/users\/1"}],"replies":[{"embeddable":true,"href":"https:\/\/cabellonews.com\/index.php?rest_route=%2Fwp%2Fv2%2Fcomments&post=1291"}],"version-history":[{"count":1,"href":"https:\/\/cabellonews.com\/index.php?rest_route=\/wp\/v2\/posts\/1291\/revisions"}],"predecessor-version":[{"id":1293,"href":"https:\/\/cabellonews.com\/index.php?rest_route=\/wp\/v2\/posts\/1291\/revisions\/1293"}],"wp:featuredmedia":[{"embeddable":true,"href":"https:\/\/cabellonews.com\/index.php?rest_route=\/wp\/v2\/media\/1292"}],"wp:attachment":[{"href":"https:\/\/cabellonews.com\/index.php?rest_route=%2Fwp%2Fv2%2Fmedia&parent=1291"}],"wp:term":[{"taxonomy":"category","embeddable":true,"href":"https:\/\/cabellonews.com\/index.php?rest_route=%2Fwp%2Fv2%2Fcategories&post=1291"},{"taxonomy":"post_tag","embeddable":true,"href":"https:\/\/cabellonews.com\/index.php?rest_route=%2Fwp%2Fv2%2Ftags&post=1291"}],"curies":[{"name":"wp","href":"https:\/\/api.w.org\/{rel}","templated":true}]}}