{"id":1288,"date":"2024-12-04T16:04:00","date_gmt":"2024-12-04T16:04:00","guid":{"rendered":"https:\/\/cabellonews.com\/?p=1288"},"modified":"2024-12-05T16:04:58","modified_gmt":"2024-12-05T16:04:58","slug":"entrega-monica-villarreal-obras-de-rehabilitacion-educativa-y-social-en-colonia-arenal","status":"publish","type":"post","link":"https:\/\/cabellonews.com\/?p=1288","title":{"rendered":"Entrega M\u00f3nica Villarreal Obras de Rehabilitaci\u00f3n Educativa y Social en colonia Arenal"},"content":{"rendered":"\n<p><em>En sinergia con OXXO se rehabilita un jard\u00edn de ni\u00f1os y se rescata el espacio Tamul<\/em><\/p>\n\n\n<figure class=\"wp-block-post-featured-image\"><img width=\"240\" height=\"172\" src=\"https:\/\/cabellonews.com\/wp-content\/uploads\/2024\/12\/1f21421d-2d04-40d3-a463-cabb20a82b1c-240x172.jpeg\" class=\"attachment-post-thumbnail size-post-thumbnail wp-post-image\" alt=\"\" decoding=\"async\" loading=\"lazy\" \/><\/figure>\n\n\n<p>La Presidenta municipal M\u00f3nica Villarreal Anaya entreg\u00f3, este d\u00eda, las obras de rehabilitaci\u00f3n en el jard\u00edn de ni\u00f1os &#8220;Celia Gardu\u00f1o D\u00edaz Ch\u00e1vez&#8221; y el rescate integral del espacio Tamul, ubicados en la colonia Arenal.<\/p>\n\n\n\n<p>Los trabajos forman parte de la sinergia que existe entre el gobierno municipal y la cadena de tiendas de conveniencia OXXO, cuyo prop\u00f3sito es el de promover espacios dignos y seguros para el desarrollo educativo y la convivencia social y familiar.<\/p>\n\n\n\n<p>En el acto Villarreal Anaya, reconoci\u00f3 la contribuci\u00f3n de Oxxo al desarrollo de la ciudad; as\u00ed como la importancia del establecimiento de este programa de acci\u00f3n comunitaria, que con recursos de la empresa, responde a las necesidades de cada zona.<\/p>\n\n\n\n<p>\u201cEs muy satisfactorio para nosotros ver que empresas como la cadena comercial Oxxo, se suman al esfuerzo de generar mejores condiciones de vida para la poblaci\u00f3n y estos proyectos buscan, adem\u00e1s, del embellecimiento de nuestra ciudad y el mejoramiento de las condiciones de vida mediante la dignificaci\u00f3n de los espacios p\u00fablicos, la promoci\u00f3n de la convivencia familiar; y el apoyo a la educaci\u00f3n\u201d, expres\u00f3.<\/p>\n\n\n\n<p>M\u00f3nica Villarreal subray\u00f3 que la empresa, adem\u00e1s de generar empleo, desarrollo econ\u00f3mico y certeza laboral, se involucra en acciones de mejora del entorno, buscando mediante programas de responsabilidad social, brindar bienestar a la poblaci\u00f3n.<\/p>\n\n\n\n<p>Eduardo Mateos, Gerente de plaza Oxxo Tampico, dijo, por su parte, que seguir\u00e1n trabajando de manera coordinada con el gobierno municipal, para generar acciones que impacten favorablemente en las comunidades.<\/p>\n\n\n\n<p>\u201cHoy vemos materializado el esfuerzo conjunto entre el Ayuntamiento, Oxxo, y nuestra comunidad, a trav\u00e9s del programa de acciones comunitarias que la cadena comercial tiene. Presentamos el compromiso con el bienestar social, creando un entorno adecuado para el desarrollo y recreaci\u00f3n de nuestros ni\u00f1os, as\u00ed como ofrecer un espacio digno de encuentro para todos\u201d.<\/p>\n\n\n\n<p>Al acto asistieron, la responsable de Recursos Humanos de la empresa, Erika S\u00e1nchez; la Directora del plantel beneficiado, Rita Mart\u00ednez; la Directora del Sistema DIF Tampico, Mariana Altamirano Aceves; y el titular de Bienestar Social en el municipio, Omar Fabbri Flores; as\u00ed como miembros del Cabildo y funcionarios municipales.<\/p>\n","protected":false},"excerpt":{"rendered":"<p>En sinergia con OXXO se rehabilita un jard\u00edn de ni\u00f1os y se rescata el espacio Tamul La Presidenta municipal M\u00f3nica Villarreal Anaya entreg\u00f3, este d\u00eda, las obras de rehabilitaci\u00f3n en el jard\u00edn de ni\u00f1os &#8220;Celia Gardu\u00f1o D\u00edaz Ch\u00e1vez&#8221; y el rescate integral del espacio Tamul, ubicados en la colonia Arenal. Los trabajos forman parte de la sinergia que existe entre el gobierno municipal y la cadena de tiendas de conveniencia OXXO, cuyo prop\u00f3sito es el de promover espacios dignos y seguros para el desarrollo educativo y la convivencia social y&hellip;<\/p>\n","protected":false},"author":1,"featured_media":1289,"comment_status":"open","ping_status":"open","sticky":false,"template":"","format":"standard","meta":[],"categories":[1],"tags":[],"gutentor_comment":0,"yoast_head":"<!-- This site is optimized with the Yoast SEO plugin v20.10 - https:\/\/yoast.com\/wordpress\/plugins\/seo\/ -->\n<title>Entrega M\u00f3nica Villarreal Obras de Rehabilitaci\u00f3n Educativa y Social en colonia Arenal - cabellonews.com<\/title>\n<meta name=\"robots\" content=\"index, follow, max-snippet:-1, max-image-preview:large, max-video-preview:-1\" \/>\n<link rel=\"canonical\" href=\"https:\/\/cabellonews.com\/?p=1288\" \/>\n<meta property=\"og:locale\" content=\"en_US\" \/>\n<meta property=\"og:type\" content=\"article\" \/>\n<meta property=\"og:title\" content=\"Entrega M\u00f3nica Villarreal Obras de Rehabilitaci\u00f3n Educativa y Social en colonia Arenal - cabellonews.com\" \/>\n<meta property=\"og:description\" content=\"En sinergia con OXXO se rehabilita un jard\u00edn de ni\u00f1os y se rescata el espacio Tamul La Presidenta municipal M\u00f3nica Villarreal Anaya entreg\u00f3, este d\u00eda, las obras de rehabilitaci\u00f3n en el jard\u00edn de ni\u00f1os &#8220;Celia Gardu\u00f1o D\u00edaz Ch\u00e1vez&#8221; y el rescate integral del espacio Tamul, ubicados en la colonia Arenal. Los trabajos forman parte de la sinergia que existe entre el gobierno municipal y la cadena de tiendas de conveniencia OXXO, cuyo prop\u00f3sito es el de promover espacios dignos y seguros para el desarrollo educativo y la convivencia social y&hellip;\" \/>\n<meta property=\"og:url\" content=\"https:\/\/cabellonews.com\/?p=1288\" \/>\n<meta property=\"og:site_name\" content=\"cabellonews.com\" \/>\n<meta property=\"article:published_time\" content=\"2024-12-04T16:04:00+00:00\" \/>\n<meta property=\"article:modified_time\" content=\"2024-12-05T16:04:58+00:00\" \/>\n<meta property=\"og:image\" content=\"http:\/\/cabellonews.com\/wp-content\/uploads\/2024\/12\/1f21421d-2d04-40d3-a463-cabb20a82b1c-scaled.jpeg\" \/>\n\t<meta property=\"og:image:width\" content=\"2560\" \/>\n\t<meta property=\"og:image:height\" content=\"1707\" \/>\n\t<meta property=\"og:image:type\" content=\"image\/jpeg\" \/>\n<meta name=\"author\" content=\"cabellonews.com\" \/>\n<meta name=\"twitter:card\" content=\"summary_large_image\" \/>\n<meta name=\"twitter:label1\" content=\"Written by\" \/>\n\t<meta name=\"twitter:data1\" content=\"cabellonews.com\" \/>\n\t<meta name=\"twitter:label2\" content=\"Est. reading time\" \/>\n\t<meta name=\"twitter:data2\" content=\"2 minutes\" \/>\n<script type=\"application\/ld+json\" class=\"yoast-schema-graph\">{\"@context\":\"https:\/\/schema.org\",\"@graph\":[{\"@type\":\"WebPage\",\"@id\":\"https:\/\/cabellonews.com\/?p=1288\",\"url\":\"https:\/\/cabellonews.com\/?p=1288\",\"name\":\"Entrega M\u00f3nica Villarreal Obras de Rehabilitaci\u00f3n Educativa y Social en colonia Arenal - cabellonews.com\",\"isPartOf\":{\"@id\":\"https:\/\/cabellonews.com\/#website\"},\"datePublished\":\"2024-12-04T16:04:00+00:00\",\"dateModified\":\"2024-12-05T16:04:58+00:00\",\"author\":{\"@id\":\"https:\/\/cabellonews.com\/#\/schema\/person\/7afe73bafa6cc5a24fd4c67dfd4379d8\"},\"breadcrumb\":{\"@id\":\"https:\/\/cabellonews.com\/?p=1288#breadcrumb\"},\"inLanguage\":\"en-US\",\"potentialAction\":[{\"@type\":\"ReadAction\",\"target\":[\"https:\/\/cabellonews.com\/?p=1288\"]}]},{\"@type\":\"BreadcrumbList\",\"@id\":\"https:\/\/cabellonews.com\/?p=1288#breadcrumb\",\"itemListElement\":[{\"@type\":\"ListItem\",\"position\":1,\"name\":\"Inicio\",\"item\":\"https:\/\/cabellonews.com\/\"},{\"@type\":\"ListItem\",\"position\":2,\"name\":\"Entrega M\u00f3nica Villarreal Obras de Rehabilitaci\u00f3n Educativa y Social en colonia Arenal\"}]},{\"@type\":\"WebSite\",\"@id\":\"https:\/\/cabellonews.com\/#website\",\"url\":\"https:\/\/cabellonews.com\/\",\"name\":\"cabellonews.com\",\"description\":\"Con Cobertura En Tamaulipas Y norte de Veracruz\",\"potentialAction\":[{\"@type\":\"SearchAction\",\"target\":{\"@type\":\"EntryPoint\",\"urlTemplate\":\"https:\/\/cabellonews.com\/?s={search_term_string}\"},\"query-input\":\"required name=search_term_string\"}],\"inLanguage\":\"en-US\"},{\"@type\":\"Person\",\"@id\":\"https:\/\/cabellonews.com\/#\/schema\/person\/7afe73bafa6cc5a24fd4c67dfd4379d8\",\"name\":\"cabellonews.com\",\"image\":{\"@type\":\"ImageObject\",\"inLanguage\":\"en-US\",\"@id\":\"https:\/\/cabellonews.com\/#\/schema\/person\/image\/\",\"url\":\"https:\/\/secure.gravatar.com\/avatar\/8d6324fc2806389aad4cd38639618406?s=96&d=mm&r=g\",\"contentUrl\":\"https:\/\/secure.gravatar.com\/avatar\/8d6324fc2806389aad4cd38639618406?s=96&d=mm&r=g\",\"caption\":\"cabellonews.com\"},\"sameAs\":[\"http:\/\/cabellonews.com\"],\"url\":\"https:\/\/cabellonews.com\/?author=1\"}]}<\/script>\n<!-- \/ Yoast SEO plugin. -->","yoast_head_json":{"title":"Entrega M\u00f3nica Villarreal Obras de Rehabilitaci\u00f3n Educativa y Social en colonia Arenal - cabellonews.com","robots":{"index":"index","follow":"follow","max-snippet":"max-snippet:-1","max-image-preview":"max-image-preview:large","max-video-preview":"max-video-preview:-1"},"canonical":"https:\/\/cabellonews.com\/?p=1288","og_locale":"en_US","og_type":"article","og_title":"Entrega M\u00f3nica Villarreal Obras de Rehabilitaci\u00f3n Educativa y Social en colonia Arenal - cabellonews.com","og_description":"En sinergia con OXXO se rehabilita un jard\u00edn de ni\u00f1os y se rescata el espacio Tamul La Presidenta municipal M\u00f3nica Villarreal Anaya entreg\u00f3, este d\u00eda, las obras de rehabilitaci\u00f3n en el jard\u00edn de ni\u00f1os &#8220;Celia Gardu\u00f1o D\u00edaz Ch\u00e1vez&#8221; y el rescate integral del espacio Tamul, ubicados en la colonia Arenal. Los trabajos forman parte de la sinergia que existe entre el gobierno municipal y la cadena de tiendas de conveniencia OXXO, cuyo prop\u00f3sito es el de promover espacios dignos y seguros para el desarrollo educativo y la convivencia social y&hellip;","og_url":"https:\/\/cabellonews.com\/?p=1288","og_site_name":"cabellonews.com","article_published_time":"2024-12-04T16:04:00+00:00","article_modified_time":"2024-12-05T16:04:58+00:00","og_image":[{"width":2560,"height":1707,"url":"http:\/\/cabellonews.com\/wp-content\/uploads\/2024\/12\/1f21421d-2d04-40d3-a463-cabb20a82b1c-scaled.jpeg","type":"image\/jpeg"}],"author":"cabellonews.com","twitter_card":"summary_large_image","twitter_misc":{"Written by":"cabellonews.com","Est. reading time":"2 minutes"},"schema":{"@context":"https:\/\/schema.org","@graph":[{"@type":"WebPage","@id":"https:\/\/cabellonews.com\/?p=1288","url":"https:\/\/cabellonews.com\/?p=1288","name":"Entrega M\u00f3nica Villarreal Obras de Rehabilitaci\u00f3n Educativa y Social en colonia Arenal - cabellonews.com","isPartOf":{"@id":"https:\/\/cabellonews.com\/#website"},"datePublished":"2024-12-04T16:04:00+00:00","dateModified":"2024-12-05T16:04:58+00:00","author":{"@id":"https:\/\/cabellonews.com\/#\/schema\/person\/7afe73bafa6cc5a24fd4c67dfd4379d8"},"breadcrumb":{"@id":"https:\/\/cabellonews.com\/?p=1288#breadcrumb"},"inLanguage":"en-US","potentialAction":[{"@type":"ReadAction","target":["https:\/\/cabellonews.com\/?p=1288"]}]},{"@type":"BreadcrumbList","@id":"https:\/\/cabellonews.com\/?p=1288#breadcrumb","itemListElement":[{"@type":"ListItem","position":1,"name":"Inicio","item":"https:\/\/cabellonews.com\/"},{"@type":"ListItem","position":2,"name":"Entrega M\u00f3nica Villarreal Obras de Rehabilitaci\u00f3n Educativa y Social en colonia Arenal"}]},{"@type":"WebSite","@id":"https:\/\/cabellonews.com\/#website","url":"https:\/\/cabellonews.com\/","name":"cabellonews.com","description":"Con Cobertura En Tamaulipas Y norte de Veracruz","potentialAction":[{"@type":"SearchAction","target":{"@type":"EntryPoint","urlTemplate":"https:\/\/cabellonews.com\/?s={search_term_string}"},"query-input":"required name=search_term_string"}],"inLanguage":"en-US"},{"@type":"Person","@id":"https:\/\/cabellonews.com\/#\/schema\/person\/7afe73bafa6cc5a24fd4c67dfd4379d8","name":"cabellonews.com","image":{"@type":"ImageObject","inLanguage":"en-US","@id":"https:\/\/cabellonews.com\/#\/schema\/person\/image\/","url":"https:\/\/secure.gravatar.com\/avatar\/8d6324fc2806389aad4cd38639618406?s=96&d=mm&r=g","contentUrl":"https:\/\/secure.gravatar.com\/avatar\/8d6324fc2806389aad4cd38639618406?s=96&d=mm&r=g","caption":"cabellonews.com"},"sameAs":["http:\/\/cabellonews.com"],"url":"https:\/\/cabellonews.com\/?author=1"}]}},"_links":{"self":[{"href":"https:\/\/cabellonews.com\/index.php?rest_route=\/wp\/v2\/posts\/1288"}],"collection":[{"href":"https:\/\/cabellonews.com\/index.php?rest_route=\/wp\/v2\/posts"}],"about":[{"href":"https:\/\/cabellonews.com\/index.php?rest_route=\/wp\/v2\/types\/post"}],"author":[{"embeddable":true,"href":"https:\/\/cabellonews.com\/index.php?rest_route=\/wp\/v2\/users\/1"}],"replies":[{"embeddable":true,"href":"https:\/\/cabellonews.com\/index.php?rest_route=%2Fwp%2Fv2%2Fcomments&post=1288"}],"version-history":[{"count":1,"href":"https:\/\/cabellonews.com\/index.php?rest_route=\/wp\/v2\/posts\/1288\/revisions"}],"predecessor-version":[{"id":1290,"href":"https:\/\/cabellonews.com\/index.php?rest_route=\/wp\/v2\/posts\/1288\/revisions\/1290"}],"wp:featuredmedia":[{"embeddable":true,"href":"https:\/\/cabellonews.com\/index.php?rest_route=\/wp\/v2\/media\/1289"}],"wp:attachment":[{"href":"https:\/\/cabellonews.com\/index.php?rest_route=%2Fwp%2Fv2%2Fmedia&parent=1288"}],"wp:term":[{"taxonomy":"category","embeddable":true,"href":"https:\/\/cabellonews.com\/index.php?rest_route=%2Fwp%2Fv2%2Fcategories&post=1288"},{"taxonomy":"post_tag","embeddable":true,"href":"https:\/\/cabellonews.com\/index.php?rest_route=%2Fwp%2Fv2%2Ftags&post=1288"}],"curies":[{"name":"wp","href":"https:\/\/api.w.org\/{rel}","templated":true}]}}