{"id":1282,"date":"2024-12-03T16:20:24","date_gmt":"2024-12-03T16:20:24","guid":{"rendered":"https:\/\/cabellonews.com\/?p=1282"},"modified":"2024-12-04T16:21:15","modified_gmt":"2024-12-04T16:21:15","slug":"fortalece-monica-villarreal-vocacion-turistica-de-tampico","status":"publish","type":"post","link":"https:\/\/cabellonews.com\/?p=1282","title":{"rendered":"Fortalece M\u00f3nica Villarreal Vocaci\u00f3n Tur\u00edstica de Tampico"},"content":{"rendered":"\n<p><em>Preside instalaci\u00f3n del Consejo Consultivo Tur\u00edstico Municipal<\/em><\/p>\n\n\n<figure class=\"wp-block-post-featured-image\"><img width=\"240\" height=\"172\" src=\"https:\/\/cabellonews.com\/wp-content\/uploads\/2024\/12\/b6f0f301-1d20-46fc-a1d6-e4cbe5695c31-240x172.jpeg\" class=\"attachment-post-thumbnail size-post-thumbnail wp-post-image\" alt=\"\" decoding=\"async\" loading=\"lazy\" \/><\/figure>\n\n\n<p>Con el prop\u00f3sito de impulsar proyectos de desarrollo tur\u00edstico que fortalezcan la presencia de Tampico a nivel nacional e internacional, este d\u00eda fue instalado el Consejo Consultivo Tur\u00edstico Municipal conformado por representantes del sector p\u00fablico y privado, as\u00ed como miembros de instituciones educativas; organizaciones camarales; prestadores de servicios tur\u00edsticos, miembros de la sociedad civil y titulares de dependencia municipales.<\/p>\n\n\n\n<p>Al encabezar la instalaci\u00f3n del Consejo, la Presidenta Municipal, M\u00f3nica Zacil Villarreal Anaya, reconoci\u00f3 la participaci\u00f3n de todos los integrantes del organismo, a quienes invit\u00f3 a trabajar en coordinaci\u00f3n para consolidar a Tampico como uno de los principales destinos tur\u00edsticos del pa\u00eds.<\/p>\n\n\n\n<p>&#8220;Tenemos el inter\u00e9s en particular de que Tampico se desarrolle como la zona tur\u00edstica de las huastecas; y hoy con la participaci\u00f3n de los diferentes sectores trabajaremos en conjunto con el Gobierno del Estado y municipio para seguir consolidando esa connotaci\u00f3n social a las acciones tur\u00edsticas que se desarrollen en nuestro municipio&#8221;, dijo.<\/p>\n\n\n\n<p>M\u00f3nica Villarreal, subray\u00f3 que adem\u00e1s de la infraestructura tur\u00edstica existente, su administraci\u00f3n promueve el desarrollo de actividades que ampl\u00eden el abanico de oportunidades para el crecimiento del sector como la organizaci\u00f3n del Primer Torneo Nacional para deportistas con Discapacidad, y el Torneo Internacional de Tenis Femenil Abierto Tampico, entre otros.<\/p>\n\n\n\n<p>A\u00f1adi\u00f3 que a fin de fortalecer la presencia nacional de la zona conurbada, el pr\u00f3ximo 9 de diciembre se llevar\u00e1 a cabo una campa\u00f1a de promoci\u00f3n en la ciudad de Monterrey y en la capital del pa\u00eds conjuntamente con los municipios de Ciudad Madero y Altamira.<\/p>\n\n\n\n<p>El consejo consultivo qued\u00f3 presidido por la alcaldesa M\u00f3nica Zacil Villarreal Anaya; en tanto que la Secretar\u00eda T\u00e9cnica, estar\u00e1 a cargo de Karime C\u00e1mara Cha\u00edn, titular de turismo en el municipio; adem\u00e1s de los Presidentes entrante y saliente de la Asociaci\u00f3n de Hoteles del Sur de Hoteles, Alberto Ortega Ortega y Sergio Jorge Mar\u00f3n Ceja; el Delegado de la PROFECO en Tampico, Manuel Alberto Leal Villarreal; el Presidente de CANACO, Carlos Mu\u00f1oz Gonz\u00e1lez; la Directora del Centro INAH en Tamaulipas, Tonantzin Silva C\u00e1rdenas; y el representante local del INM en Tampico, Hiram Francisco \u00c1lvarez Luevano.<\/p>\n\n\n\n<p>Del mismo modo, el historiador, David Granados Ram\u00edrez; el Gerente de la Central de Autobuses de Tampico, Jos\u00e9 Refugio Calder\u00f3n Vergara; la Directora de Relaciones P\u00fablicas de Urban Tampico, Cynthia Gonz\u00e1lez de la Barrera; la Directora de Relaciones P\u00fablicas del Cl\u00faster Tur\u00edstico Tampico, Claudia \u00darsula Moctezuma C\u00f3rdoba; y los titulares de Cultura y Bienestar social municipal, David Rodr\u00edguez de la Pe\u00f1a y Omar Fabbri Flores, respectivamente.<\/p>\n","protected":false},"excerpt":{"rendered":"<p>Preside instalaci\u00f3n del Consejo Consultivo Tur\u00edstico Municipal Con el prop\u00f3sito de impulsar proyectos de desarrollo tur\u00edstico que fortalezcan la presencia de Tampico a nivel nacional e internacional, este d\u00eda fue instalado el Consejo Consultivo Tur\u00edstico Municipal conformado por representantes del sector p\u00fablico y privado, as\u00ed como miembros de instituciones educativas; organizaciones camarales; prestadores de servicios tur\u00edsticos, miembros de la sociedad civil y titulares de dependencia municipales. Al encabezar la instalaci\u00f3n del Consejo, la Presidenta Municipal, M\u00f3nica Zacil Villarreal Anaya, reconoci\u00f3 la participaci\u00f3n de todos los integrantes del organismo, a quienes&hellip;<\/p>\n","protected":false},"author":1,"featured_media":1283,"comment_status":"open","ping_status":"open","sticky":false,"template":"","format":"standard","meta":[],"categories":[1],"tags":[],"gutentor_comment":0,"yoast_head":"<!-- This site is optimized with the Yoast SEO plugin v20.10 - https:\/\/yoast.com\/wordpress\/plugins\/seo\/ -->\n<title>Fortalece M\u00f3nica Villarreal Vocaci\u00f3n Tur\u00edstica de Tampico - cabellonews.com<\/title>\n<meta name=\"robots\" content=\"index, follow, max-snippet:-1, max-image-preview:large, max-video-preview:-1\" \/>\n<link rel=\"canonical\" href=\"https:\/\/cabellonews.com\/?p=1282\" \/>\n<meta property=\"og:locale\" content=\"en_US\" \/>\n<meta property=\"og:type\" content=\"article\" \/>\n<meta property=\"og:title\" content=\"Fortalece M\u00f3nica Villarreal Vocaci\u00f3n Tur\u00edstica de Tampico - cabellonews.com\" \/>\n<meta property=\"og:description\" content=\"Preside instalaci\u00f3n del Consejo Consultivo Tur\u00edstico Municipal Con el prop\u00f3sito de impulsar proyectos de desarrollo tur\u00edstico que fortalezcan la presencia de Tampico a nivel nacional e internacional, este d\u00eda fue instalado el Consejo Consultivo Tur\u00edstico Municipal conformado por representantes del sector p\u00fablico y privado, as\u00ed como miembros de instituciones educativas; organizaciones camarales; prestadores de servicios tur\u00edsticos, miembros de la sociedad civil y titulares de dependencia municipales. Al encabezar la instalaci\u00f3n del Consejo, la Presidenta Municipal, M\u00f3nica Zacil Villarreal Anaya, reconoci\u00f3 la participaci\u00f3n de todos los integrantes del organismo, a quienes&hellip;\" \/>\n<meta property=\"og:url\" content=\"https:\/\/cabellonews.com\/?p=1282\" \/>\n<meta property=\"og:site_name\" content=\"cabellonews.com\" \/>\n<meta property=\"article:published_time\" content=\"2024-12-03T16:20:24+00:00\" \/>\n<meta property=\"article:modified_time\" content=\"2024-12-04T16:21:15+00:00\" \/>\n<meta property=\"og:image\" content=\"http:\/\/cabellonews.com\/wp-content\/uploads\/2024\/12\/b6f0f301-1d20-46fc-a1d6-e4cbe5695c31-scaled.jpeg\" \/>\n\t<meta property=\"og:image:width\" content=\"2560\" \/>\n\t<meta property=\"og:image:height\" content=\"1703\" \/>\n\t<meta property=\"og:image:type\" content=\"image\/jpeg\" \/>\n<meta name=\"author\" content=\"cabellonews.com\" \/>\n<meta name=\"twitter:card\" content=\"summary_large_image\" \/>\n<meta name=\"twitter:label1\" content=\"Written by\" \/>\n\t<meta name=\"twitter:data1\" content=\"cabellonews.com\" \/>\n\t<meta name=\"twitter:label2\" content=\"Est. reading time\" \/>\n\t<meta name=\"twitter:data2\" content=\"2 minutes\" \/>\n<script type=\"application\/ld+json\" class=\"yoast-schema-graph\">{\"@context\":\"https:\/\/schema.org\",\"@graph\":[{\"@type\":\"WebPage\",\"@id\":\"https:\/\/cabellonews.com\/?p=1282\",\"url\":\"https:\/\/cabellonews.com\/?p=1282\",\"name\":\"Fortalece M\u00f3nica Villarreal Vocaci\u00f3n Tur\u00edstica de Tampico - cabellonews.com\",\"isPartOf\":{\"@id\":\"https:\/\/cabellonews.com\/#website\"},\"datePublished\":\"2024-12-03T16:20:24+00:00\",\"dateModified\":\"2024-12-04T16:21:15+00:00\",\"author\":{\"@id\":\"https:\/\/cabellonews.com\/#\/schema\/person\/7afe73bafa6cc5a24fd4c67dfd4379d8\"},\"breadcrumb\":{\"@id\":\"https:\/\/cabellonews.com\/?p=1282#breadcrumb\"},\"inLanguage\":\"en-US\",\"potentialAction\":[{\"@type\":\"ReadAction\",\"target\":[\"https:\/\/cabellonews.com\/?p=1282\"]}]},{\"@type\":\"BreadcrumbList\",\"@id\":\"https:\/\/cabellonews.com\/?p=1282#breadcrumb\",\"itemListElement\":[{\"@type\":\"ListItem\",\"position\":1,\"name\":\"Inicio\",\"item\":\"https:\/\/cabellonews.com\/\"},{\"@type\":\"ListItem\",\"position\":2,\"name\":\"Fortalece M\u00f3nica Villarreal Vocaci\u00f3n Tur\u00edstica de Tampico\"}]},{\"@type\":\"WebSite\",\"@id\":\"https:\/\/cabellonews.com\/#website\",\"url\":\"https:\/\/cabellonews.com\/\",\"name\":\"cabellonews.com\",\"description\":\"Con Cobertura En Tamaulipas Y norte de Veracruz\",\"potentialAction\":[{\"@type\":\"SearchAction\",\"target\":{\"@type\":\"EntryPoint\",\"urlTemplate\":\"https:\/\/cabellonews.com\/?s={search_term_string}\"},\"query-input\":\"required name=search_term_string\"}],\"inLanguage\":\"en-US\"},{\"@type\":\"Person\",\"@id\":\"https:\/\/cabellonews.com\/#\/schema\/person\/7afe73bafa6cc5a24fd4c67dfd4379d8\",\"name\":\"cabellonews.com\",\"image\":{\"@type\":\"ImageObject\",\"inLanguage\":\"en-US\",\"@id\":\"https:\/\/cabellonews.com\/#\/schema\/person\/image\/\",\"url\":\"https:\/\/secure.gravatar.com\/avatar\/8d6324fc2806389aad4cd38639618406?s=96&d=mm&r=g\",\"contentUrl\":\"https:\/\/secure.gravatar.com\/avatar\/8d6324fc2806389aad4cd38639618406?s=96&d=mm&r=g\",\"caption\":\"cabellonews.com\"},\"sameAs\":[\"http:\/\/cabellonews.com\"],\"url\":\"https:\/\/cabellonews.com\/?author=1\"}]}<\/script>\n<!-- \/ Yoast SEO plugin. -->","yoast_head_json":{"title":"Fortalece M\u00f3nica Villarreal Vocaci\u00f3n Tur\u00edstica de Tampico - cabellonews.com","robots":{"index":"index","follow":"follow","max-snippet":"max-snippet:-1","max-image-preview":"max-image-preview:large","max-video-preview":"max-video-preview:-1"},"canonical":"https:\/\/cabellonews.com\/?p=1282","og_locale":"en_US","og_type":"article","og_title":"Fortalece M\u00f3nica Villarreal Vocaci\u00f3n Tur\u00edstica de Tampico - cabellonews.com","og_description":"Preside instalaci\u00f3n del Consejo Consultivo Tur\u00edstico Municipal Con el prop\u00f3sito de impulsar proyectos de desarrollo tur\u00edstico que fortalezcan la presencia de Tampico a nivel nacional e internacional, este d\u00eda fue instalado el Consejo Consultivo Tur\u00edstico Municipal conformado por representantes del sector p\u00fablico y privado, as\u00ed como miembros de instituciones educativas; organizaciones camarales; prestadores de servicios tur\u00edsticos, miembros de la sociedad civil y titulares de dependencia municipales. Al encabezar la instalaci\u00f3n del Consejo, la Presidenta Municipal, M\u00f3nica Zacil Villarreal Anaya, reconoci\u00f3 la participaci\u00f3n de todos los integrantes del organismo, a quienes&hellip;","og_url":"https:\/\/cabellonews.com\/?p=1282","og_site_name":"cabellonews.com","article_published_time":"2024-12-03T16:20:24+00:00","article_modified_time":"2024-12-04T16:21:15+00:00","og_image":[{"width":2560,"height":1703,"url":"http:\/\/cabellonews.com\/wp-content\/uploads\/2024\/12\/b6f0f301-1d20-46fc-a1d6-e4cbe5695c31-scaled.jpeg","type":"image\/jpeg"}],"author":"cabellonews.com","twitter_card":"summary_large_image","twitter_misc":{"Written by":"cabellonews.com","Est. reading time":"2 minutes"},"schema":{"@context":"https:\/\/schema.org","@graph":[{"@type":"WebPage","@id":"https:\/\/cabellonews.com\/?p=1282","url":"https:\/\/cabellonews.com\/?p=1282","name":"Fortalece M\u00f3nica Villarreal Vocaci\u00f3n Tur\u00edstica de Tampico - cabellonews.com","isPartOf":{"@id":"https:\/\/cabellonews.com\/#website"},"datePublished":"2024-12-03T16:20:24+00:00","dateModified":"2024-12-04T16:21:15+00:00","author":{"@id":"https:\/\/cabellonews.com\/#\/schema\/person\/7afe73bafa6cc5a24fd4c67dfd4379d8"},"breadcrumb":{"@id":"https:\/\/cabellonews.com\/?p=1282#breadcrumb"},"inLanguage":"en-US","potentialAction":[{"@type":"ReadAction","target":["https:\/\/cabellonews.com\/?p=1282"]}]},{"@type":"BreadcrumbList","@id":"https:\/\/cabellonews.com\/?p=1282#breadcrumb","itemListElement":[{"@type":"ListItem","position":1,"name":"Inicio","item":"https:\/\/cabellonews.com\/"},{"@type":"ListItem","position":2,"name":"Fortalece M\u00f3nica Villarreal Vocaci\u00f3n Tur\u00edstica de Tampico"}]},{"@type":"WebSite","@id":"https:\/\/cabellonews.com\/#website","url":"https:\/\/cabellonews.com\/","name":"cabellonews.com","description":"Con Cobertura En Tamaulipas Y norte de Veracruz","potentialAction":[{"@type":"SearchAction","target":{"@type":"EntryPoint","urlTemplate":"https:\/\/cabellonews.com\/?s={search_term_string}"},"query-input":"required name=search_term_string"}],"inLanguage":"en-US"},{"@type":"Person","@id":"https:\/\/cabellonews.com\/#\/schema\/person\/7afe73bafa6cc5a24fd4c67dfd4379d8","name":"cabellonews.com","image":{"@type":"ImageObject","inLanguage":"en-US","@id":"https:\/\/cabellonews.com\/#\/schema\/person\/image\/","url":"https:\/\/secure.gravatar.com\/avatar\/8d6324fc2806389aad4cd38639618406?s=96&d=mm&r=g","contentUrl":"https:\/\/secure.gravatar.com\/avatar\/8d6324fc2806389aad4cd38639618406?s=96&d=mm&r=g","caption":"cabellonews.com"},"sameAs":["http:\/\/cabellonews.com"],"url":"https:\/\/cabellonews.com\/?author=1"}]}},"_links":{"self":[{"href":"https:\/\/cabellonews.com\/index.php?rest_route=\/wp\/v2\/posts\/1282"}],"collection":[{"href":"https:\/\/cabellonews.com\/index.php?rest_route=\/wp\/v2\/posts"}],"about":[{"href":"https:\/\/cabellonews.com\/index.php?rest_route=\/wp\/v2\/types\/post"}],"author":[{"embeddable":true,"href":"https:\/\/cabellonews.com\/index.php?rest_route=\/wp\/v2\/users\/1"}],"replies":[{"embeddable":true,"href":"https:\/\/cabellonews.com\/index.php?rest_route=%2Fwp%2Fv2%2Fcomments&post=1282"}],"version-history":[{"count":1,"href":"https:\/\/cabellonews.com\/index.php?rest_route=\/wp\/v2\/posts\/1282\/revisions"}],"predecessor-version":[{"id":1284,"href":"https:\/\/cabellonews.com\/index.php?rest_route=\/wp\/v2\/posts\/1282\/revisions\/1284"}],"wp:featuredmedia":[{"embeddable":true,"href":"https:\/\/cabellonews.com\/index.php?rest_route=\/wp\/v2\/media\/1283"}],"wp:attachment":[{"href":"https:\/\/cabellonews.com\/index.php?rest_route=%2Fwp%2Fv2%2Fmedia&parent=1282"}],"wp:term":[{"taxonomy":"category","embeddable":true,"href":"https:\/\/cabellonews.com\/index.php?rest_route=%2Fwp%2Fv2%2Fcategories&post=1282"},{"taxonomy":"post_tag","embeddable":true,"href":"https:\/\/cabellonews.com\/index.php?rest_route=%2Fwp%2Fv2%2Ftags&post=1282"}],"curies":[{"name":"wp","href":"https:\/\/api.w.org\/{rel}","templated":true}]}}