{"id":1279,"date":"2024-12-03T16:19:22","date_gmt":"2024-12-03T16:19:22","guid":{"rendered":"https:\/\/cabellonews.com\/?p=1279"},"modified":"2024-12-04T16:20:06","modified_gmt":"2024-12-04T16:20:06","slug":"sentencian-a-mas-de-80-anos-de-carcel-a-un-acusado-por-secuestro-agravado","status":"publish","type":"post","link":"https:\/\/cabellonews.com\/?p=1279","title":{"rendered":"Sentencian a m\u00e1s de 80 a\u00f1os de c\u00e1rcel a un acusado por secuestro agravado"},"content":{"rendered":"\n<p>El Mante Tamaulipas.- La Fiscal\u00eda General de Justicia del Estado de Tamaulipas informa que, el Agente del Ministerio P\u00fablico obtuvo sentencia de 82 a\u00f1os y 6 meses de prisi\u00f3n, en contra de Juan Nieves \u201cM\u201d por el delito de Secuestro Agravado.<\/p>\n\n\n<figure class=\"wp-block-post-featured-image\"><img width=\"240\" height=\"172\" src=\"https:\/\/cabellonews.com\/wp-content\/uploads\/2024\/12\/0b89d0ca-021a-49bd-b756-d0edde8fad7a-240x172.jpeg\" class=\"attachment-post-thumbnail size-post-thumbnail wp-post-image\" alt=\"\" decoding=\"async\" loading=\"lazy\" srcset=\"https:\/\/cabellonews.com\/wp-content\/uploads\/2024\/12\/0b89d0ca-021a-49bd-b756-d0edde8fad7a-240x172.jpeg 240w, https:\/\/cabellonews.com\/wp-content\/uploads\/2024\/12\/0b89d0ca-021a-49bd-b756-d0edde8fad7a-392x280.jpeg 392w\" sizes=\"(max-width: 240px) 100vw, 240px\" \/><\/figure>\n\n\n<p>Un Juez de Primera Instancia Mixto emiti\u00f3 la resoluci\u00f3n, despu\u00e9s de que el Representante Social acredit\u00f3 el delito; as\u00ed como la responsabilidad del hoy sentenciado, en los hechos registrados el 25 de diciembre del 2015, en la Zona Centro del municipio de Llera.<\/p>\n\n\n\n<p>Comprometidos con la sociedad, la Fiscal\u00eda General de Justicia del Estado de Tamaulipas refrenda su compromiso de trabajar para perseguir y sancionar a quienes atentan contra la seguridad y libertad de las familias tamaulipecas.<\/p>\n","protected":false},"excerpt":{"rendered":"<p>El Mante Tamaulipas.- La Fiscal\u00eda General de Justicia del Estado de Tamaulipas informa que, el Agente del Ministerio P\u00fablico obtuvo sentencia de 82 a\u00f1os y 6 meses de prisi\u00f3n, en contra de Juan Nieves \u201cM\u201d por el delito de Secuestro Agravado. Un Juez de Primera Instancia Mixto emiti\u00f3 la resoluci\u00f3n, despu\u00e9s de que el Representante Social acredit\u00f3 el delito; as\u00ed como la responsabilidad del hoy sentenciado, en los hechos registrados el 25 de diciembre del 2015, en la Zona Centro del municipio de Llera. Comprometidos con la sociedad, la Fiscal\u00eda&hellip;<\/p>\n","protected":false},"author":1,"featured_media":1280,"comment_status":"open","ping_status":"open","sticky":false,"template":"","format":"standard","meta":[],"categories":[1],"tags":[],"gutentor_comment":0,"yoast_head":"<!-- This site is optimized with the Yoast SEO plugin v20.10 - https:\/\/yoast.com\/wordpress\/plugins\/seo\/ -->\n<title>Sentencian a m\u00e1s de 80 a\u00f1os de c\u00e1rcel a un acusado por secuestro agravado - cabellonews.com<\/title>\n<meta name=\"robots\" content=\"index, follow, max-snippet:-1, max-image-preview:large, max-video-preview:-1\" \/>\n<link rel=\"canonical\" href=\"https:\/\/cabellonews.com\/?p=1279\" \/>\n<meta property=\"og:locale\" content=\"en_US\" \/>\n<meta property=\"og:type\" content=\"article\" \/>\n<meta property=\"og:title\" content=\"Sentencian a m\u00e1s de 80 a\u00f1os de c\u00e1rcel a un acusado por secuestro agravado - cabellonews.com\" \/>\n<meta property=\"og:description\" content=\"El Mante Tamaulipas.- La Fiscal\u00eda General de Justicia del Estado de Tamaulipas informa que, el Agente del Ministerio P\u00fablico obtuvo sentencia de 82 a\u00f1os y 6 meses de prisi\u00f3n, en contra de Juan Nieves \u201cM\u201d por el delito de Secuestro Agravado. Un Juez de Primera Instancia Mixto emiti\u00f3 la resoluci\u00f3n, despu\u00e9s de que el Representante Social acredit\u00f3 el delito; as\u00ed como la responsabilidad del hoy sentenciado, en los hechos registrados el 25 de diciembre del 2015, en la Zona Centro del municipio de Llera. Comprometidos con la sociedad, la Fiscal\u00eda&hellip;\" \/>\n<meta property=\"og:url\" content=\"https:\/\/cabellonews.com\/?p=1279\" \/>\n<meta property=\"og:site_name\" content=\"cabellonews.com\" \/>\n<meta property=\"article:published_time\" content=\"2024-12-03T16:19:22+00:00\" \/>\n<meta property=\"article:modified_time\" content=\"2024-12-04T16:20:06+00:00\" \/>\n<meta property=\"og:image\" content=\"http:\/\/cabellonews.com\/wp-content\/uploads\/2024\/12\/0b89d0ca-021a-49bd-b756-d0edde8fad7a.jpeg\" \/>\n\t<meta property=\"og:image:width\" content=\"392\" \/>\n\t<meta property=\"og:image:height\" content=\"426\" \/>\n\t<meta property=\"og:image:type\" content=\"image\/jpeg\" \/>\n<meta name=\"author\" content=\"cabellonews.com\" \/>\n<meta name=\"twitter:card\" content=\"summary_large_image\" \/>\n<meta name=\"twitter:label1\" content=\"Written by\" \/>\n\t<meta name=\"twitter:data1\" content=\"cabellonews.com\" \/>\n\t<meta name=\"twitter:label2\" content=\"Est. reading time\" \/>\n\t<meta name=\"twitter:data2\" content=\"1 minute\" \/>\n<script type=\"application\/ld+json\" class=\"yoast-schema-graph\">{\"@context\":\"https:\/\/schema.org\",\"@graph\":[{\"@type\":\"WebPage\",\"@id\":\"https:\/\/cabellonews.com\/?p=1279\",\"url\":\"https:\/\/cabellonews.com\/?p=1279\",\"name\":\"Sentencian a m\u00e1s de 80 a\u00f1os de c\u00e1rcel a un acusado por secuestro agravado - cabellonews.com\",\"isPartOf\":{\"@id\":\"https:\/\/cabellonews.com\/#website\"},\"datePublished\":\"2024-12-03T16:19:22+00:00\",\"dateModified\":\"2024-12-04T16:20:06+00:00\",\"author\":{\"@id\":\"https:\/\/cabellonews.com\/#\/schema\/person\/7afe73bafa6cc5a24fd4c67dfd4379d8\"},\"breadcrumb\":{\"@id\":\"https:\/\/cabellonews.com\/?p=1279#breadcrumb\"},\"inLanguage\":\"en-US\",\"potentialAction\":[{\"@type\":\"ReadAction\",\"target\":[\"https:\/\/cabellonews.com\/?p=1279\"]}]},{\"@type\":\"BreadcrumbList\",\"@id\":\"https:\/\/cabellonews.com\/?p=1279#breadcrumb\",\"itemListElement\":[{\"@type\":\"ListItem\",\"position\":1,\"name\":\"Inicio\",\"item\":\"https:\/\/cabellonews.com\/\"},{\"@type\":\"ListItem\",\"position\":2,\"name\":\"Sentencian a m\u00e1s de 80 a\u00f1os de c\u00e1rcel a un acusado por secuestro agravado\"}]},{\"@type\":\"WebSite\",\"@id\":\"https:\/\/cabellonews.com\/#website\",\"url\":\"https:\/\/cabellonews.com\/\",\"name\":\"cabellonews.com\",\"description\":\"Con Cobertura En Tamaulipas Y norte de Veracruz\",\"potentialAction\":[{\"@type\":\"SearchAction\",\"target\":{\"@type\":\"EntryPoint\",\"urlTemplate\":\"https:\/\/cabellonews.com\/?s={search_term_string}\"},\"query-input\":\"required name=search_term_string\"}],\"inLanguage\":\"en-US\"},{\"@type\":\"Person\",\"@id\":\"https:\/\/cabellonews.com\/#\/schema\/person\/7afe73bafa6cc5a24fd4c67dfd4379d8\",\"name\":\"cabellonews.com\",\"image\":{\"@type\":\"ImageObject\",\"inLanguage\":\"en-US\",\"@id\":\"https:\/\/cabellonews.com\/#\/schema\/person\/image\/\",\"url\":\"https:\/\/secure.gravatar.com\/avatar\/8d6324fc2806389aad4cd38639618406?s=96&d=mm&r=g\",\"contentUrl\":\"https:\/\/secure.gravatar.com\/avatar\/8d6324fc2806389aad4cd38639618406?s=96&d=mm&r=g\",\"caption\":\"cabellonews.com\"},\"sameAs\":[\"http:\/\/cabellonews.com\"],\"url\":\"https:\/\/cabellonews.com\/?author=1\"}]}<\/script>\n<!-- \/ Yoast SEO plugin. -->","yoast_head_json":{"title":"Sentencian a m\u00e1s de 80 a\u00f1os de c\u00e1rcel a un acusado por secuestro agravado - cabellonews.com","robots":{"index":"index","follow":"follow","max-snippet":"max-snippet:-1","max-image-preview":"max-image-preview:large","max-video-preview":"max-video-preview:-1"},"canonical":"https:\/\/cabellonews.com\/?p=1279","og_locale":"en_US","og_type":"article","og_title":"Sentencian a m\u00e1s de 80 a\u00f1os de c\u00e1rcel a un acusado por secuestro agravado - cabellonews.com","og_description":"El Mante Tamaulipas.- La Fiscal\u00eda General de Justicia del Estado de Tamaulipas informa que, el Agente del Ministerio P\u00fablico obtuvo sentencia de 82 a\u00f1os y 6 meses de prisi\u00f3n, en contra de Juan Nieves \u201cM\u201d por el delito de Secuestro Agravado. Un Juez de Primera Instancia Mixto emiti\u00f3 la resoluci\u00f3n, despu\u00e9s de que el Representante Social acredit\u00f3 el delito; as\u00ed como la responsabilidad del hoy sentenciado, en los hechos registrados el 25 de diciembre del 2015, en la Zona Centro del municipio de Llera. Comprometidos con la sociedad, la Fiscal\u00eda&hellip;","og_url":"https:\/\/cabellonews.com\/?p=1279","og_site_name":"cabellonews.com","article_published_time":"2024-12-03T16:19:22+00:00","article_modified_time":"2024-12-04T16:20:06+00:00","og_image":[{"width":392,"height":426,"url":"http:\/\/cabellonews.com\/wp-content\/uploads\/2024\/12\/0b89d0ca-021a-49bd-b756-d0edde8fad7a.jpeg","type":"image\/jpeg"}],"author":"cabellonews.com","twitter_card":"summary_large_image","twitter_misc":{"Written by":"cabellonews.com","Est. reading time":"1 minute"},"schema":{"@context":"https:\/\/schema.org","@graph":[{"@type":"WebPage","@id":"https:\/\/cabellonews.com\/?p=1279","url":"https:\/\/cabellonews.com\/?p=1279","name":"Sentencian a m\u00e1s de 80 a\u00f1os de c\u00e1rcel a un acusado por secuestro agravado - cabellonews.com","isPartOf":{"@id":"https:\/\/cabellonews.com\/#website"},"datePublished":"2024-12-03T16:19:22+00:00","dateModified":"2024-12-04T16:20:06+00:00","author":{"@id":"https:\/\/cabellonews.com\/#\/schema\/person\/7afe73bafa6cc5a24fd4c67dfd4379d8"},"breadcrumb":{"@id":"https:\/\/cabellonews.com\/?p=1279#breadcrumb"},"inLanguage":"en-US","potentialAction":[{"@type":"ReadAction","target":["https:\/\/cabellonews.com\/?p=1279"]}]},{"@type":"BreadcrumbList","@id":"https:\/\/cabellonews.com\/?p=1279#breadcrumb","itemListElement":[{"@type":"ListItem","position":1,"name":"Inicio","item":"https:\/\/cabellonews.com\/"},{"@type":"ListItem","position":2,"name":"Sentencian a m\u00e1s de 80 a\u00f1os de c\u00e1rcel a un acusado por secuestro agravado"}]},{"@type":"WebSite","@id":"https:\/\/cabellonews.com\/#website","url":"https:\/\/cabellonews.com\/","name":"cabellonews.com","description":"Con Cobertura En Tamaulipas Y norte de Veracruz","potentialAction":[{"@type":"SearchAction","target":{"@type":"EntryPoint","urlTemplate":"https:\/\/cabellonews.com\/?s={search_term_string}"},"query-input":"required name=search_term_string"}],"inLanguage":"en-US"},{"@type":"Person","@id":"https:\/\/cabellonews.com\/#\/schema\/person\/7afe73bafa6cc5a24fd4c67dfd4379d8","name":"cabellonews.com","image":{"@type":"ImageObject","inLanguage":"en-US","@id":"https:\/\/cabellonews.com\/#\/schema\/person\/image\/","url":"https:\/\/secure.gravatar.com\/avatar\/8d6324fc2806389aad4cd38639618406?s=96&d=mm&r=g","contentUrl":"https:\/\/secure.gravatar.com\/avatar\/8d6324fc2806389aad4cd38639618406?s=96&d=mm&r=g","caption":"cabellonews.com"},"sameAs":["http:\/\/cabellonews.com"],"url":"https:\/\/cabellonews.com\/?author=1"}]}},"_links":{"self":[{"href":"https:\/\/cabellonews.com\/index.php?rest_route=\/wp\/v2\/posts\/1279"}],"collection":[{"href":"https:\/\/cabellonews.com\/index.php?rest_route=\/wp\/v2\/posts"}],"about":[{"href":"https:\/\/cabellonews.com\/index.php?rest_route=\/wp\/v2\/types\/post"}],"author":[{"embeddable":true,"href":"https:\/\/cabellonews.com\/index.php?rest_route=\/wp\/v2\/users\/1"}],"replies":[{"embeddable":true,"href":"https:\/\/cabellonews.com\/index.php?rest_route=%2Fwp%2Fv2%2Fcomments&post=1279"}],"version-history":[{"count":1,"href":"https:\/\/cabellonews.com\/index.php?rest_route=\/wp\/v2\/posts\/1279\/revisions"}],"predecessor-version":[{"id":1281,"href":"https:\/\/cabellonews.com\/index.php?rest_route=\/wp\/v2\/posts\/1279\/revisions\/1281"}],"wp:featuredmedia":[{"embeddable":true,"href":"https:\/\/cabellonews.com\/index.php?rest_route=\/wp\/v2\/media\/1280"}],"wp:attachment":[{"href":"https:\/\/cabellonews.com\/index.php?rest_route=%2Fwp%2Fv2%2Fmedia&parent=1279"}],"wp:term":[{"taxonomy":"category","embeddable":true,"href":"https:\/\/cabellonews.com\/index.php?rest_route=%2Fwp%2Fv2%2Fcategories&post=1279"},{"taxonomy":"post_tag","embeddable":true,"href":"https:\/\/cabellonews.com\/index.php?rest_route=%2Fwp%2Fv2%2Ftags&post=1279"}],"curies":[{"name":"wp","href":"https:\/\/api.w.org\/{rel}","templated":true}]}}