{"id":1273,"date":"2024-12-02T15:09:00","date_gmt":"2024-12-02T15:09:00","guid":{"rendered":"https:\/\/cabellonews.com\/?p=1273"},"modified":"2024-12-03T15:09:57","modified_gmt":"2024-12-03T15:09:57","slug":"60-anos-de-carcel-para-feminicid-y-violdor-de-altamira","status":"publish","type":"post","link":"https:\/\/cabellonews.com\/?p=1273","title":{"rendered":"60 a\u00f1os de c\u00e1rcel para feminicid@ y viol@dor de #Altamira"},"content":{"rendered":"\n<p>Los hechos ocurrieron en el 2019 en Villa Cuauht\u00e9moc, municipio de Altamira<\/p>\n\n\n<figure class=\"wp-block-post-featured-image\"><img width=\"240\" height=\"172\" src=\"https:\/\/cabellonews.com\/wp-content\/uploads\/2024\/12\/a7425207-eece-449f-a1ac-2494b9afc658-240x172.jpeg\" class=\"attachment-post-thumbnail size-post-thumbnail wp-post-image\" alt=\"\" decoding=\"async\" loading=\"lazy\" srcset=\"https:\/\/cabellonews.com\/wp-content\/uploads\/2024\/12\/a7425207-eece-449f-a1ac-2494b9afc658-240x172.jpeg 240w, https:\/\/cabellonews.com\/wp-content\/uploads\/2024\/12\/a7425207-eece-449f-a1ac-2494b9afc658-392x280.jpeg 392w\" sizes=\"(max-width: 240px) 100vw, 240px\" \/><\/figure>\n\n\n<p>Una sentencia de 40 a\u00f1os de prisi\u00f3n por haber privado de la vida a una mujer, y otra m\u00e1s de 20 a\u00f1os por abus@r sexualmente de una menor de edad, le fue aplicada a un sujeto que cometi\u00f3 tales delitos en Villa Cuauht\u00e9moc, municipio de Altamira.<\/p>\n\n\n\n<p>La Fiscal\u00eda General de Justicia dio a conocer la resoluci\u00f3n de un juez, que dictamin\u00f3 la sentencia en contra de Pedro C como responsable de incurrir en los delitos de feminicidio y viol@ci\u00f3n equiparada agravada.<\/p>\n\n\n\n<p>El Agente del Ministerio P\u00fablico adscrito a la Fiscal\u00eda Especializada en Investigaci\u00f3n de Delitos contra Ni\u00f1as, Ni\u00f1os y Adolescentes y Delitos contra Mujeres por Razones de G\u00e9nero (FENNAM), aport\u00f3 las pruebas suficientes para que un Juez de Primera Instancia Penal emitiera la sentencia en contra de esta persona por los hechos ocurridos el pasado 10 de noviembre del a\u00f1o 2019 en la referida localidad del municipio altamirense.<\/p>\n\n\n\n<p>Adem\u00e1s, la autoridad orden\u00f3 al sentenciado el pago de 215, mil 104 pesos como reparaci\u00f3n del da\u00f1o.<\/p>\n","protected":false},"excerpt":{"rendered":"<p>Los hechos ocurrieron en el 2019 en Villa Cuauht\u00e9moc, municipio de Altamira Una sentencia de 40 a\u00f1os de prisi\u00f3n por haber privado de la vida a una mujer, y otra m\u00e1s de 20 a\u00f1os por abus@r sexualmente de una menor de edad, le fue aplicada a un sujeto que cometi\u00f3 tales delitos en Villa Cuauht\u00e9moc, municipio de Altamira. La Fiscal\u00eda General de Justicia dio a conocer la resoluci\u00f3n de un juez, que dictamin\u00f3 la sentencia en contra de Pedro C como responsable de incurrir en los delitos de feminicidio y&hellip;<\/p>\n","protected":false},"author":1,"featured_media":1274,"comment_status":"open","ping_status":"open","sticky":false,"template":"","format":"standard","meta":[],"categories":[1],"tags":[],"gutentor_comment":0,"yoast_head":"<!-- This site is optimized with the Yoast SEO plugin v20.10 - https:\/\/yoast.com\/wordpress\/plugins\/seo\/ -->\n<title>60 a\u00f1os de c\u00e1rcel para feminicid@ y viol@dor de #Altamira - cabellonews.com<\/title>\n<meta name=\"robots\" content=\"index, follow, max-snippet:-1, max-image-preview:large, max-video-preview:-1\" \/>\n<link rel=\"canonical\" href=\"https:\/\/cabellonews.com\/?p=1273\" \/>\n<meta property=\"og:locale\" content=\"en_US\" \/>\n<meta property=\"og:type\" content=\"article\" \/>\n<meta property=\"og:title\" content=\"60 a\u00f1os de c\u00e1rcel para feminicid@ y viol@dor de #Altamira - cabellonews.com\" \/>\n<meta property=\"og:description\" content=\"Los hechos ocurrieron en el 2019 en Villa Cuauht\u00e9moc, municipio de Altamira Una sentencia de 40 a\u00f1os de prisi\u00f3n por haber privado de la vida a una mujer, y otra m\u00e1s de 20 a\u00f1os por abus@r sexualmente de una menor de edad, le fue aplicada a un sujeto que cometi\u00f3 tales delitos en Villa Cuauht\u00e9moc, municipio de Altamira. La Fiscal\u00eda General de Justicia dio a conocer la resoluci\u00f3n de un juez, que dictamin\u00f3 la sentencia en contra de Pedro C como responsable de incurrir en los delitos de feminicidio y&hellip;\" \/>\n<meta property=\"og:url\" content=\"https:\/\/cabellonews.com\/?p=1273\" \/>\n<meta property=\"og:site_name\" content=\"cabellonews.com\" \/>\n<meta property=\"article:published_time\" content=\"2024-12-02T15:09:00+00:00\" \/>\n<meta property=\"article:modified_time\" content=\"2024-12-03T15:09:57+00:00\" \/>\n<meta property=\"og:image\" content=\"http:\/\/cabellonews.com\/wp-content\/uploads\/2024\/12\/a7425207-eece-449f-a1ac-2494b9afc658.jpeg\" \/>\n\t<meta property=\"og:image:width\" content=\"392\" \/>\n\t<meta property=\"og:image:height\" content=\"427\" \/>\n\t<meta property=\"og:image:type\" content=\"image\/jpeg\" \/>\n<meta name=\"author\" content=\"cabellonews.com\" \/>\n<meta name=\"twitter:card\" content=\"summary_large_image\" \/>\n<meta name=\"twitter:label1\" content=\"Written by\" \/>\n\t<meta name=\"twitter:data1\" content=\"cabellonews.com\" \/>\n\t<meta name=\"twitter:label2\" content=\"Est. reading time\" \/>\n\t<meta name=\"twitter:data2\" content=\"1 minute\" \/>\n<script type=\"application\/ld+json\" class=\"yoast-schema-graph\">{\"@context\":\"https:\/\/schema.org\",\"@graph\":[{\"@type\":\"WebPage\",\"@id\":\"https:\/\/cabellonews.com\/?p=1273\",\"url\":\"https:\/\/cabellonews.com\/?p=1273\",\"name\":\"60 a\u00f1os de c\u00e1rcel para feminicid@ y viol@dor de #Altamira - cabellonews.com\",\"isPartOf\":{\"@id\":\"https:\/\/cabellonews.com\/#website\"},\"datePublished\":\"2024-12-02T15:09:00+00:00\",\"dateModified\":\"2024-12-03T15:09:57+00:00\",\"author\":{\"@id\":\"https:\/\/cabellonews.com\/#\/schema\/person\/7afe73bafa6cc5a24fd4c67dfd4379d8\"},\"breadcrumb\":{\"@id\":\"https:\/\/cabellonews.com\/?p=1273#breadcrumb\"},\"inLanguage\":\"en-US\",\"potentialAction\":[{\"@type\":\"ReadAction\",\"target\":[\"https:\/\/cabellonews.com\/?p=1273\"]}]},{\"@type\":\"BreadcrumbList\",\"@id\":\"https:\/\/cabellonews.com\/?p=1273#breadcrumb\",\"itemListElement\":[{\"@type\":\"ListItem\",\"position\":1,\"name\":\"Inicio\",\"item\":\"https:\/\/cabellonews.com\/\"},{\"@type\":\"ListItem\",\"position\":2,\"name\":\"60 a\u00f1os de c\u00e1rcel para feminicid@ y viol@dor de #Altamira\"}]},{\"@type\":\"WebSite\",\"@id\":\"https:\/\/cabellonews.com\/#website\",\"url\":\"https:\/\/cabellonews.com\/\",\"name\":\"cabellonews.com\",\"description\":\"Con Cobertura En Tamaulipas Y norte de Veracruz\",\"potentialAction\":[{\"@type\":\"SearchAction\",\"target\":{\"@type\":\"EntryPoint\",\"urlTemplate\":\"https:\/\/cabellonews.com\/?s={search_term_string}\"},\"query-input\":\"required name=search_term_string\"}],\"inLanguage\":\"en-US\"},{\"@type\":\"Person\",\"@id\":\"https:\/\/cabellonews.com\/#\/schema\/person\/7afe73bafa6cc5a24fd4c67dfd4379d8\",\"name\":\"cabellonews.com\",\"image\":{\"@type\":\"ImageObject\",\"inLanguage\":\"en-US\",\"@id\":\"https:\/\/cabellonews.com\/#\/schema\/person\/image\/\",\"url\":\"https:\/\/secure.gravatar.com\/avatar\/8d6324fc2806389aad4cd38639618406?s=96&d=mm&r=g\",\"contentUrl\":\"https:\/\/secure.gravatar.com\/avatar\/8d6324fc2806389aad4cd38639618406?s=96&d=mm&r=g\",\"caption\":\"cabellonews.com\"},\"sameAs\":[\"http:\/\/cabellonews.com\"],\"url\":\"https:\/\/cabellonews.com\/?author=1\"}]}<\/script>\n<!-- \/ Yoast SEO plugin. -->","yoast_head_json":{"title":"60 a\u00f1os de c\u00e1rcel para feminicid@ y viol@dor de #Altamira - cabellonews.com","robots":{"index":"index","follow":"follow","max-snippet":"max-snippet:-1","max-image-preview":"max-image-preview:large","max-video-preview":"max-video-preview:-1"},"canonical":"https:\/\/cabellonews.com\/?p=1273","og_locale":"en_US","og_type":"article","og_title":"60 a\u00f1os de c\u00e1rcel para feminicid@ y viol@dor de #Altamira - cabellonews.com","og_description":"Los hechos ocurrieron en el 2019 en Villa Cuauht\u00e9moc, municipio de Altamira Una sentencia de 40 a\u00f1os de prisi\u00f3n por haber privado de la vida a una mujer, y otra m\u00e1s de 20 a\u00f1os por abus@r sexualmente de una menor de edad, le fue aplicada a un sujeto que cometi\u00f3 tales delitos en Villa Cuauht\u00e9moc, municipio de Altamira. La Fiscal\u00eda General de Justicia dio a conocer la resoluci\u00f3n de un juez, que dictamin\u00f3 la sentencia en contra de Pedro C como responsable de incurrir en los delitos de feminicidio y&hellip;","og_url":"https:\/\/cabellonews.com\/?p=1273","og_site_name":"cabellonews.com","article_published_time":"2024-12-02T15:09:00+00:00","article_modified_time":"2024-12-03T15:09:57+00:00","og_image":[{"width":392,"height":427,"url":"http:\/\/cabellonews.com\/wp-content\/uploads\/2024\/12\/a7425207-eece-449f-a1ac-2494b9afc658.jpeg","type":"image\/jpeg"}],"author":"cabellonews.com","twitter_card":"summary_large_image","twitter_misc":{"Written by":"cabellonews.com","Est. reading time":"1 minute"},"schema":{"@context":"https:\/\/schema.org","@graph":[{"@type":"WebPage","@id":"https:\/\/cabellonews.com\/?p=1273","url":"https:\/\/cabellonews.com\/?p=1273","name":"60 a\u00f1os de c\u00e1rcel para feminicid@ y viol@dor de #Altamira - cabellonews.com","isPartOf":{"@id":"https:\/\/cabellonews.com\/#website"},"datePublished":"2024-12-02T15:09:00+00:00","dateModified":"2024-12-03T15:09:57+00:00","author":{"@id":"https:\/\/cabellonews.com\/#\/schema\/person\/7afe73bafa6cc5a24fd4c67dfd4379d8"},"breadcrumb":{"@id":"https:\/\/cabellonews.com\/?p=1273#breadcrumb"},"inLanguage":"en-US","potentialAction":[{"@type":"ReadAction","target":["https:\/\/cabellonews.com\/?p=1273"]}]},{"@type":"BreadcrumbList","@id":"https:\/\/cabellonews.com\/?p=1273#breadcrumb","itemListElement":[{"@type":"ListItem","position":1,"name":"Inicio","item":"https:\/\/cabellonews.com\/"},{"@type":"ListItem","position":2,"name":"60 a\u00f1os de c\u00e1rcel para feminicid@ y viol@dor de #Altamira"}]},{"@type":"WebSite","@id":"https:\/\/cabellonews.com\/#website","url":"https:\/\/cabellonews.com\/","name":"cabellonews.com","description":"Con Cobertura En Tamaulipas Y norte de Veracruz","potentialAction":[{"@type":"SearchAction","target":{"@type":"EntryPoint","urlTemplate":"https:\/\/cabellonews.com\/?s={search_term_string}"},"query-input":"required name=search_term_string"}],"inLanguage":"en-US"},{"@type":"Person","@id":"https:\/\/cabellonews.com\/#\/schema\/person\/7afe73bafa6cc5a24fd4c67dfd4379d8","name":"cabellonews.com","image":{"@type":"ImageObject","inLanguage":"en-US","@id":"https:\/\/cabellonews.com\/#\/schema\/person\/image\/","url":"https:\/\/secure.gravatar.com\/avatar\/8d6324fc2806389aad4cd38639618406?s=96&d=mm&r=g","contentUrl":"https:\/\/secure.gravatar.com\/avatar\/8d6324fc2806389aad4cd38639618406?s=96&d=mm&r=g","caption":"cabellonews.com"},"sameAs":["http:\/\/cabellonews.com"],"url":"https:\/\/cabellonews.com\/?author=1"}]}},"_links":{"self":[{"href":"https:\/\/cabellonews.com\/index.php?rest_route=\/wp\/v2\/posts\/1273"}],"collection":[{"href":"https:\/\/cabellonews.com\/index.php?rest_route=\/wp\/v2\/posts"}],"about":[{"href":"https:\/\/cabellonews.com\/index.php?rest_route=\/wp\/v2\/types\/post"}],"author":[{"embeddable":true,"href":"https:\/\/cabellonews.com\/index.php?rest_route=\/wp\/v2\/users\/1"}],"replies":[{"embeddable":true,"href":"https:\/\/cabellonews.com\/index.php?rest_route=%2Fwp%2Fv2%2Fcomments&post=1273"}],"version-history":[{"count":1,"href":"https:\/\/cabellonews.com\/index.php?rest_route=\/wp\/v2\/posts\/1273\/revisions"}],"predecessor-version":[{"id":1275,"href":"https:\/\/cabellonews.com\/index.php?rest_route=\/wp\/v2\/posts\/1273\/revisions\/1275"}],"wp:featuredmedia":[{"embeddable":true,"href":"https:\/\/cabellonews.com\/index.php?rest_route=\/wp\/v2\/media\/1274"}],"wp:attachment":[{"href":"https:\/\/cabellonews.com\/index.php?rest_route=%2Fwp%2Fv2%2Fmedia&parent=1273"}],"wp:term":[{"taxonomy":"category","embeddable":true,"href":"https:\/\/cabellonews.com\/index.php?rest_route=%2Fwp%2Fv2%2Fcategories&post=1273"},{"taxonomy":"post_tag","embeddable":true,"href":"https:\/\/cabellonews.com\/index.php?rest_route=%2Fwp%2Fv2%2Ftags&post=1273"}],"curies":[{"name":"wp","href":"https:\/\/api.w.org\/{rel}","templated":true}]}}