{"id":1259,"date":"2024-12-03T02:24:17","date_gmt":"2024-12-03T02:24:17","guid":{"rendered":"https:\/\/cabellonews.com\/?p=1259"},"modified":"2024-12-03T02:24:17","modified_gmt":"2024-12-03T02:24:17","slug":"1259","status":"publish","type":"post","link":"https:\/\/cabellonews.com\/?p=1259","title":{"rendered":""},"content":{"rendered":"\n<hr class=\"wp-block-separator has-alpha-channel-opacity\"\/>\n\n\n<figure class=\"wp-block-post-featured-image\"><img width=\"240\" height=\"172\" src=\"https:\/\/cabellonews.com\/wp-content\/uploads\/2024\/12\/dc6f3287-5eb8-4ac8-837b-befcae62f744-240x172.jpeg\" class=\"attachment-post-thumbnail size-post-thumbnail wp-post-image\" alt=\"\" decoding=\"async\" loading=\"lazy\" \/><\/figure>\n\n\n<p>COMUNICADO PRINCIPAL<\/p>\n\n\n\n<p><em>Pone en Marcha M\u00f3nica Villarreal Operativo de Seguridad Tampico Te Cuida 2024<\/em><\/p>\n\n\n\n<p><em>M\u00e1s de 150 elementos fortalecer\u00e1n las acciones de vigilancia en zonas estrat\u00e9gicas<\/em><\/p>\n\n\n\n<p>Garantizar la seguridad de la poblaci\u00f3n, el comercio y turismo, mediante acciones coordinadas de las diferentes dependencias de seguridad y protecci\u00f3n civil, es el objetivo fundamental del operativo &#8220;Navidad Segura, Tampico Te Cuida 2024&#8221;, puesto en marcha este d\u00eda por la Presidenta municipal M\u00f3nica Zacil Villarreal Anaya.<\/p>\n\n\n\n<p>Al dar el banderazo de inicio a este esfuerzo conjunto, en la velaria del parque urbano de la Laguna del Carpintero, la alcaldesa porte\u00f1a, acompa\u00f1ada del Mayor de Infanter\u00eda Seth Misael Vargas Arana, representante del 15o Batall\u00f3n de Infanter\u00eda; del vicealmirante Juan Carlos Vera Salinas de la Primera Regi\u00f3n Naval Militar; de la Delegada Regional de Seguridad P\u00fablica, zona sur, Consuelo Hern\u00e1ndez Tovar; y del Secretario General del Ayuntamiento, Carlos Garc\u00eda Porres, se\u00f1al\u00f3 que del 2 de diciembre al 8 de enero de 2025, 150 elementos de las diferentes dependencias involucradas, efectuar\u00e1n tareas de vigilancia en los diversos sectores de la ciudad.<\/p>\n\n\n\n<p>\u201cHoy iniciamos el operativo Navidad Segura Tampico Te Cuida, que desde este d\u00eda y hasta la primera semana de enero pr\u00f3ximo, coordinar\u00e1 los esfuerzos de las instituciones de seguridad p\u00fablica estatal y federales, adem\u00e1s de la participaci\u00f3n de cuerpos de auxilio y de las delegaciones de tr\u00e1nsito estatal y municipal\u201d, explic\u00f3.<\/p>\n\n\n\n<p>En el acto, al que asistieron tambi\u00e9n, representantes de Capitan\u00eda Regional del Puerto de Tampico, Protecci\u00f3n Civil municipal; as\u00ed como la representaci\u00f3n de la Mesa Ciudadana de Seguridad y Justicia; adem\u00e1s de S\u00edndicos, Regidores e integrantes del Gabinete municipal, la primera autoridad, dijo que \u201cTampico te Cuida&#8221;, es la estrategia general implementada para atender las necesidades de seguridad entre el sector comercial; residencial y tur\u00edstico del municipio.<\/p>\n\n\n\n<p>M\u00f3nica Villarreal subray\u00f3 que mediante este operativo se demuestra el inter\u00e9s de su administraci\u00f3n por brindar seguridad a la poblaci\u00f3n tampique\u00f1a y surtamaulipeca, a trav\u00e9s de la coordinaci\u00f3n institucional de las dependencias involucradas, brindado certidumbre a establecimientos comerciales y de servicios; adem\u00e1s de garantizar el flujo vehicular y las condiciones de tranquilidad para toda la poblaci\u00f3n y visitantes.<\/p>\n\n\n\n<p>Agradeci\u00f3 y valor\u00f3 la participaci\u00f3n del Ej\u00e9rcito Mexicano, Secretar\u00eda de Marina, Guardia Nacional, Guardia Estatal, Tr\u00e1nsito Municipal, Protecci\u00f3n Civil, Cruz Roja Mexicana, Sistema DIF; C-5, Cuerpo de Bomberos, y el Instituto Nacional de Migraci\u00f3n, por formar parte de este esfuerzo conjunto.<\/p>\n\n\n\n<p>Finalmente, Villarreal Anaya, detall\u00f3 que el operativo incluye recorridos de vigilancia en unidades motrices y a pie en zonas comerciales y de mayor afluencia; seguridad vial; adem\u00e1s de la guardia permanente en los m\u00f3dulos de seguridad ubicados en los accesos a la ciudad tanto en el puente Tampico, como en la carretera Tampico Valles a la altura del puente de el Moralillo.<\/p>\n\n\n","protected":false},"excerpt":{"rendered":"<p>COMUNICADO PRINCIPAL Pone en Marcha M\u00f3nica Villarreal Operativo de Seguridad Tampico Te Cuida 2024 M\u00e1s de 150 elementos fortalecer\u00e1n las acciones de vigilancia en zonas estrat\u00e9gicas Garantizar la seguridad de la poblaci\u00f3n, el comercio y turismo, mediante acciones coordinadas de las diferentes dependencias de seguridad y protecci\u00f3n civil, es el objetivo fundamental del operativo &#8220;Navidad Segura, Tampico Te Cuida 2024&#8221;, puesto en marcha este d\u00eda por la Presidenta municipal M\u00f3nica Zacil Villarreal Anaya. Al dar el banderazo de inicio a este esfuerzo conjunto, en la velaria del parque urbano de&hellip;<\/p>\n","protected":false},"author":1,"featured_media":1260,"comment_status":"open","ping_status":"open","sticky":false,"template":"","format":"standard","meta":[],"categories":[1],"tags":[],"gutentor_comment":0,"yoast_head":"<!-- This site is optimized with the Yoast SEO plugin v20.10 - https:\/\/yoast.com\/wordpress\/plugins\/seo\/ -->\n<title>- cabellonews.com<\/title>\n<meta name=\"robots\" content=\"index, follow, max-snippet:-1, max-image-preview:large, max-video-preview:-1\" \/>\n<link rel=\"canonical\" href=\"https:\/\/cabellonews.com\/?p=1259\" \/>\n<meta property=\"og:locale\" content=\"en_US\" \/>\n<meta property=\"og:type\" content=\"article\" \/>\n<meta property=\"og:title\" content=\"- cabellonews.com\" \/>\n<meta property=\"og:description\" content=\"COMUNICADO PRINCIPAL Pone en Marcha M\u00f3nica Villarreal Operativo de Seguridad Tampico Te Cuida 2024 M\u00e1s de 150 elementos fortalecer\u00e1n las acciones de vigilancia en zonas estrat\u00e9gicas Garantizar la seguridad de la poblaci\u00f3n, el comercio y turismo, mediante acciones coordinadas de las diferentes dependencias de seguridad y protecci\u00f3n civil, es el objetivo fundamental del operativo &#8220;Navidad Segura, Tampico Te Cuida 2024&#8221;, puesto en marcha este d\u00eda por la Presidenta municipal M\u00f3nica Zacil Villarreal Anaya. Al dar el banderazo de inicio a este esfuerzo conjunto, en la velaria del parque urbano de&hellip;\" \/>\n<meta property=\"og:url\" content=\"https:\/\/cabellonews.com\/?p=1259\" \/>\n<meta property=\"og:site_name\" content=\"cabellonews.com\" \/>\n<meta property=\"article:published_time\" content=\"2024-12-03T02:24:17+00:00\" \/>\n<meta property=\"og:image\" content=\"http:\/\/cabellonews.com\/wp-content\/uploads\/2024\/12\/dc6f3287-5eb8-4ac8-837b-befcae62f744.jpeg\" \/>\n\t<meta property=\"og:image:width\" content=\"1319\" \/>\n\t<meta property=\"og:image:height\" content=\"1978\" \/>\n\t<meta property=\"og:image:type\" content=\"image\/jpeg\" \/>\n<meta name=\"author\" content=\"cabellonews.com\" \/>\n<meta name=\"twitter:card\" content=\"summary_large_image\" \/>\n<meta name=\"twitter:label1\" content=\"Written by\" \/>\n\t<meta name=\"twitter:data1\" content=\"cabellonews.com\" \/>\n\t<meta name=\"twitter:label2\" content=\"Est. reading time\" \/>\n\t<meta name=\"twitter:data2\" content=\"2 minutes\" \/>\n<script type=\"application\/ld+json\" class=\"yoast-schema-graph\">{\"@context\":\"https:\/\/schema.org\",\"@graph\":[{\"@type\":\"WebPage\",\"@id\":\"https:\/\/cabellonews.com\/?p=1259\",\"url\":\"https:\/\/cabellonews.com\/?p=1259\",\"name\":\"- cabellonews.com\",\"isPartOf\":{\"@id\":\"https:\/\/cabellonews.com\/#website\"},\"datePublished\":\"2024-12-03T02:24:17+00:00\",\"dateModified\":\"2024-12-03T02:24:17+00:00\",\"author\":{\"@id\":\"https:\/\/cabellonews.com\/#\/schema\/person\/7afe73bafa6cc5a24fd4c67dfd4379d8\"},\"inLanguage\":\"en-US\",\"potentialAction\":[{\"@type\":\"ReadAction\",\"target\":[\"https:\/\/cabellonews.com\/?p=1259\"]}]},{\"@type\":\"WebSite\",\"@id\":\"https:\/\/cabellonews.com\/#website\",\"url\":\"https:\/\/cabellonews.com\/\",\"name\":\"cabellonews.com\",\"description\":\"Con Cobertura En Tamaulipas Y norte de Veracruz\",\"potentialAction\":[{\"@type\":\"SearchAction\",\"target\":{\"@type\":\"EntryPoint\",\"urlTemplate\":\"https:\/\/cabellonews.com\/?s={search_term_string}\"},\"query-input\":\"required name=search_term_string\"}],\"inLanguage\":\"en-US\"},{\"@type\":\"Person\",\"@id\":\"https:\/\/cabellonews.com\/#\/schema\/person\/7afe73bafa6cc5a24fd4c67dfd4379d8\",\"name\":\"cabellonews.com\",\"image\":{\"@type\":\"ImageObject\",\"inLanguage\":\"en-US\",\"@id\":\"https:\/\/cabellonews.com\/#\/schema\/person\/image\/\",\"url\":\"https:\/\/secure.gravatar.com\/avatar\/8d6324fc2806389aad4cd38639618406?s=96&d=mm&r=g\",\"contentUrl\":\"https:\/\/secure.gravatar.com\/avatar\/8d6324fc2806389aad4cd38639618406?s=96&d=mm&r=g\",\"caption\":\"cabellonews.com\"},\"sameAs\":[\"http:\/\/cabellonews.com\"],\"url\":\"https:\/\/cabellonews.com\/?author=1\"}]}<\/script>\n<!-- \/ Yoast SEO plugin. -->","yoast_head_json":{"title":"- cabellonews.com","robots":{"index":"index","follow":"follow","max-snippet":"max-snippet:-1","max-image-preview":"max-image-preview:large","max-video-preview":"max-video-preview:-1"},"canonical":"https:\/\/cabellonews.com\/?p=1259","og_locale":"en_US","og_type":"article","og_title":"- cabellonews.com","og_description":"COMUNICADO PRINCIPAL Pone en Marcha M\u00f3nica Villarreal Operativo de Seguridad Tampico Te Cuida 2024 M\u00e1s de 150 elementos fortalecer\u00e1n las acciones de vigilancia en zonas estrat\u00e9gicas Garantizar la seguridad de la poblaci\u00f3n, el comercio y turismo, mediante acciones coordinadas de las diferentes dependencias de seguridad y protecci\u00f3n civil, es el objetivo fundamental del operativo &#8220;Navidad Segura, Tampico Te Cuida 2024&#8221;, puesto en marcha este d\u00eda por la Presidenta municipal M\u00f3nica Zacil Villarreal Anaya. Al dar el banderazo de inicio a este esfuerzo conjunto, en la velaria del parque urbano de&hellip;","og_url":"https:\/\/cabellonews.com\/?p=1259","og_site_name":"cabellonews.com","article_published_time":"2024-12-03T02:24:17+00:00","og_image":[{"width":1319,"height":1978,"url":"http:\/\/cabellonews.com\/wp-content\/uploads\/2024\/12\/dc6f3287-5eb8-4ac8-837b-befcae62f744.jpeg","type":"image\/jpeg"}],"author":"cabellonews.com","twitter_card":"summary_large_image","twitter_misc":{"Written by":"cabellonews.com","Est. reading time":"2 minutes"},"schema":{"@context":"https:\/\/schema.org","@graph":[{"@type":"WebPage","@id":"https:\/\/cabellonews.com\/?p=1259","url":"https:\/\/cabellonews.com\/?p=1259","name":"- cabellonews.com","isPartOf":{"@id":"https:\/\/cabellonews.com\/#website"},"datePublished":"2024-12-03T02:24:17+00:00","dateModified":"2024-12-03T02:24:17+00:00","author":{"@id":"https:\/\/cabellonews.com\/#\/schema\/person\/7afe73bafa6cc5a24fd4c67dfd4379d8"},"inLanguage":"en-US","potentialAction":[{"@type":"ReadAction","target":["https:\/\/cabellonews.com\/?p=1259"]}]},{"@type":"WebSite","@id":"https:\/\/cabellonews.com\/#website","url":"https:\/\/cabellonews.com\/","name":"cabellonews.com","description":"Con Cobertura En Tamaulipas Y norte de Veracruz","potentialAction":[{"@type":"SearchAction","target":{"@type":"EntryPoint","urlTemplate":"https:\/\/cabellonews.com\/?s={search_term_string}"},"query-input":"required name=search_term_string"}],"inLanguage":"en-US"},{"@type":"Person","@id":"https:\/\/cabellonews.com\/#\/schema\/person\/7afe73bafa6cc5a24fd4c67dfd4379d8","name":"cabellonews.com","image":{"@type":"ImageObject","inLanguage":"en-US","@id":"https:\/\/cabellonews.com\/#\/schema\/person\/image\/","url":"https:\/\/secure.gravatar.com\/avatar\/8d6324fc2806389aad4cd38639618406?s=96&d=mm&r=g","contentUrl":"https:\/\/secure.gravatar.com\/avatar\/8d6324fc2806389aad4cd38639618406?s=96&d=mm&r=g","caption":"cabellonews.com"},"sameAs":["http:\/\/cabellonews.com"],"url":"https:\/\/cabellonews.com\/?author=1"}]}},"_links":{"self":[{"href":"https:\/\/cabellonews.com\/index.php?rest_route=\/wp\/v2\/posts\/1259"}],"collection":[{"href":"https:\/\/cabellonews.com\/index.php?rest_route=\/wp\/v2\/posts"}],"about":[{"href":"https:\/\/cabellonews.com\/index.php?rest_route=\/wp\/v2\/types\/post"}],"author":[{"embeddable":true,"href":"https:\/\/cabellonews.com\/index.php?rest_route=\/wp\/v2\/users\/1"}],"replies":[{"embeddable":true,"href":"https:\/\/cabellonews.com\/index.php?rest_route=%2Fwp%2Fv2%2Fcomments&post=1259"}],"version-history":[{"count":1,"href":"https:\/\/cabellonews.com\/index.php?rest_route=\/wp\/v2\/posts\/1259\/revisions"}],"predecessor-version":[{"id":1261,"href":"https:\/\/cabellonews.com\/index.php?rest_route=\/wp\/v2\/posts\/1259\/revisions\/1261"}],"wp:featuredmedia":[{"embeddable":true,"href":"https:\/\/cabellonews.com\/index.php?rest_route=\/wp\/v2\/media\/1260"}],"wp:attachment":[{"href":"https:\/\/cabellonews.com\/index.php?rest_route=%2Fwp%2Fv2%2Fmedia&parent=1259"}],"wp:term":[{"taxonomy":"category","embeddable":true,"href":"https:\/\/cabellonews.com\/index.php?rest_route=%2Fwp%2Fv2%2Fcategories&post=1259"},{"taxonomy":"post_tag","embeddable":true,"href":"https:\/\/cabellonews.com\/index.php?rest_route=%2Fwp%2Fv2%2Ftags&post=1259"}],"curies":[{"name":"wp","href":"https:\/\/api.w.org\/{rel}","templated":true}]}}