{"id":1177,"date":"2024-10-18T20:25:40","date_gmt":"2024-10-18T20:25:40","guid":{"rendered":"https:\/\/cabellonews.com\/?p=1177"},"modified":"2024-10-20T20:27:21","modified_gmt":"2024-10-20T20:27:21","slug":"trabaja-americo-para-que-victoria-sea-una-capital-digna-de-las-y-los-tamaulipecos-2","status":"publish","type":"post","link":"https:\/\/cabellonews.com\/?p=1177","title":{"rendered":"Trabaja Am\u00e9rico para que Victoria sea una capital digna de las y los tamaulipecos"},"content":{"rendered":"\n<p>-Inaugura gobernador rehabilitaci\u00f3n de avenida en la que se invirtieron m\u00e1s de 52 MDP<\/p>\n\n\n<figure class=\"wp-block-post-featured-image\"><img width=\"240\" height=\"172\" src=\"https:\/\/cabellonews.com\/wp-content\/uploads\/2024\/10\/dd967580-b48a-4e20-9eb2-eb3124031e8b-240x172.jpeg\" class=\"attachment-post-thumbnail size-post-thumbnail wp-post-image\" alt=\"\" decoding=\"async\" loading=\"lazy\" \/><\/figure>\n\n\n<p>Octubre 18 de 2024<\/p>\n\n\n\n<p>Ciudad Victoria, Tamaulipas. &#8211; El Gobierno del Estado seguir\u00e1 trabajando para que Victoria sea una capital digna de todos los tamaulipecos y de todas las tamaulipecas, afirm\u00f3 el gobernador Am\u00e9rico Villarreal Anaya.<\/p>\n\n\n\n<p>Al encabezar la inauguraci\u00f3n de la rehabilitaci\u00f3n de pavimento de la avenida Las Torres (calle 28), obra en la que se invirtieron 52.7 millones de pesos, en beneficio de m\u00e1s de 3 mil habitantes de diversas colonias de este sector de la ciudad, el mandatario estatal llam\u00f3 a las y los victorenses a ser una sociedad participativa y colaborativa para beneficio y desarrollo de la capital.<\/p>\n\n\n\n<p>&#8220;Una sociedad debe ser participativa, debe estar participando y sum\u00e1ndose a la toma de decisiones para elegir bien a sus dirigentes, pero tambi\u00e9n para estar viendo qu\u00e9 necesidades hay y poderle pedir a lo mejor a nuestros legisladores que se modifiquen \u00e1mbitos de normas, de leyes, que podamos nosotros tener para mejor convivencia entre nosotros como sociedad&#8221;, dijo.<\/p>\n\n\n\n<p>Durante el acto celebrado en el cruce de las calles Las Torres y Pedro Jos\u00e9 M\u00e9ndez, del fraccionamiento Sierra Ventana, el gobernador asegur\u00f3 que las y los victorenses tienen un gobierno atento desde el Estado para seguir llevando obras y beneficios, \u201ccomo dice la canci\u00f3n\u2026 all\u00e1 entre las monta\u00f1as se encuentra escondida, es de Tamaulipas la flor consentida. \u00a1Que viva Victoria, por siempre gloriosa!\u201d, mencion\u00f3.<\/p>\n\n\n\n<p>Agreg\u00f3 que cuando se cuenta con una sociedad colaborativa y est\u00e1 dispuesta, junto con su gobierno, que ha elegido democr\u00e1ticamente, a participar por el beneficio social y que cuida su entorno, que ve por la juventud, por las ni\u00f1as y ni\u00f1os, que son lo m\u00e1s importante y sustantivo de la sociedad, se puede avanzar a grandes pasos.<\/p>\n\n\n\n<p>&#8220;Yo creo que ese es el m\u00e1s fuerte ejemplo que un gobierno solidario, atento de su sociedad, pueda estar implicando pol\u00edticas p\u00fablicas y obras como \u00e9sta para mejorar el entorno de nuestra sociedad&#8221;, afirm\u00f3.<\/p>\n\n\n\n<p>OBRAS TIENEN EL SELLO HUMANISTA DEL GOBERNADOR: PEDRO CEPEDA<\/p>\n\n\n\n<p>Al dar la bienvenida, el secretario de Obras P\u00fablicas, Pedro Cepeda Anaya, dio a conocer que la obra que hoy se entrega ratifica el compromiso del gobernador Am\u00e9rico Villarreal con la sociedad tamaulipeca y muestra los resultados de una buena coordinaci\u00f3n entre sociedad y gobierno, siempre con el objetivo de impulsar la seguridad y el bienestar de todas y todos.<\/p>\n\n\n\n<p>Explic\u00f3 que esta obra comprende m\u00e1s de 40,500 metros cuadrados de pavimentaci\u00f3n hidr\u00e1ulica y asf\u00e1ltica, traducidos en 36 cuadras, contemplando tambi\u00e9n la instalaci\u00f3n de 71 luminarias a lo largo de estas vialidades, beneficiando directamente a m\u00e1s de 3 mil habitantes, adem\u00e1s de los cientos de miles de victorenses que transitan diariamente por estas calles.<\/p>\n\n\n\n<p>&#8220;Son obras que cargan con el sello humanista de quien con su liderazgo y ejemplo traza la ruta de todos estos ejemplos, el gobernador Am\u00e9rico Villarreal Anaya; su imparable dedicaci\u00f3n y entrega son testimonio de lo que podemos lograr para transformar nuestro entorno&#8221;, se\u00f1al\u00f3.<\/p>\n\n\n\n<p>CALLES \u201cESTABAN EN CONDICIONES DEPLORABLES\u201d SE\u00d1ALAN LOS VECINOS<\/p>\n\n\n\n<p>A nombre de los beneficiarios, la se\u00f1ora Mar\u00eda de la Soledad Rivera S\u00e1nchez agradeci\u00f3 al gobernador el esfuerzo para la pavimentaci\u00f3n de estas calles que record\u00f3, \u201cestaban en condiciones deplorables\u201d.<\/p>\n\n\n\n<p>&#8220;Como dec\u00eda su querido padre, con voluntad y trabajo vamos a salir adelante&#8221;, expres\u00f3, ante el entusiasmo y los aplausos de los vecinos presentes que coreaban &#8220;s\u00ed se pudo, s\u00ed se pudo&#8221;.<\/p>\n\n\n\n<p>En el evento acompa\u00f1aron al gobernador: H\u00e9ctor Joel Villegas Gonz\u00e1lez, secretario general de Gobierno; Silvia Casas Gonz\u00e1lez, secretaria de Bienestar Social y el diputado Marcelo Abundis Ram\u00edrez, presidente de la Comisi\u00f3n de Desarrollo Urbano del Congreso del Estado.<\/p>\n\n\n\n<pre class=\"wp-block-code\"><code>       *     *     *<\/code><\/pre>\n","protected":false},"excerpt":{"rendered":"<p>-Inaugura gobernador rehabilitaci\u00f3n de avenida en la que se invirtieron m\u00e1s de 52 MDP Octubre 18 de 2024 Ciudad Victoria, Tamaulipas. &#8211; El Gobierno del Estado seguir\u00e1 trabajando para que Victoria sea una capital digna de todos los tamaulipecos y de todas las tamaulipecas, afirm\u00f3 el gobernador Am\u00e9rico Villarreal Anaya. Al encabezar la inauguraci\u00f3n de la rehabilitaci\u00f3n de pavimento de la avenida Las Torres (calle 28), obra en la que se invirtieron 52.7 millones de pesos, en beneficio de m\u00e1s de 3 mil habitantes de diversas colonias de este sector&hellip;<\/p>\n","protected":false},"author":1,"featured_media":1178,"comment_status":"open","ping_status":"open","sticky":false,"template":"","format":"standard","meta":[],"categories":[1],"tags":[],"gutentor_comment":0,"yoast_head":"<!-- This site is optimized with the Yoast SEO plugin v20.10 - https:\/\/yoast.com\/wordpress\/plugins\/seo\/ -->\n<title>Trabaja Am\u00e9rico para que Victoria sea una capital digna de las y los tamaulipecos - cabellonews.com<\/title>\n<meta name=\"robots\" content=\"index, follow, max-snippet:-1, max-image-preview:large, max-video-preview:-1\" \/>\n<link rel=\"canonical\" href=\"https:\/\/cabellonews.com\/?p=1177\" \/>\n<meta property=\"og:locale\" content=\"en_US\" \/>\n<meta property=\"og:type\" content=\"article\" \/>\n<meta property=\"og:title\" content=\"Trabaja Am\u00e9rico para que Victoria sea una capital digna de las y los tamaulipecos - cabellonews.com\" \/>\n<meta property=\"og:description\" content=\"-Inaugura gobernador rehabilitaci\u00f3n de avenida en la que se invirtieron m\u00e1s de 52 MDP Octubre 18 de 2024 Ciudad Victoria, Tamaulipas. &#8211; El Gobierno del Estado seguir\u00e1 trabajando para que Victoria sea una capital digna de todos los tamaulipecos y de todas las tamaulipecas, afirm\u00f3 el gobernador Am\u00e9rico Villarreal Anaya. Al encabezar la inauguraci\u00f3n de la rehabilitaci\u00f3n de pavimento de la avenida Las Torres (calle 28), obra en la que se invirtieron 52.7 millones de pesos, en beneficio de m\u00e1s de 3 mil habitantes de diversas colonias de este sector&hellip;\" \/>\n<meta property=\"og:url\" content=\"https:\/\/cabellonews.com\/?p=1177\" \/>\n<meta property=\"og:site_name\" content=\"cabellonews.com\" \/>\n<meta property=\"article:published_time\" content=\"2024-10-18T20:25:40+00:00\" \/>\n<meta property=\"article:modified_time\" content=\"2024-10-20T20:27:21+00:00\" \/>\n<meta property=\"og:image\" content=\"http:\/\/cabellonews.com\/wp-content\/uploads\/2024\/10\/dd967580-b48a-4e20-9eb2-eb3124031e8b.jpeg\" \/>\n\t<meta property=\"og:image:width\" content=\"1600\" \/>\n\t<meta property=\"og:image:height\" content=\"1067\" \/>\n\t<meta property=\"og:image:type\" content=\"image\/jpeg\" \/>\n<meta name=\"author\" content=\"cabellonews.com\" \/>\n<meta name=\"twitter:card\" content=\"summary_large_image\" \/>\n<meta name=\"twitter:label1\" content=\"Written by\" \/>\n\t<meta name=\"twitter:data1\" content=\"cabellonews.com\" \/>\n\t<meta name=\"twitter:label2\" content=\"Est. reading time\" \/>\n\t<meta name=\"twitter:data2\" content=\"3 minutes\" \/>\n<script type=\"application\/ld+json\" class=\"yoast-schema-graph\">{\"@context\":\"https:\/\/schema.org\",\"@graph\":[{\"@type\":\"WebPage\",\"@id\":\"https:\/\/cabellonews.com\/?p=1177\",\"url\":\"https:\/\/cabellonews.com\/?p=1177\",\"name\":\"Trabaja Am\u00e9rico para que Victoria sea una capital digna de las y los tamaulipecos - cabellonews.com\",\"isPartOf\":{\"@id\":\"https:\/\/cabellonews.com\/#website\"},\"datePublished\":\"2024-10-18T20:25:40+00:00\",\"dateModified\":\"2024-10-20T20:27:21+00:00\",\"author\":{\"@id\":\"https:\/\/cabellonews.com\/#\/schema\/person\/7afe73bafa6cc5a24fd4c67dfd4379d8\"},\"breadcrumb\":{\"@id\":\"https:\/\/cabellonews.com\/?p=1177#breadcrumb\"},\"inLanguage\":\"en-US\",\"potentialAction\":[{\"@type\":\"ReadAction\",\"target\":[\"https:\/\/cabellonews.com\/?p=1177\"]}]},{\"@type\":\"BreadcrumbList\",\"@id\":\"https:\/\/cabellonews.com\/?p=1177#breadcrumb\",\"itemListElement\":[{\"@type\":\"ListItem\",\"position\":1,\"name\":\"Inicio\",\"item\":\"https:\/\/cabellonews.com\/\"},{\"@type\":\"ListItem\",\"position\":2,\"name\":\"Trabaja Am\u00e9rico para que Victoria sea una capital digna de las y los tamaulipecos\"}]},{\"@type\":\"WebSite\",\"@id\":\"https:\/\/cabellonews.com\/#website\",\"url\":\"https:\/\/cabellonews.com\/\",\"name\":\"cabellonews.com\",\"description\":\"Con Cobertura En Tamaulipas Y norte de Veracruz\",\"potentialAction\":[{\"@type\":\"SearchAction\",\"target\":{\"@type\":\"EntryPoint\",\"urlTemplate\":\"https:\/\/cabellonews.com\/?s={search_term_string}\"},\"query-input\":\"required name=search_term_string\"}],\"inLanguage\":\"en-US\"},{\"@type\":\"Person\",\"@id\":\"https:\/\/cabellonews.com\/#\/schema\/person\/7afe73bafa6cc5a24fd4c67dfd4379d8\",\"name\":\"cabellonews.com\",\"image\":{\"@type\":\"ImageObject\",\"inLanguage\":\"en-US\",\"@id\":\"https:\/\/cabellonews.com\/#\/schema\/person\/image\/\",\"url\":\"https:\/\/secure.gravatar.com\/avatar\/8d6324fc2806389aad4cd38639618406?s=96&d=mm&r=g\",\"contentUrl\":\"https:\/\/secure.gravatar.com\/avatar\/8d6324fc2806389aad4cd38639618406?s=96&d=mm&r=g\",\"caption\":\"cabellonews.com\"},\"sameAs\":[\"http:\/\/cabellonews.com\"],\"url\":\"https:\/\/cabellonews.com\/?author=1\"}]}<\/script>\n<!-- \/ Yoast SEO plugin. -->","yoast_head_json":{"title":"Trabaja Am\u00e9rico para que Victoria sea una capital digna de las y los tamaulipecos - cabellonews.com","robots":{"index":"index","follow":"follow","max-snippet":"max-snippet:-1","max-image-preview":"max-image-preview:large","max-video-preview":"max-video-preview:-1"},"canonical":"https:\/\/cabellonews.com\/?p=1177","og_locale":"en_US","og_type":"article","og_title":"Trabaja Am\u00e9rico para que Victoria sea una capital digna de las y los tamaulipecos - cabellonews.com","og_description":"-Inaugura gobernador rehabilitaci\u00f3n de avenida en la que se invirtieron m\u00e1s de 52 MDP Octubre 18 de 2024 Ciudad Victoria, Tamaulipas. &#8211; El Gobierno del Estado seguir\u00e1 trabajando para que Victoria sea una capital digna de todos los tamaulipecos y de todas las tamaulipecas, afirm\u00f3 el gobernador Am\u00e9rico Villarreal Anaya. Al encabezar la inauguraci\u00f3n de la rehabilitaci\u00f3n de pavimento de la avenida Las Torres (calle 28), obra en la que se invirtieron 52.7 millones de pesos, en beneficio de m\u00e1s de 3 mil habitantes de diversas colonias de este sector&hellip;","og_url":"https:\/\/cabellonews.com\/?p=1177","og_site_name":"cabellonews.com","article_published_time":"2024-10-18T20:25:40+00:00","article_modified_time":"2024-10-20T20:27:21+00:00","og_image":[{"width":1600,"height":1067,"url":"http:\/\/cabellonews.com\/wp-content\/uploads\/2024\/10\/dd967580-b48a-4e20-9eb2-eb3124031e8b.jpeg","type":"image\/jpeg"}],"author":"cabellonews.com","twitter_card":"summary_large_image","twitter_misc":{"Written by":"cabellonews.com","Est. reading time":"3 minutes"},"schema":{"@context":"https:\/\/schema.org","@graph":[{"@type":"WebPage","@id":"https:\/\/cabellonews.com\/?p=1177","url":"https:\/\/cabellonews.com\/?p=1177","name":"Trabaja Am\u00e9rico para que Victoria sea una capital digna de las y los tamaulipecos - cabellonews.com","isPartOf":{"@id":"https:\/\/cabellonews.com\/#website"},"datePublished":"2024-10-18T20:25:40+00:00","dateModified":"2024-10-20T20:27:21+00:00","author":{"@id":"https:\/\/cabellonews.com\/#\/schema\/person\/7afe73bafa6cc5a24fd4c67dfd4379d8"},"breadcrumb":{"@id":"https:\/\/cabellonews.com\/?p=1177#breadcrumb"},"inLanguage":"en-US","potentialAction":[{"@type":"ReadAction","target":["https:\/\/cabellonews.com\/?p=1177"]}]},{"@type":"BreadcrumbList","@id":"https:\/\/cabellonews.com\/?p=1177#breadcrumb","itemListElement":[{"@type":"ListItem","position":1,"name":"Inicio","item":"https:\/\/cabellonews.com\/"},{"@type":"ListItem","position":2,"name":"Trabaja Am\u00e9rico para que Victoria sea una capital digna de las y los tamaulipecos"}]},{"@type":"WebSite","@id":"https:\/\/cabellonews.com\/#website","url":"https:\/\/cabellonews.com\/","name":"cabellonews.com","description":"Con Cobertura En Tamaulipas Y norte de Veracruz","potentialAction":[{"@type":"SearchAction","target":{"@type":"EntryPoint","urlTemplate":"https:\/\/cabellonews.com\/?s={search_term_string}"},"query-input":"required name=search_term_string"}],"inLanguage":"en-US"},{"@type":"Person","@id":"https:\/\/cabellonews.com\/#\/schema\/person\/7afe73bafa6cc5a24fd4c67dfd4379d8","name":"cabellonews.com","image":{"@type":"ImageObject","inLanguage":"en-US","@id":"https:\/\/cabellonews.com\/#\/schema\/person\/image\/","url":"https:\/\/secure.gravatar.com\/avatar\/8d6324fc2806389aad4cd38639618406?s=96&d=mm&r=g","contentUrl":"https:\/\/secure.gravatar.com\/avatar\/8d6324fc2806389aad4cd38639618406?s=96&d=mm&r=g","caption":"cabellonews.com"},"sameAs":["http:\/\/cabellonews.com"],"url":"https:\/\/cabellonews.com\/?author=1"}]}},"_links":{"self":[{"href":"https:\/\/cabellonews.com\/index.php?rest_route=\/wp\/v2\/posts\/1177"}],"collection":[{"href":"https:\/\/cabellonews.com\/index.php?rest_route=\/wp\/v2\/posts"}],"about":[{"href":"https:\/\/cabellonews.com\/index.php?rest_route=\/wp\/v2\/types\/post"}],"author":[{"embeddable":true,"href":"https:\/\/cabellonews.com\/index.php?rest_route=\/wp\/v2\/users\/1"}],"replies":[{"embeddable":true,"href":"https:\/\/cabellonews.com\/index.php?rest_route=%2Fwp%2Fv2%2Fcomments&post=1177"}],"version-history":[{"count":1,"href":"https:\/\/cabellonews.com\/index.php?rest_route=\/wp\/v2\/posts\/1177\/revisions"}],"predecessor-version":[{"id":1179,"href":"https:\/\/cabellonews.com\/index.php?rest_route=\/wp\/v2\/posts\/1177\/revisions\/1179"}],"wp:featuredmedia":[{"embeddable":true,"href":"https:\/\/cabellonews.com\/index.php?rest_route=\/wp\/v2\/media\/1178"}],"wp:attachment":[{"href":"https:\/\/cabellonews.com\/index.php?rest_route=%2Fwp%2Fv2%2Fmedia&parent=1177"}],"wp:term":[{"taxonomy":"category","embeddable":true,"href":"https:\/\/cabellonews.com\/index.php?rest_route=%2Fwp%2Fv2%2Fcategories&post=1177"},{"taxonomy":"post_tag","embeddable":true,"href":"https:\/\/cabellonews.com\/index.php?rest_route=%2Fwp%2Fv2%2Ftags&post=1177"}],"curies":[{"name":"wp","href":"https:\/\/api.w.org\/{rel}","templated":true}]}}