{"id":1167,"date":"2024-10-12T20:21:04","date_gmt":"2024-10-12T20:21:04","guid":{"rendered":"https:\/\/cabellonews.com\/?p=1167"},"modified":"2024-10-20T20:21:59","modified_gmt":"2024-10-20T20:21:59","slug":"actualizaran-curricula-en-institutos-tecnologicos-acorde-a-necesidades-laborales-de-la-region","status":"publish","type":"post","link":"https:\/\/cabellonews.com\/?p=1167","title":{"rendered":"Actualizar\u00e1n curr\u00edcula en institutos tecnol\u00f3gicos acorde a necesidades laborales de la regi\u00f3n"},"content":{"rendered":"\n<p>-Docentes e investigadores de los Institutos Tecnol\u00f3gicos Nacionales de M\u00e9xico en el estado, se reunieron para analizar una actualizaci\u00f3n sobre los programas acad\u00e9micos que ofertan<\/p>\n\n\n<figure class=\"wp-block-post-featured-image\"><img width=\"240\" height=\"172\" src=\"https:\/\/cabellonews.com\/wp-content\/uploads\/2024\/10\/947fc0ed-8129-4b74-9bf3-460922341d8a-240x172.jpeg\" class=\"attachment-post-thumbnail size-post-thumbnail wp-post-image\" alt=\"\" decoding=\"async\" loading=\"lazy\" \/><\/figure>\n\n\n<p>Octubre 12 de 2024<\/p>\n\n\n\n<p>Ciudad Madero, Tamaulipas.\u2013 Con el objetivo de que las y los j\u00f3venes estudiantes tamaulipecos posean los conocimientos m\u00e1s actualizados sobre las carreras que requieren los mercados laborales de la regi\u00f3n, se realiz\u00f3 el &#8220;Foro Estatal para la Actualizaci\u00f3n Curricular y la Consolidaci\u00f3n de Proyectos Estrat\u00e9gicos del Tecnol\u00f3gico Nacional de M\u00e9xico en el Estado de Tamaulipas&#8221;.<\/p>\n\n\n\n<p>Durante un par de d\u00edas, docentes e investigadores de los siete planteles en la entidad, se reunieron en el Instituto Tecnol\u00f3gico Nacional de M\u00e9xico de Ciudad Madero, para identificar de manera puntual las necesidades de actualizar los programas acad\u00e9micos acorde a las necesidades presentes y futuras de las empresas que se instalar\u00e1n en la regi\u00f3n, como resultado del nearshoring.<\/p>\n\n\n\n<p>Luc\u00eda Aim\u00e9 Castillo Pastor, secretaria de Educaci\u00f3n de Tamaulipas, clausur\u00f3 las mesas de trabajo, mencionando que el Instituto Tecnol\u00f3gico Nacional de M\u00e9xico es el sistema de educaci\u00f3n superior m\u00e1s grande e importante del pa\u00eds y un referente de la educaci\u00f3n superior tecnol\u00f3gica para M\u00e9xico.<\/p>\n\n\n\n<p>Destac\u00f3 la relevancia del encuentro al ser clave para delinear que la educaci\u00f3n superior vaya paralela a la pol\u00edtica de desarrollo industrial y de innovaci\u00f3n que requiere el estado y el pa\u00eds, de acuerdo a lo que ha planteado la presidenta de la Rep\u00fablica, Claudia Sheinbaum Pardo, y que respalda el gobernador del Estado, Am\u00e9rico Villarreal Anaya.<\/p>\n\n\n\n<p>\u201cEl identificar, a partir de diagn\u00f3sticos precisos y del conocimiento que ustedes como expertos poseen, las necesidades de reformular los m\u00f3dulos de especializaci\u00f3n orientado a lo que requiere la industria automotriz, energ\u00e9tica, aeroespacial, la agroindustria, la el\u00e9ctrica-electr\u00f3nica, de dispositivos m\u00e9dicos, petroqu\u00edmica, de semiconductores, log\u00edstica, minera y de electromovilidad, hace que este ejercicio de reflexi\u00f3n cr\u00edtica, se soporte en un m\u00e9todo innovador a trav\u00e9s de repensar las necesidades de la industria\u201d, precis\u00f3.<\/p>\n\n\n\n<p>Por su parte, Gaudencio Lucas Bravo, secretario acad\u00e9mico de Investigaci\u00f3n e Innovaci\u00f3n del Tecnol\u00f3gico Nacional de M\u00e9xico, coincidi\u00f3 en la relevancia de este tipo de encuentros, en donde los investigadores son fundamentales para la actualizaci\u00f3n y especializaci\u00f3n de los programas educativos de nivel superior acorde a las potencialidades que tiene M\u00e9xico.<\/p>\n\n\n\n<p>Entre los temas que se abordaron en las mesas de trabajo estuvieron el agua, energ\u00edas, petroqu\u00edmica, log\u00edstica, agroindustria y el\u00e9ctrico-electr\u00f3nica con enfoque en semiconductores.<\/p>\n\n\n\n<p>De esta forma, el Gobierno de Tamaulipas, reafirma su compromiso con el sector educativo, al impulsar pol\u00edticas que forman a especialistas en los sectores claves para el desarrollo econ\u00f3mico y el bienestar de la poblaci\u00f3n tamaulipeca.<\/p>\n\n\n\n<pre class=\"wp-block-code\"><code>      *       *      *<\/code><\/pre>\n","protected":false},"excerpt":{"rendered":"<p>-Docentes e investigadores de los Institutos Tecnol\u00f3gicos Nacionales de M\u00e9xico en el estado, se reunieron para analizar una actualizaci\u00f3n sobre los programas acad\u00e9micos que ofertan Octubre 12 de 2024 Ciudad Madero, Tamaulipas.\u2013 Con el objetivo de que las y los j\u00f3venes estudiantes tamaulipecos posean los conocimientos m\u00e1s actualizados sobre las carreras que requieren los mercados laborales de la regi\u00f3n, se realiz\u00f3 el &#8220;Foro Estatal para la Actualizaci\u00f3n Curricular y la Consolidaci\u00f3n de Proyectos Estrat\u00e9gicos del Tecnol\u00f3gico Nacional de M\u00e9xico en el Estado de Tamaulipas&#8221;. Durante un par de d\u00edas, docentes&hellip;<\/p>\n","protected":false},"author":1,"featured_media":1168,"comment_status":"open","ping_status":"open","sticky":false,"template":"","format":"standard","meta":[],"categories":[1],"tags":[],"gutentor_comment":0,"yoast_head":"<!-- This site is optimized with the Yoast SEO plugin v20.10 - https:\/\/yoast.com\/wordpress\/plugins\/seo\/ -->\n<title>Actualizar\u00e1n curr\u00edcula en institutos tecnol\u00f3gicos acorde a necesidades laborales de la regi\u00f3n - cabellonews.com<\/title>\n<meta name=\"robots\" content=\"index, follow, max-snippet:-1, max-image-preview:large, max-video-preview:-1\" \/>\n<link rel=\"canonical\" href=\"https:\/\/cabellonews.com\/?p=1167\" \/>\n<meta property=\"og:locale\" content=\"en_US\" \/>\n<meta property=\"og:type\" content=\"article\" \/>\n<meta property=\"og:title\" content=\"Actualizar\u00e1n curr\u00edcula en institutos tecnol\u00f3gicos acorde a necesidades laborales de la regi\u00f3n - cabellonews.com\" \/>\n<meta property=\"og:description\" content=\"-Docentes e investigadores de los Institutos Tecnol\u00f3gicos Nacionales de M\u00e9xico en el estado, se reunieron para analizar una actualizaci\u00f3n sobre los programas acad\u00e9micos que ofertan Octubre 12 de 2024 Ciudad Madero, Tamaulipas.\u2013 Con el objetivo de que las y los j\u00f3venes estudiantes tamaulipecos posean los conocimientos m\u00e1s actualizados sobre las carreras que requieren los mercados laborales de la regi\u00f3n, se realiz\u00f3 el &#8220;Foro Estatal para la Actualizaci\u00f3n Curricular y la Consolidaci\u00f3n de Proyectos Estrat\u00e9gicos del Tecnol\u00f3gico Nacional de M\u00e9xico en el Estado de Tamaulipas&#8221;. Durante un par de d\u00edas, docentes&hellip;\" \/>\n<meta property=\"og:url\" content=\"https:\/\/cabellonews.com\/?p=1167\" \/>\n<meta property=\"og:site_name\" content=\"cabellonews.com\" \/>\n<meta property=\"article:published_time\" content=\"2024-10-12T20:21:04+00:00\" \/>\n<meta property=\"article:modified_time\" content=\"2024-10-20T20:21:59+00:00\" \/>\n<meta property=\"og:image\" content=\"http:\/\/cabellonews.com\/wp-content\/uploads\/2024\/10\/947fc0ed-8129-4b74-9bf3-460922341d8a.jpeg\" \/>\n\t<meta property=\"og:image:width\" content=\"1600\" \/>\n\t<meta property=\"og:image:height\" content=\"1067\" \/>\n\t<meta property=\"og:image:type\" content=\"image\/jpeg\" \/>\n<meta name=\"author\" content=\"cabellonews.com\" \/>\n<meta name=\"twitter:card\" content=\"summary_large_image\" \/>\n<meta name=\"twitter:label1\" content=\"Written by\" \/>\n\t<meta name=\"twitter:data1\" content=\"cabellonews.com\" \/>\n\t<meta name=\"twitter:label2\" content=\"Est. reading time\" \/>\n\t<meta name=\"twitter:data2\" content=\"2 minutes\" \/>\n<script type=\"application\/ld+json\" class=\"yoast-schema-graph\">{\"@context\":\"https:\/\/schema.org\",\"@graph\":[{\"@type\":\"WebPage\",\"@id\":\"https:\/\/cabellonews.com\/?p=1167\",\"url\":\"https:\/\/cabellonews.com\/?p=1167\",\"name\":\"Actualizar\u00e1n curr\u00edcula en institutos tecnol\u00f3gicos acorde a necesidades laborales de la regi\u00f3n - cabellonews.com\",\"isPartOf\":{\"@id\":\"https:\/\/cabellonews.com\/#website\"},\"datePublished\":\"2024-10-12T20:21:04+00:00\",\"dateModified\":\"2024-10-20T20:21:59+00:00\",\"author\":{\"@id\":\"https:\/\/cabellonews.com\/#\/schema\/person\/7afe73bafa6cc5a24fd4c67dfd4379d8\"},\"breadcrumb\":{\"@id\":\"https:\/\/cabellonews.com\/?p=1167#breadcrumb\"},\"inLanguage\":\"en-US\",\"potentialAction\":[{\"@type\":\"ReadAction\",\"target\":[\"https:\/\/cabellonews.com\/?p=1167\"]}]},{\"@type\":\"BreadcrumbList\",\"@id\":\"https:\/\/cabellonews.com\/?p=1167#breadcrumb\",\"itemListElement\":[{\"@type\":\"ListItem\",\"position\":1,\"name\":\"Inicio\",\"item\":\"https:\/\/cabellonews.com\/\"},{\"@type\":\"ListItem\",\"position\":2,\"name\":\"Actualizar\u00e1n curr\u00edcula en institutos tecnol\u00f3gicos acorde a necesidades laborales de la regi\u00f3n\"}]},{\"@type\":\"WebSite\",\"@id\":\"https:\/\/cabellonews.com\/#website\",\"url\":\"https:\/\/cabellonews.com\/\",\"name\":\"cabellonews.com\",\"description\":\"Con Cobertura En Tamaulipas Y norte de Veracruz\",\"potentialAction\":[{\"@type\":\"SearchAction\",\"target\":{\"@type\":\"EntryPoint\",\"urlTemplate\":\"https:\/\/cabellonews.com\/?s={search_term_string}\"},\"query-input\":\"required name=search_term_string\"}],\"inLanguage\":\"en-US\"},{\"@type\":\"Person\",\"@id\":\"https:\/\/cabellonews.com\/#\/schema\/person\/7afe73bafa6cc5a24fd4c67dfd4379d8\",\"name\":\"cabellonews.com\",\"image\":{\"@type\":\"ImageObject\",\"inLanguage\":\"en-US\",\"@id\":\"https:\/\/cabellonews.com\/#\/schema\/person\/image\/\",\"url\":\"https:\/\/secure.gravatar.com\/avatar\/8d6324fc2806389aad4cd38639618406?s=96&d=mm&r=g\",\"contentUrl\":\"https:\/\/secure.gravatar.com\/avatar\/8d6324fc2806389aad4cd38639618406?s=96&d=mm&r=g\",\"caption\":\"cabellonews.com\"},\"sameAs\":[\"http:\/\/cabellonews.com\"],\"url\":\"https:\/\/cabellonews.com\/?author=1\"}]}<\/script>\n<!-- \/ Yoast SEO plugin. -->","yoast_head_json":{"title":"Actualizar\u00e1n curr\u00edcula en institutos tecnol\u00f3gicos acorde a necesidades laborales de la regi\u00f3n - cabellonews.com","robots":{"index":"index","follow":"follow","max-snippet":"max-snippet:-1","max-image-preview":"max-image-preview:large","max-video-preview":"max-video-preview:-1"},"canonical":"https:\/\/cabellonews.com\/?p=1167","og_locale":"en_US","og_type":"article","og_title":"Actualizar\u00e1n curr\u00edcula en institutos tecnol\u00f3gicos acorde a necesidades laborales de la regi\u00f3n - cabellonews.com","og_description":"-Docentes e investigadores de los Institutos Tecnol\u00f3gicos Nacionales de M\u00e9xico en el estado, se reunieron para analizar una actualizaci\u00f3n sobre los programas acad\u00e9micos que ofertan Octubre 12 de 2024 Ciudad Madero, Tamaulipas.\u2013 Con el objetivo de que las y los j\u00f3venes estudiantes tamaulipecos posean los conocimientos m\u00e1s actualizados sobre las carreras que requieren los mercados laborales de la regi\u00f3n, se realiz\u00f3 el &#8220;Foro Estatal para la Actualizaci\u00f3n Curricular y la Consolidaci\u00f3n de Proyectos Estrat\u00e9gicos del Tecnol\u00f3gico Nacional de M\u00e9xico en el Estado de Tamaulipas&#8221;. Durante un par de d\u00edas, docentes&hellip;","og_url":"https:\/\/cabellonews.com\/?p=1167","og_site_name":"cabellonews.com","article_published_time":"2024-10-12T20:21:04+00:00","article_modified_time":"2024-10-20T20:21:59+00:00","og_image":[{"width":1600,"height":1067,"url":"http:\/\/cabellonews.com\/wp-content\/uploads\/2024\/10\/947fc0ed-8129-4b74-9bf3-460922341d8a.jpeg","type":"image\/jpeg"}],"author":"cabellonews.com","twitter_card":"summary_large_image","twitter_misc":{"Written by":"cabellonews.com","Est. reading time":"2 minutes"},"schema":{"@context":"https:\/\/schema.org","@graph":[{"@type":"WebPage","@id":"https:\/\/cabellonews.com\/?p=1167","url":"https:\/\/cabellonews.com\/?p=1167","name":"Actualizar\u00e1n curr\u00edcula en institutos tecnol\u00f3gicos acorde a necesidades laborales de la regi\u00f3n - cabellonews.com","isPartOf":{"@id":"https:\/\/cabellonews.com\/#website"},"datePublished":"2024-10-12T20:21:04+00:00","dateModified":"2024-10-20T20:21:59+00:00","author":{"@id":"https:\/\/cabellonews.com\/#\/schema\/person\/7afe73bafa6cc5a24fd4c67dfd4379d8"},"breadcrumb":{"@id":"https:\/\/cabellonews.com\/?p=1167#breadcrumb"},"inLanguage":"en-US","potentialAction":[{"@type":"ReadAction","target":["https:\/\/cabellonews.com\/?p=1167"]}]},{"@type":"BreadcrumbList","@id":"https:\/\/cabellonews.com\/?p=1167#breadcrumb","itemListElement":[{"@type":"ListItem","position":1,"name":"Inicio","item":"https:\/\/cabellonews.com\/"},{"@type":"ListItem","position":2,"name":"Actualizar\u00e1n curr\u00edcula en institutos tecnol\u00f3gicos acorde a necesidades laborales de la regi\u00f3n"}]},{"@type":"WebSite","@id":"https:\/\/cabellonews.com\/#website","url":"https:\/\/cabellonews.com\/","name":"cabellonews.com","description":"Con Cobertura En Tamaulipas Y norte de Veracruz","potentialAction":[{"@type":"SearchAction","target":{"@type":"EntryPoint","urlTemplate":"https:\/\/cabellonews.com\/?s={search_term_string}"},"query-input":"required name=search_term_string"}],"inLanguage":"en-US"},{"@type":"Person","@id":"https:\/\/cabellonews.com\/#\/schema\/person\/7afe73bafa6cc5a24fd4c67dfd4379d8","name":"cabellonews.com","image":{"@type":"ImageObject","inLanguage":"en-US","@id":"https:\/\/cabellonews.com\/#\/schema\/person\/image\/","url":"https:\/\/secure.gravatar.com\/avatar\/8d6324fc2806389aad4cd38639618406?s=96&d=mm&r=g","contentUrl":"https:\/\/secure.gravatar.com\/avatar\/8d6324fc2806389aad4cd38639618406?s=96&d=mm&r=g","caption":"cabellonews.com"},"sameAs":["http:\/\/cabellonews.com"],"url":"https:\/\/cabellonews.com\/?author=1"}]}},"_links":{"self":[{"href":"https:\/\/cabellonews.com\/index.php?rest_route=\/wp\/v2\/posts\/1167"}],"collection":[{"href":"https:\/\/cabellonews.com\/index.php?rest_route=\/wp\/v2\/posts"}],"about":[{"href":"https:\/\/cabellonews.com\/index.php?rest_route=\/wp\/v2\/types\/post"}],"author":[{"embeddable":true,"href":"https:\/\/cabellonews.com\/index.php?rest_route=\/wp\/v2\/users\/1"}],"replies":[{"embeddable":true,"href":"https:\/\/cabellonews.com\/index.php?rest_route=%2Fwp%2Fv2%2Fcomments&post=1167"}],"version-history":[{"count":1,"href":"https:\/\/cabellonews.com\/index.php?rest_route=\/wp\/v2\/posts\/1167\/revisions"}],"predecessor-version":[{"id":1169,"href":"https:\/\/cabellonews.com\/index.php?rest_route=\/wp\/v2\/posts\/1167\/revisions\/1169"}],"wp:featuredmedia":[{"embeddable":true,"href":"https:\/\/cabellonews.com\/index.php?rest_route=\/wp\/v2\/media\/1168"}],"wp:attachment":[{"href":"https:\/\/cabellonews.com\/index.php?rest_route=%2Fwp%2Fv2%2Fmedia&parent=1167"}],"wp:term":[{"taxonomy":"category","embeddable":true,"href":"https:\/\/cabellonews.com\/index.php?rest_route=%2Fwp%2Fv2%2Fcategories&post=1167"},{"taxonomy":"post_tag","embeddable":true,"href":"https:\/\/cabellonews.com\/index.php?rest_route=%2Fwp%2Fv2%2Ftags&post=1167"}],"curies":[{"name":"wp","href":"https:\/\/api.w.org\/{rel}","templated":true}]}}