{"id":1117,"date":"2024-10-11T19:15:46","date_gmt":"2024-10-11T19:15:46","guid":{"rendered":"https:\/\/cabellonews.com\/?p=1117"},"modified":"2024-10-15T19:16:27","modified_gmt":"2024-10-15T19:16:27","slug":"ofrece-secretaria-general-de-gobierno-diversos-servicios-en-la-feria-tamaulipas-2024","status":"publish","type":"post","link":"https:\/\/cabellonews.com\/?p=1117","title":{"rendered":"Ofrece Secretar\u00eda General de Gobierno diversos servicios en la Feria Tamaulipas 2024"},"content":{"rendered":"\n<p>Octubre 11 de 2024<\/p>\n\n\n\n<p>Ciudad Victoria, Tamaulipas. &#8211; Con una amplia gama de servicios y actividades interactivas a trav\u00e9s de diferentes dependencias, la Secretar\u00eda General de Gobierno, bajo la direcci\u00f3n de H\u00e9ctor Joel Villegas Gonz\u00e1lez, participa en la Feria Tamaulipas 2024, que se lleva a cabo desde ayer, 10 de octubre, y hasta el 20 de octubre.<\/p>\n\n\n\n<p>Entre las principales actividades, la Subsecretar\u00eda de Transporte P\u00fablico, en colaboraci\u00f3n con la empresa Transpa\u00eds, instal\u00f3 un simulador de transporte de carga pesada, para brindar a las y los asistentes una experiencia \u00fanica en el manejo de este tipo de veh\u00edculos.<\/p>\n\n\n\n<p>La Coordinaci\u00f3n Estatal de Protecci\u00f3n Civil realiz\u00f3 demostraciones, incluyendo el uso de quijadas de la vida y pruebas de triage durante la inauguraci\u00f3n. Tambi\u00e9n ofrece pr\u00e1cticas con maniqu\u00edes dirigidas a las escuelas que los acompa\u00f1en durante los d\u00edas 15, 16 y 17 de octubre.<\/p>\n\n\n\n<p>La Coordinaci\u00f3n del Registro Civil ofrece el servicio de actas de nacimiento, mientras que la Direcci\u00f3n General de Notar\u00edas proporciona asesor\u00edas notariales durante los 10 d\u00edas del evento, a cargo de distintos notarios.<\/p>\n\n\n\n<p>El Instituto de Defensor\u00eda P\u00fablica del Estado de Tamaulipas brinda asesor\u00edas jur\u00eddicas, excepto durante el \u00faltimo fin de semana, cuando se llevar\u00e1 a cabo una loter\u00eda jur\u00eddica.<\/p>\n\n\n\n<p>Asimismo, el Secretariado de Seguridad P\u00fablica promueve el uso responsable de la l\u00ednea de emergencia 911 y el n\u00famero 089. La Comisi\u00f3n Estatal de V\u00edctimas ofrece asesor\u00edas disponibles para quienes lo necesiten, adem\u00e1s de realizar una demostraci\u00f3n de drones y de los canes con los que cuentan.<\/p>\n\n\n\n<p>El Sistema de Protecci\u00f3n Integral de Ni\u00f1as, Ni\u00f1os y Adolescentes (SIPINNA) lleva a cabo diversas actividades dirigidas a los m\u00e1s j\u00f3venes. El Instituto Registral y Catastral del Estado de Tamaulipas ofrece asesor\u00eda, b\u00fasqueda de predios y consultas sobre costos.<\/p>\n\n\n\n<p>Por su parte, la Direcci\u00f3n de Mediaci\u00f3n destaca la importancia de la cultura de paz a trav\u00e9s de la identificaci\u00f3n y reconocimiento de emociones, mientras que la Direcci\u00f3n de Seguimiento de Recomendaciones de Derechos Humanos invita a los asistentes a participar en una actividad de coloreado de dibujos alusivos a la Secretar\u00eda General de Gobierno.<\/p>\n\n\n\n<p>La Subsecretar\u00eda de Enlace Legislativo comparte el trabajo realizado en sus actividades y ha habilitado un buz\u00f3n para recibir propuestas legislativas. Asimismo, la Direcci\u00f3n de Permisos y Legalizaciones brinda informaci\u00f3n sobre los servicios y costos de tr\u00e1mites disponibles.<\/p>\n\n\n\n<p>Finalmente, el Sistema Intersectorial de Protecci\u00f3n y Gesti\u00f3n Integral de Derechos de las Personas con Discapacidad (SIPRODDIS) presentar\u00e1 su actividad &#8220;Te presto mis zapatos&#8221;, promoviendo la empat\u00eda y la inclusi\u00f3n.<\/p>\n\n\n\n<p>Por lo tanto, se invita a las y los asistentes a visitar el stand de la Secretar\u00eda General de Gobierno en la Feria Tamaulipas 2024 y aprovechar los diversos servicios y actividades que han preparado para toda la ciudadan\u00eda.<\/p>\n\n\n<figure class=\"wp-block-post-featured-image\"><img width=\"240\" height=\"172\" src=\"https:\/\/cabellonews.com\/wp-content\/uploads\/2024\/10\/69e36b4b-8fc0-434e-b266-123cc06b4226-240x172.jpeg\" class=\"attachment-post-thumbnail size-post-thumbnail wp-post-image\" alt=\"\" decoding=\"async\" loading=\"lazy\" \/><\/figure>\n\n\n<pre class=\"wp-block-code\"><code>     *     *     *<\/code><\/pre>\n","protected":false},"excerpt":{"rendered":"<p>Octubre 11 de 2024 Ciudad Victoria, Tamaulipas. &#8211; Con una amplia gama de servicios y actividades interactivas a trav\u00e9s de diferentes dependencias, la Secretar\u00eda General de Gobierno, bajo la direcci\u00f3n de H\u00e9ctor Joel Villegas Gonz\u00e1lez, participa en la Feria Tamaulipas 2024, que se lleva a cabo desde ayer, 10 de octubre, y hasta el 20 de octubre. Entre las principales actividades, la Subsecretar\u00eda de Transporte P\u00fablico, en colaboraci\u00f3n con la empresa Transpa\u00eds, instal\u00f3 un simulador de transporte de carga pesada, para brindar a las y los asistentes una experiencia \u00fanica&hellip;<\/p>\n","protected":false},"author":1,"featured_media":1118,"comment_status":"open","ping_status":"open","sticky":false,"template":"","format":"standard","meta":[],"categories":[1],"tags":[],"gutentor_comment":0,"yoast_head":"<!-- This site is optimized with the Yoast SEO plugin v20.10 - https:\/\/yoast.com\/wordpress\/plugins\/seo\/ -->\n<title>Ofrece Secretar\u00eda General de Gobierno diversos servicios en la Feria Tamaulipas 2024 - cabellonews.com<\/title>\n<meta name=\"robots\" content=\"index, follow, max-snippet:-1, max-image-preview:large, max-video-preview:-1\" \/>\n<link rel=\"canonical\" href=\"https:\/\/cabellonews.com\/?p=1117\" \/>\n<meta property=\"og:locale\" content=\"en_US\" \/>\n<meta property=\"og:type\" content=\"article\" \/>\n<meta property=\"og:title\" content=\"Ofrece Secretar\u00eda General de Gobierno diversos servicios en la Feria Tamaulipas 2024 - cabellonews.com\" \/>\n<meta property=\"og:description\" content=\"Octubre 11 de 2024 Ciudad Victoria, Tamaulipas. &#8211; Con una amplia gama de servicios y actividades interactivas a trav\u00e9s de diferentes dependencias, la Secretar\u00eda General de Gobierno, bajo la direcci\u00f3n de H\u00e9ctor Joel Villegas Gonz\u00e1lez, participa en la Feria Tamaulipas 2024, que se lleva a cabo desde ayer, 10 de octubre, y hasta el 20 de octubre. Entre las principales actividades, la Subsecretar\u00eda de Transporte P\u00fablico, en colaboraci\u00f3n con la empresa Transpa\u00eds, instal\u00f3 un simulador de transporte de carga pesada, para brindar a las y los asistentes una experiencia \u00fanica&hellip;\" \/>\n<meta property=\"og:url\" content=\"https:\/\/cabellonews.com\/?p=1117\" \/>\n<meta property=\"og:site_name\" content=\"cabellonews.com\" \/>\n<meta property=\"article:published_time\" content=\"2024-10-11T19:15:46+00:00\" \/>\n<meta property=\"article:modified_time\" content=\"2024-10-15T19:16:27+00:00\" \/>\n<meta property=\"og:image\" content=\"http:\/\/cabellonews.com\/wp-content\/uploads\/2024\/10\/69e36b4b-8fc0-434e-b266-123cc06b4226.jpeg\" \/>\n\t<meta property=\"og:image:width\" content=\"1600\" \/>\n\t<meta property=\"og:image:height\" content=\"1064\" \/>\n\t<meta property=\"og:image:type\" content=\"image\/jpeg\" \/>\n<meta name=\"author\" content=\"cabellonews.com\" \/>\n<meta name=\"twitter:card\" content=\"summary_large_image\" \/>\n<meta name=\"twitter:label1\" content=\"Written by\" \/>\n\t<meta name=\"twitter:data1\" content=\"cabellonews.com\" \/>\n\t<meta name=\"twitter:label2\" content=\"Est. reading time\" \/>\n\t<meta name=\"twitter:data2\" content=\"2 minutes\" \/>\n<script type=\"application\/ld+json\" class=\"yoast-schema-graph\">{\"@context\":\"https:\/\/schema.org\",\"@graph\":[{\"@type\":\"WebPage\",\"@id\":\"https:\/\/cabellonews.com\/?p=1117\",\"url\":\"https:\/\/cabellonews.com\/?p=1117\",\"name\":\"Ofrece Secretar\u00eda General de Gobierno diversos servicios en la Feria Tamaulipas 2024 - cabellonews.com\",\"isPartOf\":{\"@id\":\"https:\/\/cabellonews.com\/#website\"},\"datePublished\":\"2024-10-11T19:15:46+00:00\",\"dateModified\":\"2024-10-15T19:16:27+00:00\",\"author\":{\"@id\":\"https:\/\/cabellonews.com\/#\/schema\/person\/7afe73bafa6cc5a24fd4c67dfd4379d8\"},\"breadcrumb\":{\"@id\":\"https:\/\/cabellonews.com\/?p=1117#breadcrumb\"},\"inLanguage\":\"en-US\",\"potentialAction\":[{\"@type\":\"ReadAction\",\"target\":[\"https:\/\/cabellonews.com\/?p=1117\"]}]},{\"@type\":\"BreadcrumbList\",\"@id\":\"https:\/\/cabellonews.com\/?p=1117#breadcrumb\",\"itemListElement\":[{\"@type\":\"ListItem\",\"position\":1,\"name\":\"Inicio\",\"item\":\"https:\/\/cabellonews.com\/\"},{\"@type\":\"ListItem\",\"position\":2,\"name\":\"Ofrece Secretar\u00eda General de Gobierno diversos servicios en la Feria Tamaulipas 2024\"}]},{\"@type\":\"WebSite\",\"@id\":\"https:\/\/cabellonews.com\/#website\",\"url\":\"https:\/\/cabellonews.com\/\",\"name\":\"cabellonews.com\",\"description\":\"Con Cobertura En Tamaulipas Y norte de Veracruz\",\"potentialAction\":[{\"@type\":\"SearchAction\",\"target\":{\"@type\":\"EntryPoint\",\"urlTemplate\":\"https:\/\/cabellonews.com\/?s={search_term_string}\"},\"query-input\":\"required name=search_term_string\"}],\"inLanguage\":\"en-US\"},{\"@type\":\"Person\",\"@id\":\"https:\/\/cabellonews.com\/#\/schema\/person\/7afe73bafa6cc5a24fd4c67dfd4379d8\",\"name\":\"cabellonews.com\",\"image\":{\"@type\":\"ImageObject\",\"inLanguage\":\"en-US\",\"@id\":\"https:\/\/cabellonews.com\/#\/schema\/person\/image\/\",\"url\":\"https:\/\/secure.gravatar.com\/avatar\/8d6324fc2806389aad4cd38639618406?s=96&d=mm&r=g\",\"contentUrl\":\"https:\/\/secure.gravatar.com\/avatar\/8d6324fc2806389aad4cd38639618406?s=96&d=mm&r=g\",\"caption\":\"cabellonews.com\"},\"sameAs\":[\"http:\/\/cabellonews.com\"],\"url\":\"https:\/\/cabellonews.com\/?author=1\"}]}<\/script>\n<!-- \/ Yoast SEO plugin. -->","yoast_head_json":{"title":"Ofrece Secretar\u00eda General de Gobierno diversos servicios en la Feria Tamaulipas 2024 - cabellonews.com","robots":{"index":"index","follow":"follow","max-snippet":"max-snippet:-1","max-image-preview":"max-image-preview:large","max-video-preview":"max-video-preview:-1"},"canonical":"https:\/\/cabellonews.com\/?p=1117","og_locale":"en_US","og_type":"article","og_title":"Ofrece Secretar\u00eda General de Gobierno diversos servicios en la Feria Tamaulipas 2024 - cabellonews.com","og_description":"Octubre 11 de 2024 Ciudad Victoria, Tamaulipas. &#8211; Con una amplia gama de servicios y actividades interactivas a trav\u00e9s de diferentes dependencias, la Secretar\u00eda General de Gobierno, bajo la direcci\u00f3n de H\u00e9ctor Joel Villegas Gonz\u00e1lez, participa en la Feria Tamaulipas 2024, que se lleva a cabo desde ayer, 10 de octubre, y hasta el 20 de octubre. Entre las principales actividades, la Subsecretar\u00eda de Transporte P\u00fablico, en colaboraci\u00f3n con la empresa Transpa\u00eds, instal\u00f3 un simulador de transporte de carga pesada, para brindar a las y los asistentes una experiencia \u00fanica&hellip;","og_url":"https:\/\/cabellonews.com\/?p=1117","og_site_name":"cabellonews.com","article_published_time":"2024-10-11T19:15:46+00:00","article_modified_time":"2024-10-15T19:16:27+00:00","og_image":[{"width":1600,"height":1064,"url":"http:\/\/cabellonews.com\/wp-content\/uploads\/2024\/10\/69e36b4b-8fc0-434e-b266-123cc06b4226.jpeg","type":"image\/jpeg"}],"author":"cabellonews.com","twitter_card":"summary_large_image","twitter_misc":{"Written by":"cabellonews.com","Est. reading time":"2 minutes"},"schema":{"@context":"https:\/\/schema.org","@graph":[{"@type":"WebPage","@id":"https:\/\/cabellonews.com\/?p=1117","url":"https:\/\/cabellonews.com\/?p=1117","name":"Ofrece Secretar\u00eda General de Gobierno diversos servicios en la Feria Tamaulipas 2024 - cabellonews.com","isPartOf":{"@id":"https:\/\/cabellonews.com\/#website"},"datePublished":"2024-10-11T19:15:46+00:00","dateModified":"2024-10-15T19:16:27+00:00","author":{"@id":"https:\/\/cabellonews.com\/#\/schema\/person\/7afe73bafa6cc5a24fd4c67dfd4379d8"},"breadcrumb":{"@id":"https:\/\/cabellonews.com\/?p=1117#breadcrumb"},"inLanguage":"en-US","potentialAction":[{"@type":"ReadAction","target":["https:\/\/cabellonews.com\/?p=1117"]}]},{"@type":"BreadcrumbList","@id":"https:\/\/cabellonews.com\/?p=1117#breadcrumb","itemListElement":[{"@type":"ListItem","position":1,"name":"Inicio","item":"https:\/\/cabellonews.com\/"},{"@type":"ListItem","position":2,"name":"Ofrece Secretar\u00eda General de Gobierno diversos servicios en la Feria Tamaulipas 2024"}]},{"@type":"WebSite","@id":"https:\/\/cabellonews.com\/#website","url":"https:\/\/cabellonews.com\/","name":"cabellonews.com","description":"Con Cobertura En Tamaulipas Y norte de Veracruz","potentialAction":[{"@type":"SearchAction","target":{"@type":"EntryPoint","urlTemplate":"https:\/\/cabellonews.com\/?s={search_term_string}"},"query-input":"required name=search_term_string"}],"inLanguage":"en-US"},{"@type":"Person","@id":"https:\/\/cabellonews.com\/#\/schema\/person\/7afe73bafa6cc5a24fd4c67dfd4379d8","name":"cabellonews.com","image":{"@type":"ImageObject","inLanguage":"en-US","@id":"https:\/\/cabellonews.com\/#\/schema\/person\/image\/","url":"https:\/\/secure.gravatar.com\/avatar\/8d6324fc2806389aad4cd38639618406?s=96&d=mm&r=g","contentUrl":"https:\/\/secure.gravatar.com\/avatar\/8d6324fc2806389aad4cd38639618406?s=96&d=mm&r=g","caption":"cabellonews.com"},"sameAs":["http:\/\/cabellonews.com"],"url":"https:\/\/cabellonews.com\/?author=1"}]}},"_links":{"self":[{"href":"https:\/\/cabellonews.com\/index.php?rest_route=\/wp\/v2\/posts\/1117"}],"collection":[{"href":"https:\/\/cabellonews.com\/index.php?rest_route=\/wp\/v2\/posts"}],"about":[{"href":"https:\/\/cabellonews.com\/index.php?rest_route=\/wp\/v2\/types\/post"}],"author":[{"embeddable":true,"href":"https:\/\/cabellonews.com\/index.php?rest_route=\/wp\/v2\/users\/1"}],"replies":[{"embeddable":true,"href":"https:\/\/cabellonews.com\/index.php?rest_route=%2Fwp%2Fv2%2Fcomments&post=1117"}],"version-history":[{"count":1,"href":"https:\/\/cabellonews.com\/index.php?rest_route=\/wp\/v2\/posts\/1117\/revisions"}],"predecessor-version":[{"id":1119,"href":"https:\/\/cabellonews.com\/index.php?rest_route=\/wp\/v2\/posts\/1117\/revisions\/1119"}],"wp:featuredmedia":[{"embeddable":true,"href":"https:\/\/cabellonews.com\/index.php?rest_route=\/wp\/v2\/media\/1118"}],"wp:attachment":[{"href":"https:\/\/cabellonews.com\/index.php?rest_route=%2Fwp%2Fv2%2Fmedia&parent=1117"}],"wp:term":[{"taxonomy":"category","embeddable":true,"href":"https:\/\/cabellonews.com\/index.php?rest_route=%2Fwp%2Fv2%2Fcategories&post=1117"},{"taxonomy":"post_tag","embeddable":true,"href":"https:\/\/cabellonews.com\/index.php?rest_route=%2Fwp%2Fv2%2Ftags&post=1117"}],"curies":[{"name":"wp","href":"https:\/\/api.w.org\/{rel}","templated":true}]}}