{"id":1111,"date":"2024-10-11T19:13:25","date_gmt":"2024-10-11T19:13:25","guid":{"rendered":"https:\/\/cabellonews.com\/?p=1111"},"modified":"2024-10-15T19:13:59","modified_gmt":"2024-10-15T19:13:59","slug":"impulsa-comision-de-parques-la-preservacion-del-jaguar-y-su-habitat","status":"publish","type":"post","link":"https:\/\/cabellonews.com\/?p=1111","title":{"rendered":"Impulsa Comisi\u00f3n de Parques la preservaci\u00f3n del jaguar y su h\u00e1bitat"},"content":{"rendered":"\n<p>-Presenta en la Feria Tamaulipas el programa de conservaci\u00f3n, as\u00ed como dos cachorros de la especie para que las familias puedan conocerlos<\/p>\n\n\n\n<p>Octubre 11 de 2024<\/p>\n\n\n\n<p>Ciudad Victoria, Tamaulipas.- Cientos de visitantes se dan cita en el espacio de la Comisi\u00f3n de Parques y Biodiversidad de Tamaulipas (CPBT) para conocer el mundo del jaguar que es la tem\u00e1tica, este a\u00f1o en la Feria Tamaulipas 2024.<\/p>\n\n\n\n<p>Eduardo Rocha Orozco, vocal de la comisi\u00f3n destac\u00f3 la importancia de que la gente conozca m\u00e1s de este felino que abunda en la zona de G\u00f3mez Far\u00edas entre otros lugares de nuestro estado.<\/p>\n\n\n\n<p>\u201cLa poblaci\u00f3n debe conocer m\u00e1s sobre el trabajo que realiza la comisi\u00f3n en torno a la conservaci\u00f3n del h\u00e1bitat del jaguar, la importancia de su papel en el ecosistema y el impacto de la actividad humana en su existencia\u201d, se\u00f1al\u00f3.<\/p>\n\n\n\n<p>&#8220;Por medio de diversas estrategias estamos trabajando de la mano de la sociedad, lo mismo en escuelas, talleres, visitas guiadas al zool\u00f3gico Tamat\u00e1n y muchas acciones m\u00e1s&#8221;, dijo.<\/p>\n\n\n\n<p>\u201cEn esta ocasi\u00f3n traemos los cachorros de jaguar para que las ni\u00f1as y ni\u00f1os conozcan m\u00e1s sobre esta especie\u201d, indic\u00f3.<\/p>\n\n\n\n<p>Refiri\u00f3 que quienes visiten el pabell\u00f3n podr\u00e1n conocer desde donde viven, cual es su alimentaci\u00f3n, como se hace el monitoreo de esta majestuosa especie, entre otros aspectos m\u00e1s.<\/p>\n\n\n<figure class=\"wp-block-post-featured-image\"><img width=\"240\" height=\"172\" src=\"https:\/\/cabellonews.com\/wp-content\/uploads\/2024\/10\/d9119a5c-549d-4b90-b9a6-b0e72e49c2b0-240x172.jpeg\" class=\"attachment-post-thumbnail size-post-thumbnail wp-post-image\" alt=\"\" decoding=\"async\" loading=\"lazy\" \/><\/figure>\n\n\n<pre class=\"wp-block-code\"><code>      *     *     *<\/code><\/pre>\n","protected":false},"excerpt":{"rendered":"<p>-Presenta en la Feria Tamaulipas el programa de conservaci\u00f3n, as\u00ed como dos cachorros de la especie para que las familias puedan conocerlos Octubre 11 de 2024 Ciudad Victoria, Tamaulipas.- Cientos de visitantes se dan cita en el espacio de la Comisi\u00f3n de Parques y Biodiversidad de Tamaulipas (CPBT) para conocer el mundo del jaguar que es la tem\u00e1tica, este a\u00f1o en la Feria Tamaulipas 2024. Eduardo Rocha Orozco, vocal de la comisi\u00f3n destac\u00f3 la importancia de que la gente conozca m\u00e1s de este felino que abunda en la zona de&hellip;<\/p>\n","protected":false},"author":1,"featured_media":1112,"comment_status":"open","ping_status":"open","sticky":false,"template":"","format":"standard","meta":[],"categories":[1],"tags":[],"gutentor_comment":0,"yoast_head":"<!-- This site is optimized with the Yoast SEO plugin v20.10 - https:\/\/yoast.com\/wordpress\/plugins\/seo\/ -->\n<title>Impulsa Comisi\u00f3n de Parques la preservaci\u00f3n del jaguar y su h\u00e1bitat - cabellonews.com<\/title>\n<meta name=\"robots\" content=\"index, follow, max-snippet:-1, max-image-preview:large, max-video-preview:-1\" \/>\n<link rel=\"canonical\" href=\"https:\/\/cabellonews.com\/?p=1111\" \/>\n<meta property=\"og:locale\" content=\"en_US\" \/>\n<meta property=\"og:type\" content=\"article\" \/>\n<meta property=\"og:title\" content=\"Impulsa Comisi\u00f3n de Parques la preservaci\u00f3n del jaguar y su h\u00e1bitat - cabellonews.com\" \/>\n<meta property=\"og:description\" content=\"-Presenta en la Feria Tamaulipas el programa de conservaci\u00f3n, as\u00ed como dos cachorros de la especie para que las familias puedan conocerlos Octubre 11 de 2024 Ciudad Victoria, Tamaulipas.- Cientos de visitantes se dan cita en el espacio de la Comisi\u00f3n de Parques y Biodiversidad de Tamaulipas (CPBT) para conocer el mundo del jaguar que es la tem\u00e1tica, este a\u00f1o en la Feria Tamaulipas 2024. Eduardo Rocha Orozco, vocal de la comisi\u00f3n destac\u00f3 la importancia de que la gente conozca m\u00e1s de este felino que abunda en la zona de&hellip;\" \/>\n<meta property=\"og:url\" content=\"https:\/\/cabellonews.com\/?p=1111\" \/>\n<meta property=\"og:site_name\" content=\"cabellonews.com\" \/>\n<meta property=\"article:published_time\" content=\"2024-10-11T19:13:25+00:00\" \/>\n<meta property=\"article:modified_time\" content=\"2024-10-15T19:13:59+00:00\" \/>\n<meta property=\"og:image\" content=\"http:\/\/cabellonews.com\/wp-content\/uploads\/2024\/10\/d9119a5c-549d-4b90-b9a6-b0e72e49c2b0.jpeg\" \/>\n\t<meta property=\"og:image:width\" content=\"1280\" \/>\n\t<meta property=\"og:image:height\" content=\"960\" \/>\n\t<meta property=\"og:image:type\" content=\"image\/jpeg\" \/>\n<meta name=\"author\" content=\"cabellonews.com\" \/>\n<meta name=\"twitter:card\" content=\"summary_large_image\" \/>\n<meta name=\"twitter:label1\" content=\"Written by\" \/>\n\t<meta name=\"twitter:data1\" content=\"cabellonews.com\" \/>\n\t<meta name=\"twitter:label2\" content=\"Est. reading time\" \/>\n\t<meta name=\"twitter:data2\" content=\"1 minute\" \/>\n<script type=\"application\/ld+json\" class=\"yoast-schema-graph\">{\"@context\":\"https:\/\/schema.org\",\"@graph\":[{\"@type\":\"WebPage\",\"@id\":\"https:\/\/cabellonews.com\/?p=1111\",\"url\":\"https:\/\/cabellonews.com\/?p=1111\",\"name\":\"Impulsa Comisi\u00f3n de Parques la preservaci\u00f3n del jaguar y su h\u00e1bitat - cabellonews.com\",\"isPartOf\":{\"@id\":\"https:\/\/cabellonews.com\/#website\"},\"datePublished\":\"2024-10-11T19:13:25+00:00\",\"dateModified\":\"2024-10-15T19:13:59+00:00\",\"author\":{\"@id\":\"https:\/\/cabellonews.com\/#\/schema\/person\/7afe73bafa6cc5a24fd4c67dfd4379d8\"},\"breadcrumb\":{\"@id\":\"https:\/\/cabellonews.com\/?p=1111#breadcrumb\"},\"inLanguage\":\"en-US\",\"potentialAction\":[{\"@type\":\"ReadAction\",\"target\":[\"https:\/\/cabellonews.com\/?p=1111\"]}]},{\"@type\":\"BreadcrumbList\",\"@id\":\"https:\/\/cabellonews.com\/?p=1111#breadcrumb\",\"itemListElement\":[{\"@type\":\"ListItem\",\"position\":1,\"name\":\"Inicio\",\"item\":\"https:\/\/cabellonews.com\/\"},{\"@type\":\"ListItem\",\"position\":2,\"name\":\"Impulsa Comisi\u00f3n de Parques la preservaci\u00f3n del jaguar y su h\u00e1bitat\"}]},{\"@type\":\"WebSite\",\"@id\":\"https:\/\/cabellonews.com\/#website\",\"url\":\"https:\/\/cabellonews.com\/\",\"name\":\"cabellonews.com\",\"description\":\"Con Cobertura En Tamaulipas Y norte de Veracruz\",\"potentialAction\":[{\"@type\":\"SearchAction\",\"target\":{\"@type\":\"EntryPoint\",\"urlTemplate\":\"https:\/\/cabellonews.com\/?s={search_term_string}\"},\"query-input\":\"required name=search_term_string\"}],\"inLanguage\":\"en-US\"},{\"@type\":\"Person\",\"@id\":\"https:\/\/cabellonews.com\/#\/schema\/person\/7afe73bafa6cc5a24fd4c67dfd4379d8\",\"name\":\"cabellonews.com\",\"image\":{\"@type\":\"ImageObject\",\"inLanguage\":\"en-US\",\"@id\":\"https:\/\/cabellonews.com\/#\/schema\/person\/image\/\",\"url\":\"https:\/\/secure.gravatar.com\/avatar\/8d6324fc2806389aad4cd38639618406?s=96&d=mm&r=g\",\"contentUrl\":\"https:\/\/secure.gravatar.com\/avatar\/8d6324fc2806389aad4cd38639618406?s=96&d=mm&r=g\",\"caption\":\"cabellonews.com\"},\"sameAs\":[\"http:\/\/cabellonews.com\"],\"url\":\"https:\/\/cabellonews.com\/?author=1\"}]}<\/script>\n<!-- \/ Yoast SEO plugin. -->","yoast_head_json":{"title":"Impulsa Comisi\u00f3n de Parques la preservaci\u00f3n del jaguar y su h\u00e1bitat - cabellonews.com","robots":{"index":"index","follow":"follow","max-snippet":"max-snippet:-1","max-image-preview":"max-image-preview:large","max-video-preview":"max-video-preview:-1"},"canonical":"https:\/\/cabellonews.com\/?p=1111","og_locale":"en_US","og_type":"article","og_title":"Impulsa Comisi\u00f3n de Parques la preservaci\u00f3n del jaguar y su h\u00e1bitat - cabellonews.com","og_description":"-Presenta en la Feria Tamaulipas el programa de conservaci\u00f3n, as\u00ed como dos cachorros de la especie para que las familias puedan conocerlos Octubre 11 de 2024 Ciudad Victoria, Tamaulipas.- Cientos de visitantes se dan cita en el espacio de la Comisi\u00f3n de Parques y Biodiversidad de Tamaulipas (CPBT) para conocer el mundo del jaguar que es la tem\u00e1tica, este a\u00f1o en la Feria Tamaulipas 2024. Eduardo Rocha Orozco, vocal de la comisi\u00f3n destac\u00f3 la importancia de que la gente conozca m\u00e1s de este felino que abunda en la zona de&hellip;","og_url":"https:\/\/cabellonews.com\/?p=1111","og_site_name":"cabellonews.com","article_published_time":"2024-10-11T19:13:25+00:00","article_modified_time":"2024-10-15T19:13:59+00:00","og_image":[{"width":1280,"height":960,"url":"http:\/\/cabellonews.com\/wp-content\/uploads\/2024\/10\/d9119a5c-549d-4b90-b9a6-b0e72e49c2b0.jpeg","type":"image\/jpeg"}],"author":"cabellonews.com","twitter_card":"summary_large_image","twitter_misc":{"Written by":"cabellonews.com","Est. reading time":"1 minute"},"schema":{"@context":"https:\/\/schema.org","@graph":[{"@type":"WebPage","@id":"https:\/\/cabellonews.com\/?p=1111","url":"https:\/\/cabellonews.com\/?p=1111","name":"Impulsa Comisi\u00f3n de Parques la preservaci\u00f3n del jaguar y su h\u00e1bitat - cabellonews.com","isPartOf":{"@id":"https:\/\/cabellonews.com\/#website"},"datePublished":"2024-10-11T19:13:25+00:00","dateModified":"2024-10-15T19:13:59+00:00","author":{"@id":"https:\/\/cabellonews.com\/#\/schema\/person\/7afe73bafa6cc5a24fd4c67dfd4379d8"},"breadcrumb":{"@id":"https:\/\/cabellonews.com\/?p=1111#breadcrumb"},"inLanguage":"en-US","potentialAction":[{"@type":"ReadAction","target":["https:\/\/cabellonews.com\/?p=1111"]}]},{"@type":"BreadcrumbList","@id":"https:\/\/cabellonews.com\/?p=1111#breadcrumb","itemListElement":[{"@type":"ListItem","position":1,"name":"Inicio","item":"https:\/\/cabellonews.com\/"},{"@type":"ListItem","position":2,"name":"Impulsa Comisi\u00f3n de Parques la preservaci\u00f3n del jaguar y su h\u00e1bitat"}]},{"@type":"WebSite","@id":"https:\/\/cabellonews.com\/#website","url":"https:\/\/cabellonews.com\/","name":"cabellonews.com","description":"Con Cobertura En Tamaulipas Y norte de Veracruz","potentialAction":[{"@type":"SearchAction","target":{"@type":"EntryPoint","urlTemplate":"https:\/\/cabellonews.com\/?s={search_term_string}"},"query-input":"required name=search_term_string"}],"inLanguage":"en-US"},{"@type":"Person","@id":"https:\/\/cabellonews.com\/#\/schema\/person\/7afe73bafa6cc5a24fd4c67dfd4379d8","name":"cabellonews.com","image":{"@type":"ImageObject","inLanguage":"en-US","@id":"https:\/\/cabellonews.com\/#\/schema\/person\/image\/","url":"https:\/\/secure.gravatar.com\/avatar\/8d6324fc2806389aad4cd38639618406?s=96&d=mm&r=g","contentUrl":"https:\/\/secure.gravatar.com\/avatar\/8d6324fc2806389aad4cd38639618406?s=96&d=mm&r=g","caption":"cabellonews.com"},"sameAs":["http:\/\/cabellonews.com"],"url":"https:\/\/cabellonews.com\/?author=1"}]}},"_links":{"self":[{"href":"https:\/\/cabellonews.com\/index.php?rest_route=\/wp\/v2\/posts\/1111"}],"collection":[{"href":"https:\/\/cabellonews.com\/index.php?rest_route=\/wp\/v2\/posts"}],"about":[{"href":"https:\/\/cabellonews.com\/index.php?rest_route=\/wp\/v2\/types\/post"}],"author":[{"embeddable":true,"href":"https:\/\/cabellonews.com\/index.php?rest_route=\/wp\/v2\/users\/1"}],"replies":[{"embeddable":true,"href":"https:\/\/cabellonews.com\/index.php?rest_route=%2Fwp%2Fv2%2Fcomments&post=1111"}],"version-history":[{"count":1,"href":"https:\/\/cabellonews.com\/index.php?rest_route=\/wp\/v2\/posts\/1111\/revisions"}],"predecessor-version":[{"id":1113,"href":"https:\/\/cabellonews.com\/index.php?rest_route=\/wp\/v2\/posts\/1111\/revisions\/1113"}],"wp:featuredmedia":[{"embeddable":true,"href":"https:\/\/cabellonews.com\/index.php?rest_route=\/wp\/v2\/media\/1112"}],"wp:attachment":[{"href":"https:\/\/cabellonews.com\/index.php?rest_route=%2Fwp%2Fv2%2Fmedia&parent=1111"}],"wp:term":[{"taxonomy":"category","embeddable":true,"href":"https:\/\/cabellonews.com\/index.php?rest_route=%2Fwp%2Fv2%2Fcategories&post=1111"},{"taxonomy":"post_tag","embeddable":true,"href":"https:\/\/cabellonews.com\/index.php?rest_route=%2Fwp%2Fv2%2Ftags&post=1111"}],"curies":[{"name":"wp","href":"https:\/\/api.w.org\/{rel}","templated":true}]}}