{"id":1102,"date":"2024-10-07T19:09:38","date_gmt":"2024-10-07T19:09:38","guid":{"rendered":"https:\/\/cabellonews.com\/?p=1102"},"modified":"2024-10-15T19:10:16","modified_gmt":"2024-10-15T19:10:16","slug":"invierte-gobierno-de-americo-en-dos-anos-13-mil-mdp-en-obra-publica","status":"publish","type":"post","link":"https:\/\/cabellonews.com\/?p=1102","title":{"rendered":"Invierte gobierno de Am\u00e9rico en dos a\u00f1os 13 mil MDP en obra p\u00fablica"},"content":{"rendered":"\n<p>Octubre 07 de 2024<\/p>\n\n\n\n<p>Ciudad Victoria, Tamaulipas. &#8211; El gobierno de Am\u00e9rico Villarreal Anaya ha invertido en dos a\u00f1os de su administraci\u00f3n estatal, 13 mil millones de pesos en obra p\u00fablica en Tamaulipas.<\/p>\n\n\n\n<p>En el marco del evento denominado \u201cDos a\u00f1os de memorias de una transformaci\u00f3n\u201d, el secretario de Obras P\u00fablicas, Pedro Cepeda Anaya inform\u00f3 que del primero de octubre del a\u00f1o 2023 a septiembre del 2024, se ha ejercido este presupuesto, en obras nuevas y en el rescate de trabajos de administraciones anteriores, adem\u00e1s de destinar m\u00e1s de mil millones de pesos en infraestructura educativa.<\/p>\n\n\n\n<p>\u201cHemos rescatado trabajos inconclusos, adem\u00e1s de obras nuevas en diferentes rubros como lo son, caminos rurales, carreteras estatales, entre ellas la Mante-Ocampo-Tula, infraestructura educativa y hospitalaria con el rescate del Hospital de Ciudad Madero, el cual entregaremos concluido en el 2025\u201d, inform\u00f3.<\/p>\n\n\n\n<p>Cepeda Anaya agreg\u00f3 que en el 2023 hubo proyectos de obra p\u00fablica para los 43 municipios del estado y destac\u00f3 que el objetivo para este 2024, es repetir ese logro.<\/p>\n\n\n<figure class=\"wp-block-post-featured-image\"><img width=\"240\" height=\"172\" src=\"https:\/\/cabellonews.com\/wp-content\/uploads\/2024\/10\/5b4edc10-b97e-4c2f-8759-cd264fd6710c-240x172.jpeg\" class=\"attachment-post-thumbnail size-post-thumbnail wp-post-image\" alt=\"\" decoding=\"async\" loading=\"lazy\" \/><\/figure>\n\n\n<pre class=\"wp-block-code\"><code>      *      *    *<\/code><\/pre>\n","protected":false},"excerpt":{"rendered":"<p>Octubre 07 de 2024 Ciudad Victoria, Tamaulipas. &#8211; El gobierno de Am\u00e9rico Villarreal Anaya ha invertido en dos a\u00f1os de su administraci\u00f3n estatal, 13 mil millones de pesos en obra p\u00fablica en Tamaulipas. En el marco del evento denominado \u201cDos a\u00f1os de memorias de una transformaci\u00f3n\u201d, el secretario de Obras P\u00fablicas, Pedro Cepeda Anaya inform\u00f3 que del primero de octubre del a\u00f1o 2023 a septiembre del 2024, se ha ejercido este presupuesto, en obras nuevas y en el rescate de trabajos de administraciones anteriores, adem\u00e1s de destinar m\u00e1s de mil&hellip;<\/p>\n","protected":false},"author":1,"featured_media":1103,"comment_status":"open","ping_status":"open","sticky":false,"template":"","format":"standard","meta":[],"categories":[1],"tags":[],"gutentor_comment":0,"yoast_head":"<!-- This site is optimized with the Yoast SEO plugin v20.10 - https:\/\/yoast.com\/wordpress\/plugins\/seo\/ -->\n<title>Invierte gobierno de Am\u00e9rico en dos a\u00f1os 13 mil MDP en obra p\u00fablica - cabellonews.com<\/title>\n<meta name=\"robots\" content=\"index, follow, max-snippet:-1, max-image-preview:large, max-video-preview:-1\" \/>\n<link rel=\"canonical\" href=\"https:\/\/cabellonews.com\/?p=1102\" \/>\n<meta property=\"og:locale\" content=\"en_US\" \/>\n<meta property=\"og:type\" content=\"article\" \/>\n<meta property=\"og:title\" content=\"Invierte gobierno de Am\u00e9rico en dos a\u00f1os 13 mil MDP en obra p\u00fablica - cabellonews.com\" \/>\n<meta property=\"og:description\" content=\"Octubre 07 de 2024 Ciudad Victoria, Tamaulipas. &#8211; El gobierno de Am\u00e9rico Villarreal Anaya ha invertido en dos a\u00f1os de su administraci\u00f3n estatal, 13 mil millones de pesos en obra p\u00fablica en Tamaulipas. En el marco del evento denominado \u201cDos a\u00f1os de memorias de una transformaci\u00f3n\u201d, el secretario de Obras P\u00fablicas, Pedro Cepeda Anaya inform\u00f3 que del primero de octubre del a\u00f1o 2023 a septiembre del 2024, se ha ejercido este presupuesto, en obras nuevas y en el rescate de trabajos de administraciones anteriores, adem\u00e1s de destinar m\u00e1s de mil&hellip;\" \/>\n<meta property=\"og:url\" content=\"https:\/\/cabellonews.com\/?p=1102\" \/>\n<meta property=\"og:site_name\" content=\"cabellonews.com\" \/>\n<meta property=\"article:published_time\" content=\"2024-10-07T19:09:38+00:00\" \/>\n<meta property=\"article:modified_time\" content=\"2024-10-15T19:10:16+00:00\" \/>\n<meta property=\"og:image\" content=\"http:\/\/cabellonews.com\/wp-content\/uploads\/2024\/10\/5b4edc10-b97e-4c2f-8759-cd264fd6710c.jpeg\" \/>\n\t<meta property=\"og:image:width\" content=\"1600\" \/>\n\t<meta property=\"og:image:height\" content=\"1200\" \/>\n\t<meta property=\"og:image:type\" content=\"image\/jpeg\" \/>\n<meta name=\"author\" content=\"cabellonews.com\" \/>\n<meta name=\"twitter:card\" content=\"summary_large_image\" \/>\n<meta name=\"twitter:label1\" content=\"Written by\" \/>\n\t<meta name=\"twitter:data1\" content=\"cabellonews.com\" \/>\n\t<meta name=\"twitter:label2\" content=\"Est. reading time\" \/>\n\t<meta name=\"twitter:data2\" content=\"1 minute\" \/>\n<script type=\"application\/ld+json\" class=\"yoast-schema-graph\">{\"@context\":\"https:\/\/schema.org\",\"@graph\":[{\"@type\":\"WebPage\",\"@id\":\"https:\/\/cabellonews.com\/?p=1102\",\"url\":\"https:\/\/cabellonews.com\/?p=1102\",\"name\":\"Invierte gobierno de Am\u00e9rico en dos a\u00f1os 13 mil MDP en obra p\u00fablica - cabellonews.com\",\"isPartOf\":{\"@id\":\"https:\/\/cabellonews.com\/#website\"},\"datePublished\":\"2024-10-07T19:09:38+00:00\",\"dateModified\":\"2024-10-15T19:10:16+00:00\",\"author\":{\"@id\":\"https:\/\/cabellonews.com\/#\/schema\/person\/7afe73bafa6cc5a24fd4c67dfd4379d8\"},\"breadcrumb\":{\"@id\":\"https:\/\/cabellonews.com\/?p=1102#breadcrumb\"},\"inLanguage\":\"en-US\",\"potentialAction\":[{\"@type\":\"ReadAction\",\"target\":[\"https:\/\/cabellonews.com\/?p=1102\"]}]},{\"@type\":\"BreadcrumbList\",\"@id\":\"https:\/\/cabellonews.com\/?p=1102#breadcrumb\",\"itemListElement\":[{\"@type\":\"ListItem\",\"position\":1,\"name\":\"Inicio\",\"item\":\"https:\/\/cabellonews.com\/\"},{\"@type\":\"ListItem\",\"position\":2,\"name\":\"Invierte gobierno de Am\u00e9rico en dos a\u00f1os 13 mil MDP en obra p\u00fablica\"}]},{\"@type\":\"WebSite\",\"@id\":\"https:\/\/cabellonews.com\/#website\",\"url\":\"https:\/\/cabellonews.com\/\",\"name\":\"cabellonews.com\",\"description\":\"Con Cobertura En Tamaulipas Y norte de Veracruz\",\"potentialAction\":[{\"@type\":\"SearchAction\",\"target\":{\"@type\":\"EntryPoint\",\"urlTemplate\":\"https:\/\/cabellonews.com\/?s={search_term_string}\"},\"query-input\":\"required name=search_term_string\"}],\"inLanguage\":\"en-US\"},{\"@type\":\"Person\",\"@id\":\"https:\/\/cabellonews.com\/#\/schema\/person\/7afe73bafa6cc5a24fd4c67dfd4379d8\",\"name\":\"cabellonews.com\",\"image\":{\"@type\":\"ImageObject\",\"inLanguage\":\"en-US\",\"@id\":\"https:\/\/cabellonews.com\/#\/schema\/person\/image\/\",\"url\":\"https:\/\/secure.gravatar.com\/avatar\/8d6324fc2806389aad4cd38639618406?s=96&d=mm&r=g\",\"contentUrl\":\"https:\/\/secure.gravatar.com\/avatar\/8d6324fc2806389aad4cd38639618406?s=96&d=mm&r=g\",\"caption\":\"cabellonews.com\"},\"sameAs\":[\"http:\/\/cabellonews.com\"],\"url\":\"https:\/\/cabellonews.com\/?author=1\"}]}<\/script>\n<!-- \/ Yoast SEO plugin. -->","yoast_head_json":{"title":"Invierte gobierno de Am\u00e9rico en dos a\u00f1os 13 mil MDP en obra p\u00fablica - cabellonews.com","robots":{"index":"index","follow":"follow","max-snippet":"max-snippet:-1","max-image-preview":"max-image-preview:large","max-video-preview":"max-video-preview:-1"},"canonical":"https:\/\/cabellonews.com\/?p=1102","og_locale":"en_US","og_type":"article","og_title":"Invierte gobierno de Am\u00e9rico en dos a\u00f1os 13 mil MDP en obra p\u00fablica - cabellonews.com","og_description":"Octubre 07 de 2024 Ciudad Victoria, Tamaulipas. &#8211; El gobierno de Am\u00e9rico Villarreal Anaya ha invertido en dos a\u00f1os de su administraci\u00f3n estatal, 13 mil millones de pesos en obra p\u00fablica en Tamaulipas. En el marco del evento denominado \u201cDos a\u00f1os de memorias de una transformaci\u00f3n\u201d, el secretario de Obras P\u00fablicas, Pedro Cepeda Anaya inform\u00f3 que del primero de octubre del a\u00f1o 2023 a septiembre del 2024, se ha ejercido este presupuesto, en obras nuevas y en el rescate de trabajos de administraciones anteriores, adem\u00e1s de destinar m\u00e1s de mil&hellip;","og_url":"https:\/\/cabellonews.com\/?p=1102","og_site_name":"cabellonews.com","article_published_time":"2024-10-07T19:09:38+00:00","article_modified_time":"2024-10-15T19:10:16+00:00","og_image":[{"width":1600,"height":1200,"url":"http:\/\/cabellonews.com\/wp-content\/uploads\/2024\/10\/5b4edc10-b97e-4c2f-8759-cd264fd6710c.jpeg","type":"image\/jpeg"}],"author":"cabellonews.com","twitter_card":"summary_large_image","twitter_misc":{"Written by":"cabellonews.com","Est. reading time":"1 minute"},"schema":{"@context":"https:\/\/schema.org","@graph":[{"@type":"WebPage","@id":"https:\/\/cabellonews.com\/?p=1102","url":"https:\/\/cabellonews.com\/?p=1102","name":"Invierte gobierno de Am\u00e9rico en dos a\u00f1os 13 mil MDP en obra p\u00fablica - cabellonews.com","isPartOf":{"@id":"https:\/\/cabellonews.com\/#website"},"datePublished":"2024-10-07T19:09:38+00:00","dateModified":"2024-10-15T19:10:16+00:00","author":{"@id":"https:\/\/cabellonews.com\/#\/schema\/person\/7afe73bafa6cc5a24fd4c67dfd4379d8"},"breadcrumb":{"@id":"https:\/\/cabellonews.com\/?p=1102#breadcrumb"},"inLanguage":"en-US","potentialAction":[{"@type":"ReadAction","target":["https:\/\/cabellonews.com\/?p=1102"]}]},{"@type":"BreadcrumbList","@id":"https:\/\/cabellonews.com\/?p=1102#breadcrumb","itemListElement":[{"@type":"ListItem","position":1,"name":"Inicio","item":"https:\/\/cabellonews.com\/"},{"@type":"ListItem","position":2,"name":"Invierte gobierno de Am\u00e9rico en dos a\u00f1os 13 mil MDP en obra p\u00fablica"}]},{"@type":"WebSite","@id":"https:\/\/cabellonews.com\/#website","url":"https:\/\/cabellonews.com\/","name":"cabellonews.com","description":"Con Cobertura En Tamaulipas Y norte de Veracruz","potentialAction":[{"@type":"SearchAction","target":{"@type":"EntryPoint","urlTemplate":"https:\/\/cabellonews.com\/?s={search_term_string}"},"query-input":"required name=search_term_string"}],"inLanguage":"en-US"},{"@type":"Person","@id":"https:\/\/cabellonews.com\/#\/schema\/person\/7afe73bafa6cc5a24fd4c67dfd4379d8","name":"cabellonews.com","image":{"@type":"ImageObject","inLanguage":"en-US","@id":"https:\/\/cabellonews.com\/#\/schema\/person\/image\/","url":"https:\/\/secure.gravatar.com\/avatar\/8d6324fc2806389aad4cd38639618406?s=96&d=mm&r=g","contentUrl":"https:\/\/secure.gravatar.com\/avatar\/8d6324fc2806389aad4cd38639618406?s=96&d=mm&r=g","caption":"cabellonews.com"},"sameAs":["http:\/\/cabellonews.com"],"url":"https:\/\/cabellonews.com\/?author=1"}]}},"_links":{"self":[{"href":"https:\/\/cabellonews.com\/index.php?rest_route=\/wp\/v2\/posts\/1102"}],"collection":[{"href":"https:\/\/cabellonews.com\/index.php?rest_route=\/wp\/v2\/posts"}],"about":[{"href":"https:\/\/cabellonews.com\/index.php?rest_route=\/wp\/v2\/types\/post"}],"author":[{"embeddable":true,"href":"https:\/\/cabellonews.com\/index.php?rest_route=\/wp\/v2\/users\/1"}],"replies":[{"embeddable":true,"href":"https:\/\/cabellonews.com\/index.php?rest_route=%2Fwp%2Fv2%2Fcomments&post=1102"}],"version-history":[{"count":1,"href":"https:\/\/cabellonews.com\/index.php?rest_route=\/wp\/v2\/posts\/1102\/revisions"}],"predecessor-version":[{"id":1104,"href":"https:\/\/cabellonews.com\/index.php?rest_route=\/wp\/v2\/posts\/1102\/revisions\/1104"}],"wp:featuredmedia":[{"embeddable":true,"href":"https:\/\/cabellonews.com\/index.php?rest_route=\/wp\/v2\/media\/1103"}],"wp:attachment":[{"href":"https:\/\/cabellonews.com\/index.php?rest_route=%2Fwp%2Fv2%2Fmedia&parent=1102"}],"wp:term":[{"taxonomy":"category","embeddable":true,"href":"https:\/\/cabellonews.com\/index.php?rest_route=%2Fwp%2Fv2%2Fcategories&post=1102"},{"taxonomy":"post_tag","embeddable":true,"href":"https:\/\/cabellonews.com\/index.php?rest_route=%2Fwp%2Fv2%2Ftags&post=1102"}],"curies":[{"name":"wp","href":"https:\/\/api.w.org\/{rel}","templated":true}]}}