{"id":1073,"date":"2024-09-10T03:38:27","date_gmt":"2024-09-10T03:38:27","guid":{"rendered":"https:\/\/cabellonews.com\/?p=1073"},"modified":"2024-09-19T03:39:00","modified_gmt":"2024-09-19T03:39:00","slug":"trasladaran-al-zoologico-tamatan-al-tigre-localizado-en-reynosa","status":"publish","type":"post","link":"https:\/\/cabellonews.com\/?p=1073","title":{"rendered":"Trasladar\u00e1n al Zool\u00f3gico Tamat\u00e1n al tigre localizado en Reynosa"},"content":{"rendered":"\n<p>-La Procuradur\u00eda Federal de Protecci\u00f3n al Ambiente (Profepa) determinar\u00e1 su destino<\/p>\n\n\n\n<p>Septiembre 10 de 2024<\/p>\n\n\n\n<p>Ciudad Victoria, Tamaulipas.- Mientras la Procuradur\u00eda Federal del Medio Ambiente (Profepa), determina el destino que le dar\u00e1 al tigre que escap\u00f3 de la quinta La Fauna en Reynosa, el felino ser\u00e1 atendido por el equipo de veterinaria del Zool\u00f3gico Tamat\u00e1n en Ciudad Victoria.<\/p>\n\n\n\n<p>Eduardo Rocha Orozco, vocal de la Comisi\u00f3n de Parques y Biodiversidad de Tamaulipas destac\u00f3 que derivado del trabajo que el gobernador Am\u00e9rico Villarreal Anaya realiza con la federaci\u00f3n, existe una estrecha colaboraci\u00f3n en todos los niveles de gobierno.<\/p>\n\n\n\n<p>Refiri\u00f3 que el ejemplar de tigre de Bengala llegar\u00e1 a la capital de Tamaulipas, entre martes y mi\u00e9rcoles, posteriormente ser\u00e1 mantenido en cuarentena en las instalaciones, pero no se exhibir\u00e1 al p\u00fablico.<\/p>\n\n\n\n<p>Por medio de su equipo de veterinaria, la Comisi\u00f3n de Parques y Biodiversidad de Tamaulipas a trav\u00e9s del Zool\u00f3gico Tamat\u00e1n de Ciudad Victoria, brindar\u00e1 una atenci\u00f3n integral al felino.<\/p>\n\n\n\n<p>Cabe destacar que las autoridades colocaron jaulas-trampa en la zona de avistamiento del felino y la noche de este lunes fue ubicado dentro de una de ellas.<\/p>\n\n\n<figure class=\"wp-block-post-featured-image\"><img width=\"240\" height=\"172\" src=\"https:\/\/cabellonews.com\/wp-content\/uploads\/2024\/09\/8f3409b3-d19d-41c8-8b91-8c1b7390b715-240x172.jpeg\" class=\"attachment-post-thumbnail size-post-thumbnail wp-post-image\" alt=\"\" decoding=\"async\" loading=\"lazy\" \/><\/figure>\n\n\n<pre class=\"wp-block-code\"><code>      *     *    *<\/code><\/pre>\n","protected":false},"excerpt":{"rendered":"<p>-La Procuradur\u00eda Federal de Protecci\u00f3n al Ambiente (Profepa) determinar\u00e1 su destino Septiembre 10 de 2024 Ciudad Victoria, Tamaulipas.- Mientras la Procuradur\u00eda Federal del Medio Ambiente (Profepa), determina el destino que le dar\u00e1 al tigre que escap\u00f3 de la quinta La Fauna en Reynosa, el felino ser\u00e1 atendido por el equipo de veterinaria del Zool\u00f3gico Tamat\u00e1n en Ciudad Victoria. Eduardo Rocha Orozco, vocal de la Comisi\u00f3n de Parques y Biodiversidad de Tamaulipas destac\u00f3 que derivado del trabajo que el gobernador Am\u00e9rico Villarreal Anaya realiza con la federaci\u00f3n, existe una estrecha colaboraci\u00f3n&hellip;<\/p>\n","protected":false},"author":1,"featured_media":1074,"comment_status":"open","ping_status":"open","sticky":false,"template":"","format":"standard","meta":[],"categories":[1],"tags":[],"gutentor_comment":0,"yoast_head":"<!-- This site is optimized with the Yoast SEO plugin v20.10 - https:\/\/yoast.com\/wordpress\/plugins\/seo\/ -->\n<title>Trasladar\u00e1n al Zool\u00f3gico Tamat\u00e1n al tigre localizado en Reynosa - cabellonews.com<\/title>\n<meta name=\"robots\" content=\"index, follow, max-snippet:-1, max-image-preview:large, max-video-preview:-1\" \/>\n<link rel=\"canonical\" href=\"https:\/\/cabellonews.com\/?p=1073\" \/>\n<meta property=\"og:locale\" content=\"en_US\" \/>\n<meta property=\"og:type\" content=\"article\" \/>\n<meta property=\"og:title\" content=\"Trasladar\u00e1n al Zool\u00f3gico Tamat\u00e1n al tigre localizado en Reynosa - cabellonews.com\" \/>\n<meta property=\"og:description\" content=\"-La Procuradur\u00eda Federal de Protecci\u00f3n al Ambiente (Profepa) determinar\u00e1 su destino Septiembre 10 de 2024 Ciudad Victoria, Tamaulipas.- Mientras la Procuradur\u00eda Federal del Medio Ambiente (Profepa), determina el destino que le dar\u00e1 al tigre que escap\u00f3 de la quinta La Fauna en Reynosa, el felino ser\u00e1 atendido por el equipo de veterinaria del Zool\u00f3gico Tamat\u00e1n en Ciudad Victoria. Eduardo Rocha Orozco, vocal de la Comisi\u00f3n de Parques y Biodiversidad de Tamaulipas destac\u00f3 que derivado del trabajo que el gobernador Am\u00e9rico Villarreal Anaya realiza con la federaci\u00f3n, existe una estrecha colaboraci\u00f3n&hellip;\" \/>\n<meta property=\"og:url\" content=\"https:\/\/cabellonews.com\/?p=1073\" \/>\n<meta property=\"og:site_name\" content=\"cabellonews.com\" \/>\n<meta property=\"article:published_time\" content=\"2024-09-10T03:38:27+00:00\" \/>\n<meta property=\"article:modified_time\" content=\"2024-09-19T03:39:00+00:00\" \/>\n<meta property=\"og:image\" content=\"http:\/\/cabellonews.com\/wp-content\/uploads\/2024\/09\/8f3409b3-d19d-41c8-8b91-8c1b7390b715.jpeg\" \/>\n\t<meta property=\"og:image:width\" content=\"1600\" \/>\n\t<meta property=\"og:image:height\" content=\"1066\" \/>\n\t<meta property=\"og:image:type\" content=\"image\/jpeg\" \/>\n<meta name=\"author\" content=\"cabellonews.com\" \/>\n<meta name=\"twitter:card\" content=\"summary_large_image\" \/>\n<meta name=\"twitter:label1\" content=\"Written by\" \/>\n\t<meta name=\"twitter:data1\" content=\"cabellonews.com\" \/>\n\t<meta name=\"twitter:label2\" content=\"Est. reading time\" \/>\n\t<meta name=\"twitter:data2\" content=\"1 minute\" \/>\n<script type=\"application\/ld+json\" class=\"yoast-schema-graph\">{\"@context\":\"https:\/\/schema.org\",\"@graph\":[{\"@type\":\"WebPage\",\"@id\":\"https:\/\/cabellonews.com\/?p=1073\",\"url\":\"https:\/\/cabellonews.com\/?p=1073\",\"name\":\"Trasladar\u00e1n al Zool\u00f3gico Tamat\u00e1n al tigre localizado en Reynosa - cabellonews.com\",\"isPartOf\":{\"@id\":\"https:\/\/cabellonews.com\/#website\"},\"datePublished\":\"2024-09-10T03:38:27+00:00\",\"dateModified\":\"2024-09-19T03:39:00+00:00\",\"author\":{\"@id\":\"https:\/\/cabellonews.com\/#\/schema\/person\/7afe73bafa6cc5a24fd4c67dfd4379d8\"},\"breadcrumb\":{\"@id\":\"https:\/\/cabellonews.com\/?p=1073#breadcrumb\"},\"inLanguage\":\"en-US\",\"potentialAction\":[{\"@type\":\"ReadAction\",\"target\":[\"https:\/\/cabellonews.com\/?p=1073\"]}]},{\"@type\":\"BreadcrumbList\",\"@id\":\"https:\/\/cabellonews.com\/?p=1073#breadcrumb\",\"itemListElement\":[{\"@type\":\"ListItem\",\"position\":1,\"name\":\"Inicio\",\"item\":\"https:\/\/cabellonews.com\/\"},{\"@type\":\"ListItem\",\"position\":2,\"name\":\"Trasladar\u00e1n al Zool\u00f3gico Tamat\u00e1n al tigre localizado en Reynosa\"}]},{\"@type\":\"WebSite\",\"@id\":\"https:\/\/cabellonews.com\/#website\",\"url\":\"https:\/\/cabellonews.com\/\",\"name\":\"cabellonews.com\",\"description\":\"Con Cobertura En Tamaulipas Y norte de Veracruz\",\"potentialAction\":[{\"@type\":\"SearchAction\",\"target\":{\"@type\":\"EntryPoint\",\"urlTemplate\":\"https:\/\/cabellonews.com\/?s={search_term_string}\"},\"query-input\":\"required name=search_term_string\"}],\"inLanguage\":\"en-US\"},{\"@type\":\"Person\",\"@id\":\"https:\/\/cabellonews.com\/#\/schema\/person\/7afe73bafa6cc5a24fd4c67dfd4379d8\",\"name\":\"cabellonews.com\",\"image\":{\"@type\":\"ImageObject\",\"inLanguage\":\"en-US\",\"@id\":\"https:\/\/cabellonews.com\/#\/schema\/person\/image\/\",\"url\":\"https:\/\/secure.gravatar.com\/avatar\/8d6324fc2806389aad4cd38639618406?s=96&d=mm&r=g\",\"contentUrl\":\"https:\/\/secure.gravatar.com\/avatar\/8d6324fc2806389aad4cd38639618406?s=96&d=mm&r=g\",\"caption\":\"cabellonews.com\"},\"sameAs\":[\"http:\/\/cabellonews.com\"],\"url\":\"https:\/\/cabellonews.com\/?author=1\"}]}<\/script>\n<!-- \/ Yoast SEO plugin. -->","yoast_head_json":{"title":"Trasladar\u00e1n al Zool\u00f3gico Tamat\u00e1n al tigre localizado en Reynosa - cabellonews.com","robots":{"index":"index","follow":"follow","max-snippet":"max-snippet:-1","max-image-preview":"max-image-preview:large","max-video-preview":"max-video-preview:-1"},"canonical":"https:\/\/cabellonews.com\/?p=1073","og_locale":"en_US","og_type":"article","og_title":"Trasladar\u00e1n al Zool\u00f3gico Tamat\u00e1n al tigre localizado en Reynosa - cabellonews.com","og_description":"-La Procuradur\u00eda Federal de Protecci\u00f3n al Ambiente (Profepa) determinar\u00e1 su destino Septiembre 10 de 2024 Ciudad Victoria, Tamaulipas.- Mientras la Procuradur\u00eda Federal del Medio Ambiente (Profepa), determina el destino que le dar\u00e1 al tigre que escap\u00f3 de la quinta La Fauna en Reynosa, el felino ser\u00e1 atendido por el equipo de veterinaria del Zool\u00f3gico Tamat\u00e1n en Ciudad Victoria. Eduardo Rocha Orozco, vocal de la Comisi\u00f3n de Parques y Biodiversidad de Tamaulipas destac\u00f3 que derivado del trabajo que el gobernador Am\u00e9rico Villarreal Anaya realiza con la federaci\u00f3n, existe una estrecha colaboraci\u00f3n&hellip;","og_url":"https:\/\/cabellonews.com\/?p=1073","og_site_name":"cabellonews.com","article_published_time":"2024-09-10T03:38:27+00:00","article_modified_time":"2024-09-19T03:39:00+00:00","og_image":[{"width":1600,"height":1066,"url":"http:\/\/cabellonews.com\/wp-content\/uploads\/2024\/09\/8f3409b3-d19d-41c8-8b91-8c1b7390b715.jpeg","type":"image\/jpeg"}],"author":"cabellonews.com","twitter_card":"summary_large_image","twitter_misc":{"Written by":"cabellonews.com","Est. reading time":"1 minute"},"schema":{"@context":"https:\/\/schema.org","@graph":[{"@type":"WebPage","@id":"https:\/\/cabellonews.com\/?p=1073","url":"https:\/\/cabellonews.com\/?p=1073","name":"Trasladar\u00e1n al Zool\u00f3gico Tamat\u00e1n al tigre localizado en Reynosa - cabellonews.com","isPartOf":{"@id":"https:\/\/cabellonews.com\/#website"},"datePublished":"2024-09-10T03:38:27+00:00","dateModified":"2024-09-19T03:39:00+00:00","author":{"@id":"https:\/\/cabellonews.com\/#\/schema\/person\/7afe73bafa6cc5a24fd4c67dfd4379d8"},"breadcrumb":{"@id":"https:\/\/cabellonews.com\/?p=1073#breadcrumb"},"inLanguage":"en-US","potentialAction":[{"@type":"ReadAction","target":["https:\/\/cabellonews.com\/?p=1073"]}]},{"@type":"BreadcrumbList","@id":"https:\/\/cabellonews.com\/?p=1073#breadcrumb","itemListElement":[{"@type":"ListItem","position":1,"name":"Inicio","item":"https:\/\/cabellonews.com\/"},{"@type":"ListItem","position":2,"name":"Trasladar\u00e1n al Zool\u00f3gico Tamat\u00e1n al tigre localizado en Reynosa"}]},{"@type":"WebSite","@id":"https:\/\/cabellonews.com\/#website","url":"https:\/\/cabellonews.com\/","name":"cabellonews.com","description":"Con Cobertura En Tamaulipas Y norte de Veracruz","potentialAction":[{"@type":"SearchAction","target":{"@type":"EntryPoint","urlTemplate":"https:\/\/cabellonews.com\/?s={search_term_string}"},"query-input":"required name=search_term_string"}],"inLanguage":"en-US"},{"@type":"Person","@id":"https:\/\/cabellonews.com\/#\/schema\/person\/7afe73bafa6cc5a24fd4c67dfd4379d8","name":"cabellonews.com","image":{"@type":"ImageObject","inLanguage":"en-US","@id":"https:\/\/cabellonews.com\/#\/schema\/person\/image\/","url":"https:\/\/secure.gravatar.com\/avatar\/8d6324fc2806389aad4cd38639618406?s=96&d=mm&r=g","contentUrl":"https:\/\/secure.gravatar.com\/avatar\/8d6324fc2806389aad4cd38639618406?s=96&d=mm&r=g","caption":"cabellonews.com"},"sameAs":["http:\/\/cabellonews.com"],"url":"https:\/\/cabellonews.com\/?author=1"}]}},"_links":{"self":[{"href":"https:\/\/cabellonews.com\/index.php?rest_route=\/wp\/v2\/posts\/1073"}],"collection":[{"href":"https:\/\/cabellonews.com\/index.php?rest_route=\/wp\/v2\/posts"}],"about":[{"href":"https:\/\/cabellonews.com\/index.php?rest_route=\/wp\/v2\/types\/post"}],"author":[{"embeddable":true,"href":"https:\/\/cabellonews.com\/index.php?rest_route=\/wp\/v2\/users\/1"}],"replies":[{"embeddable":true,"href":"https:\/\/cabellonews.com\/index.php?rest_route=%2Fwp%2Fv2%2Fcomments&post=1073"}],"version-history":[{"count":1,"href":"https:\/\/cabellonews.com\/index.php?rest_route=\/wp\/v2\/posts\/1073\/revisions"}],"predecessor-version":[{"id":1075,"href":"https:\/\/cabellonews.com\/index.php?rest_route=\/wp\/v2\/posts\/1073\/revisions\/1075"}],"wp:featuredmedia":[{"embeddable":true,"href":"https:\/\/cabellonews.com\/index.php?rest_route=\/wp\/v2\/media\/1074"}],"wp:attachment":[{"href":"https:\/\/cabellonews.com\/index.php?rest_route=%2Fwp%2Fv2%2Fmedia&parent=1073"}],"wp:term":[{"taxonomy":"category","embeddable":true,"href":"https:\/\/cabellonews.com\/index.php?rest_route=%2Fwp%2Fv2%2Fcategories&post=1073"},{"taxonomy":"post_tag","embeddable":true,"href":"https:\/\/cabellonews.com\/index.php?rest_route=%2Fwp%2Fv2%2Ftags&post=1073"}],"curies":[{"name":"wp","href":"https:\/\/api.w.org\/{rel}","templated":true}]}}