{"id":1070,"date":"2024-09-09T03:33:32","date_gmt":"2024-09-09T03:33:32","guid":{"rendered":"https:\/\/cabellonews.com\/?p=1070"},"modified":"2024-09-19T03:34:10","modified_gmt":"2024-09-19T03:34:10","slug":"con-educacion-y-valores-estudiantes-tendran-un-mejor-futuro-americo","status":"publish","type":"post","link":"https:\/\/cabellonews.com\/?p=1070","title":{"rendered":"Con educaci\u00f3n y valores estudiantes tendr\u00e1n un mejor futuro: Am\u00e9rico"},"content":{"rendered":"\n<p>Septiembre 09 de 2024<\/p>\n\n\n\n<p>Ciudad Victoria, Tamaulipas.- Al presidir la ceremonia de honores a la bandera en la Escuela Primaria \u201cJuana de Asbaje y Ram\u00edrez\u201d, el gobernador Am\u00e9rico Villarreal Anaya destac\u00f3 la importancia de fortalecer los valores, recordar a los h\u00e9roes y hero\u00ednas que formaron la patria, y la relevancia de la educaci\u00f3n como herramienta para mejorar el futuro de las y los estudiantes, como parte de una transformaci\u00f3n que actualmente se vive en M\u00e9xico.<\/p>\n\n\n\n<p>\u201cCon educaci\u00f3n, educaci\u00f3n y m\u00e1s educaci\u00f3n, es como vamos a poder salir de los problemas que nos aquejan, y no solo con la educaci\u00f3n, sino tambi\u00e9n con mantener viva nuestra cultura, nuestra historia y enaltecer nuestros valores, como la principal instituci\u00f3n que tiene nuestra patria, que es la familia. Si tenemos eso y lo seguimos fortaleciendo, seguramente tendremos un futuro mucho mejor\u201d, se\u00f1al\u00f3.<\/p>\n\n\n\n<p>Al dirigirse a las y los presentes, con especial \u00e9nfasis en las y los alumnos de esta primaria, el mandatario afirm\u00f3 que tendr\u00e1n acceso a un futuro mejor \u201cgracias al esfuerzo y empe\u00f1o de una transformaci\u00f3n, de una revoluci\u00f3n de conciencias, donde estamos fijando que lo m\u00e1s importante del quehacer de un gobierno est\u00e1 situado en el bienestar de las personas\u201d.<\/p>\n\n\n\n<p>Durante el evento, tambi\u00e9n devel\u00f3 la placa conmemorativa de la biblioteca escolar, que a partir de este d\u00eda lleva el nombre de la maestra Beatriz Anaya de Villarreal, quien labor\u00f3 durante muchos a\u00f1os en esa escuela. El gobernador agradeci\u00f3 a la directora, Martha Lucio Torres, por este gesto y reconoci\u00f3 su labor de m\u00e1s de 47 a\u00f1os en la formaci\u00f3n de nuevas generaciones de tamaulipecas y tamaulipecos.<\/p>\n\n\n\n<p>Por su parte, la directora Martha Lucio present\u00f3 una remembranza de la historia de la escuela, mostr\u00f3 el peri\u00f3dico mural, y destac\u00f3 el legado humanista que demuestra el gobernador, que dijo, es el reflejo de los grandes valores de su familia.<\/p>\n\n\n\n<p>\u201cHace 37 a\u00f1os, un tamaulipeco honesto, leal y trabajador, con grandes acciones de gobierno, demostr\u00f3 su amor por esta tierra. Me refiero a su se\u00f1or padre, el ingeniero Am\u00e9rico Villarreal Guerra, gobernador constitucional del estado de Tamaulipas de 1987 a 1993, quien junto con su esposa, la maestra Beatriz, inaugur\u00f3 el inicio del ciclo escolar 1987-1988 aqu\u00ed, en este mismo lugar\u201d, record\u00f3.<\/p>\n\n\n\n<p>IMPLEMENTAN PROGRAMA &#8220;ACADEMIA SOCIAL DE VALORES&#8221;<\/p>\n\n\n\n<p>Al tomar la palabra, la secretaria de Bienestar Social, Silvia Lucero Casas Gonz\u00e1lez, present\u00f3 los resultados de la estrategia \u201cAcademia Social de Valores: Formaci\u00f3n para el Bienestar\u201d, implementada durante 17 semanas de jornadas c\u00edvicas en una primera fase en los municipios de G\u00fc\u00e9mez y Victoria.<\/p>\n\n\n\n<p>\u201cLa estrategia se impuls\u00f3 con la finalidad de fortalecer los valores en la sociedad a trav\u00e9s de una comunidad m\u00e1s sensible en los ni\u00f1os, ni\u00f1as y adolescentes, con actividades culturales, deportivas, talleres y capacitaciones\u201d, expres\u00f3.<\/p>\n\n\n\n<p>Al finalizar la ceremonia, Villarreal Anaya devel\u00f3 otra placa en la que la primaria brinda un reconocimiento a quienes han apoyado la labor de este plantel, y fue despedido efusivamente por las y los estudiantes de esta instituci\u00f3n.<\/p>\n\n\n\n<p>En el presidium estuvieron la secretaria de Educaci\u00f3n, Luc\u00eda Aim\u00e9 Castillo Pastor, adem\u00e1s de las y los alumnos Ximena Reyes Ponce, Adri\u00e1n Le\u00f3n Luna y Jos\u00e9 Carlos Bola\u00f1os Alonso. Tambi\u00e9n asistieron autoridades municipales, del Poder Legislativo, del Supremo Tribunal de Justicia, de la Universidad Aut\u00f3noma de Tamaulipas e integrantes del gabinete estatal.<\/p>\n\n\n<figure class=\"wp-block-post-featured-image\"><img width=\"240\" height=\"172\" src=\"https:\/\/cabellonews.com\/wp-content\/uploads\/2024\/09\/fd0537b5-825a-471c-aa00-8d29994fa51f-240x172.jpeg\" class=\"attachment-post-thumbnail size-post-thumbnail wp-post-image\" alt=\"\" decoding=\"async\" loading=\"lazy\" \/><\/figure>\n\n\n<pre class=\"wp-block-code\"><code>    *    *    *<\/code><\/pre>\n","protected":false},"excerpt":{"rendered":"<p>Septiembre 09 de 2024 Ciudad Victoria, Tamaulipas.- Al presidir la ceremonia de honores a la bandera en la Escuela Primaria \u201cJuana de Asbaje y Ram\u00edrez\u201d, el gobernador Am\u00e9rico Villarreal Anaya destac\u00f3 la importancia de fortalecer los valores, recordar a los h\u00e9roes y hero\u00ednas que formaron la patria, y la relevancia de la educaci\u00f3n como herramienta para mejorar el futuro de las y los estudiantes, como parte de una transformaci\u00f3n que actualmente se vive en M\u00e9xico. \u201cCon educaci\u00f3n, educaci\u00f3n y m\u00e1s educaci\u00f3n, es como vamos a poder salir de los problemas&hellip;<\/p>\n","protected":false},"author":1,"featured_media":1071,"comment_status":"open","ping_status":"open","sticky":false,"template":"","format":"standard","meta":[],"categories":[1],"tags":[],"gutentor_comment":0,"yoast_head":"<!-- This site is optimized with the Yoast SEO plugin v20.10 - https:\/\/yoast.com\/wordpress\/plugins\/seo\/ -->\n<title>Con educaci\u00f3n y valores estudiantes tendr\u00e1n un mejor futuro: Am\u00e9rico - cabellonews.com<\/title>\n<meta name=\"robots\" content=\"index, follow, max-snippet:-1, max-image-preview:large, max-video-preview:-1\" \/>\n<link rel=\"canonical\" href=\"https:\/\/cabellonews.com\/?p=1070\" \/>\n<meta property=\"og:locale\" content=\"en_US\" \/>\n<meta property=\"og:type\" content=\"article\" \/>\n<meta property=\"og:title\" content=\"Con educaci\u00f3n y valores estudiantes tendr\u00e1n un mejor futuro: Am\u00e9rico - cabellonews.com\" \/>\n<meta property=\"og:description\" content=\"Septiembre 09 de 2024 Ciudad Victoria, Tamaulipas.- Al presidir la ceremonia de honores a la bandera en la Escuela Primaria \u201cJuana de Asbaje y Ram\u00edrez\u201d, el gobernador Am\u00e9rico Villarreal Anaya destac\u00f3 la importancia de fortalecer los valores, recordar a los h\u00e9roes y hero\u00ednas que formaron la patria, y la relevancia de la educaci\u00f3n como herramienta para mejorar el futuro de las y los estudiantes, como parte de una transformaci\u00f3n que actualmente se vive en M\u00e9xico. \u201cCon educaci\u00f3n, educaci\u00f3n y m\u00e1s educaci\u00f3n, es como vamos a poder salir de los problemas&hellip;\" \/>\n<meta property=\"og:url\" content=\"https:\/\/cabellonews.com\/?p=1070\" \/>\n<meta property=\"og:site_name\" content=\"cabellonews.com\" \/>\n<meta property=\"article:published_time\" content=\"2024-09-09T03:33:32+00:00\" \/>\n<meta property=\"article:modified_time\" content=\"2024-09-19T03:34:10+00:00\" \/>\n<meta property=\"og:image\" content=\"http:\/\/cabellonews.com\/wp-content\/uploads\/2024\/09\/fd0537b5-825a-471c-aa00-8d29994fa51f.jpeg\" \/>\n\t<meta property=\"og:image:width\" content=\"1600\" \/>\n\t<meta property=\"og:image:height\" content=\"1067\" \/>\n\t<meta property=\"og:image:type\" content=\"image\/jpeg\" \/>\n<meta name=\"author\" content=\"cabellonews.com\" \/>\n<meta name=\"twitter:card\" content=\"summary_large_image\" \/>\n<meta name=\"twitter:label1\" content=\"Written by\" \/>\n\t<meta name=\"twitter:data1\" content=\"cabellonews.com\" \/>\n\t<meta name=\"twitter:label2\" content=\"Est. reading time\" \/>\n\t<meta name=\"twitter:data2\" content=\"3 minutes\" \/>\n<script type=\"application\/ld+json\" class=\"yoast-schema-graph\">{\"@context\":\"https:\/\/schema.org\",\"@graph\":[{\"@type\":\"WebPage\",\"@id\":\"https:\/\/cabellonews.com\/?p=1070\",\"url\":\"https:\/\/cabellonews.com\/?p=1070\",\"name\":\"Con educaci\u00f3n y valores estudiantes tendr\u00e1n un mejor futuro: Am\u00e9rico - cabellonews.com\",\"isPartOf\":{\"@id\":\"https:\/\/cabellonews.com\/#website\"},\"datePublished\":\"2024-09-09T03:33:32+00:00\",\"dateModified\":\"2024-09-19T03:34:10+00:00\",\"author\":{\"@id\":\"https:\/\/cabellonews.com\/#\/schema\/person\/7afe73bafa6cc5a24fd4c67dfd4379d8\"},\"breadcrumb\":{\"@id\":\"https:\/\/cabellonews.com\/?p=1070#breadcrumb\"},\"inLanguage\":\"en-US\",\"potentialAction\":[{\"@type\":\"ReadAction\",\"target\":[\"https:\/\/cabellonews.com\/?p=1070\"]}]},{\"@type\":\"BreadcrumbList\",\"@id\":\"https:\/\/cabellonews.com\/?p=1070#breadcrumb\",\"itemListElement\":[{\"@type\":\"ListItem\",\"position\":1,\"name\":\"Inicio\",\"item\":\"https:\/\/cabellonews.com\/\"},{\"@type\":\"ListItem\",\"position\":2,\"name\":\"Con educaci\u00f3n y valores estudiantes tendr\u00e1n un mejor futuro: Am\u00e9rico\"}]},{\"@type\":\"WebSite\",\"@id\":\"https:\/\/cabellonews.com\/#website\",\"url\":\"https:\/\/cabellonews.com\/\",\"name\":\"cabellonews.com\",\"description\":\"Con Cobertura En Tamaulipas Y norte de Veracruz\",\"potentialAction\":[{\"@type\":\"SearchAction\",\"target\":{\"@type\":\"EntryPoint\",\"urlTemplate\":\"https:\/\/cabellonews.com\/?s={search_term_string}\"},\"query-input\":\"required name=search_term_string\"}],\"inLanguage\":\"en-US\"},{\"@type\":\"Person\",\"@id\":\"https:\/\/cabellonews.com\/#\/schema\/person\/7afe73bafa6cc5a24fd4c67dfd4379d8\",\"name\":\"cabellonews.com\",\"image\":{\"@type\":\"ImageObject\",\"inLanguage\":\"en-US\",\"@id\":\"https:\/\/cabellonews.com\/#\/schema\/person\/image\/\",\"url\":\"https:\/\/secure.gravatar.com\/avatar\/8d6324fc2806389aad4cd38639618406?s=96&d=mm&r=g\",\"contentUrl\":\"https:\/\/secure.gravatar.com\/avatar\/8d6324fc2806389aad4cd38639618406?s=96&d=mm&r=g\",\"caption\":\"cabellonews.com\"},\"sameAs\":[\"http:\/\/cabellonews.com\"],\"url\":\"https:\/\/cabellonews.com\/?author=1\"}]}<\/script>\n<!-- \/ Yoast SEO plugin. -->","yoast_head_json":{"title":"Con educaci\u00f3n y valores estudiantes tendr\u00e1n un mejor futuro: Am\u00e9rico - cabellonews.com","robots":{"index":"index","follow":"follow","max-snippet":"max-snippet:-1","max-image-preview":"max-image-preview:large","max-video-preview":"max-video-preview:-1"},"canonical":"https:\/\/cabellonews.com\/?p=1070","og_locale":"en_US","og_type":"article","og_title":"Con educaci\u00f3n y valores estudiantes tendr\u00e1n un mejor futuro: Am\u00e9rico - cabellonews.com","og_description":"Septiembre 09 de 2024 Ciudad Victoria, Tamaulipas.- Al presidir la ceremonia de honores a la bandera en la Escuela Primaria \u201cJuana de Asbaje y Ram\u00edrez\u201d, el gobernador Am\u00e9rico Villarreal Anaya destac\u00f3 la importancia de fortalecer los valores, recordar a los h\u00e9roes y hero\u00ednas que formaron la patria, y la relevancia de la educaci\u00f3n como herramienta para mejorar el futuro de las y los estudiantes, como parte de una transformaci\u00f3n que actualmente se vive en M\u00e9xico. \u201cCon educaci\u00f3n, educaci\u00f3n y m\u00e1s educaci\u00f3n, es como vamos a poder salir de los problemas&hellip;","og_url":"https:\/\/cabellonews.com\/?p=1070","og_site_name":"cabellonews.com","article_published_time":"2024-09-09T03:33:32+00:00","article_modified_time":"2024-09-19T03:34:10+00:00","og_image":[{"width":1600,"height":1067,"url":"http:\/\/cabellonews.com\/wp-content\/uploads\/2024\/09\/fd0537b5-825a-471c-aa00-8d29994fa51f.jpeg","type":"image\/jpeg"}],"author":"cabellonews.com","twitter_card":"summary_large_image","twitter_misc":{"Written by":"cabellonews.com","Est. reading time":"3 minutes"},"schema":{"@context":"https:\/\/schema.org","@graph":[{"@type":"WebPage","@id":"https:\/\/cabellonews.com\/?p=1070","url":"https:\/\/cabellonews.com\/?p=1070","name":"Con educaci\u00f3n y valores estudiantes tendr\u00e1n un mejor futuro: Am\u00e9rico - cabellonews.com","isPartOf":{"@id":"https:\/\/cabellonews.com\/#website"},"datePublished":"2024-09-09T03:33:32+00:00","dateModified":"2024-09-19T03:34:10+00:00","author":{"@id":"https:\/\/cabellonews.com\/#\/schema\/person\/7afe73bafa6cc5a24fd4c67dfd4379d8"},"breadcrumb":{"@id":"https:\/\/cabellonews.com\/?p=1070#breadcrumb"},"inLanguage":"en-US","potentialAction":[{"@type":"ReadAction","target":["https:\/\/cabellonews.com\/?p=1070"]}]},{"@type":"BreadcrumbList","@id":"https:\/\/cabellonews.com\/?p=1070#breadcrumb","itemListElement":[{"@type":"ListItem","position":1,"name":"Inicio","item":"https:\/\/cabellonews.com\/"},{"@type":"ListItem","position":2,"name":"Con educaci\u00f3n y valores estudiantes tendr\u00e1n un mejor futuro: Am\u00e9rico"}]},{"@type":"WebSite","@id":"https:\/\/cabellonews.com\/#website","url":"https:\/\/cabellonews.com\/","name":"cabellonews.com","description":"Con Cobertura En Tamaulipas Y norte de Veracruz","potentialAction":[{"@type":"SearchAction","target":{"@type":"EntryPoint","urlTemplate":"https:\/\/cabellonews.com\/?s={search_term_string}"},"query-input":"required name=search_term_string"}],"inLanguage":"en-US"},{"@type":"Person","@id":"https:\/\/cabellonews.com\/#\/schema\/person\/7afe73bafa6cc5a24fd4c67dfd4379d8","name":"cabellonews.com","image":{"@type":"ImageObject","inLanguage":"en-US","@id":"https:\/\/cabellonews.com\/#\/schema\/person\/image\/","url":"https:\/\/secure.gravatar.com\/avatar\/8d6324fc2806389aad4cd38639618406?s=96&d=mm&r=g","contentUrl":"https:\/\/secure.gravatar.com\/avatar\/8d6324fc2806389aad4cd38639618406?s=96&d=mm&r=g","caption":"cabellonews.com"},"sameAs":["http:\/\/cabellonews.com"],"url":"https:\/\/cabellonews.com\/?author=1"}]}},"_links":{"self":[{"href":"https:\/\/cabellonews.com\/index.php?rest_route=\/wp\/v2\/posts\/1070"}],"collection":[{"href":"https:\/\/cabellonews.com\/index.php?rest_route=\/wp\/v2\/posts"}],"about":[{"href":"https:\/\/cabellonews.com\/index.php?rest_route=\/wp\/v2\/types\/post"}],"author":[{"embeddable":true,"href":"https:\/\/cabellonews.com\/index.php?rest_route=\/wp\/v2\/users\/1"}],"replies":[{"embeddable":true,"href":"https:\/\/cabellonews.com\/index.php?rest_route=%2Fwp%2Fv2%2Fcomments&post=1070"}],"version-history":[{"count":1,"href":"https:\/\/cabellonews.com\/index.php?rest_route=\/wp\/v2\/posts\/1070\/revisions"}],"predecessor-version":[{"id":1072,"href":"https:\/\/cabellonews.com\/index.php?rest_route=\/wp\/v2\/posts\/1070\/revisions\/1072"}],"wp:featuredmedia":[{"embeddable":true,"href":"https:\/\/cabellonews.com\/index.php?rest_route=\/wp\/v2\/media\/1071"}],"wp:attachment":[{"href":"https:\/\/cabellonews.com\/index.php?rest_route=%2Fwp%2Fv2%2Fmedia&parent=1070"}],"wp:term":[{"taxonomy":"category","embeddable":true,"href":"https:\/\/cabellonews.com\/index.php?rest_route=%2Fwp%2Fv2%2Fcategories&post=1070"},{"taxonomy":"post_tag","embeddable":true,"href":"https:\/\/cabellonews.com\/index.php?rest_route=%2Fwp%2Fv2%2Ftags&post=1070"}],"curies":[{"name":"wp","href":"https:\/\/api.w.org\/{rel}","templated":true}]}}