{"id":1058,"date":"2024-09-05T03:13:36","date_gmt":"2024-09-05T03:13:36","guid":{"rendered":"https:\/\/cabellonews.com\/?p=1058"},"modified":"2024-09-19T03:14:11","modified_gmt":"2024-09-19T03:14:11","slug":"respalda-gobernador-al-sector-ganadero-de-tamaulipas","status":"publish","type":"post","link":"https:\/\/cabellonews.com\/?p=1058","title":{"rendered":"Respalda gobernador al sector ganadero de Tamaulipas"},"content":{"rendered":"\n<p>-Van productores pecuarios por la recuperaci\u00f3n del estatus zoosanitario del sector en el estado<\/p>\n\n\n\n<p>Septiembre 05 de 2024<\/p>\n\n\n\n<p>Ciudad Victoria, Tamaulipas. \u2013 El gobernador de Tamaulipas, Am\u00e9rico Villarreal Anaya, en compa\u00f1\u00eda de Antonio Varela Flores, secretario de Desarrollo Rural, Pesca y Acuacultura, sostuvo una reuni\u00f3n de trabajo con autoridades del Servicio de Inspecci\u00f3n y Salud Animal y Vegetal del Departamento de Agricultura de los Estados Unidos (APHIS-USDA) y con el Servicio Nacional de Sanidad, Inocuidad y Calidad Agroalimentaria (SENASICA) de M\u00e9xico. Esto, como parte de la revisi\u00f3n de los procesos de precertificaci\u00f3n para la recuperaci\u00f3n del estatus zoosanitario que se est\u00e1 llevando a cabo en el estado.<\/p>\n\n\n\n<p>El gobernador destac\u00f3 que Tamaulipas cuenta con vocaci\u00f3n ganadera y que la ganader\u00eda influye de manera importante en la econom\u00eda y desarrollo de la entidad, por lo que la sanidad es un factor relevante para que este sector se potencialice, siempre buscando erradicar la tuberculosis bovina, y para ello est\u00e1n trabajando con las diferentes instancias, cada una desde su trinchera, por un mismo objetivo.<\/p>\n\n\n\n<p>\u201cEl Gobierno de Tamaulipas, a trav\u00e9s de las diferentes instancias, continuar\u00e1 trabajando en acciones de combate a la tuberculosis bovina, buscando controlar y erradicar esa enfermedad para lograr un mejor estatus zoosanitario, objetivo para el cual se requiere la certificaci\u00f3n\u201d, refiri\u00f3 el mandatario.<\/p>\n\n\n\n<p>Durante su intervenci\u00f3n, Alejandro Perera Ortiz, representante de APHIS-USDA, felicit\u00f3 al gobernador Am\u00e9rico Villarreal Anaya por estar siempre dispuesto a apoyar con los recursos necesarios para este tipo de acciones, que buscan el beneficio de la ganader\u00eda de Tamaulipas.<\/p>\n\n\n\n<p>En la reuni\u00f3n tambi\u00e9n estuvieron presentes Erika Rosas Camacho, especialista en Acreditaci\u00f3n Internacional en Tb y Br; Homero Garc\u00eda de la Llata, presidente de la Confederaci\u00f3n Nacional de Organizaciones Ganaderas; Jos\u00e9 R. Guerrero Gamboa, presidente de la Uni\u00f3n Ganadera Regional de Tamaulipas y del Comit\u00e9 para el Fomento y Protecci\u00f3n Pecuaria de Tamaulipas; y Guadalupe Acevedo Gonz\u00e1lez, representante de SADER en Tamaulipas.<\/p>\n\n\n<figure class=\"wp-block-post-featured-image\"><img width=\"240\" height=\"172\" src=\"https:\/\/cabellonews.com\/wp-content\/uploads\/2024\/09\/e62bd712-8154-4d95-875c-206bc5fcac85-240x172.jpeg\" class=\"attachment-post-thumbnail size-post-thumbnail wp-post-image\" alt=\"\" decoding=\"async\" loading=\"lazy\" \/><\/figure>\n\n\n<pre class=\"wp-block-code\"><code>      *      *     *<\/code><\/pre>\n","protected":false},"excerpt":{"rendered":"<p>-Van productores pecuarios por la recuperaci\u00f3n del estatus zoosanitario del sector en el estado Septiembre 05 de 2024 Ciudad Victoria, Tamaulipas. \u2013 El gobernador de Tamaulipas, Am\u00e9rico Villarreal Anaya, en compa\u00f1\u00eda de Antonio Varela Flores, secretario de Desarrollo Rural, Pesca y Acuacultura, sostuvo una reuni\u00f3n de trabajo con autoridades del Servicio de Inspecci\u00f3n y Salud Animal y Vegetal del Departamento de Agricultura de los Estados Unidos (APHIS-USDA) y con el Servicio Nacional de Sanidad, Inocuidad y Calidad Agroalimentaria (SENASICA) de M\u00e9xico. Esto, como parte de la revisi\u00f3n de los procesos&hellip;<\/p>\n","protected":false},"author":1,"featured_media":1059,"comment_status":"open","ping_status":"open","sticky":false,"template":"","format":"standard","meta":[],"categories":[1],"tags":[],"gutentor_comment":0,"yoast_head":"<!-- This site is optimized with the Yoast SEO plugin v20.10 - https:\/\/yoast.com\/wordpress\/plugins\/seo\/ -->\n<title>Respalda gobernador al sector ganadero de Tamaulipas - cabellonews.com<\/title>\n<meta name=\"robots\" content=\"index, follow, max-snippet:-1, max-image-preview:large, max-video-preview:-1\" \/>\n<link rel=\"canonical\" href=\"https:\/\/cabellonews.com\/?p=1058\" \/>\n<meta property=\"og:locale\" content=\"en_US\" \/>\n<meta property=\"og:type\" content=\"article\" \/>\n<meta property=\"og:title\" content=\"Respalda gobernador al sector ganadero de Tamaulipas - cabellonews.com\" \/>\n<meta property=\"og:description\" content=\"-Van productores pecuarios por la recuperaci\u00f3n del estatus zoosanitario del sector en el estado Septiembre 05 de 2024 Ciudad Victoria, Tamaulipas. \u2013 El gobernador de Tamaulipas, Am\u00e9rico Villarreal Anaya, en compa\u00f1\u00eda de Antonio Varela Flores, secretario de Desarrollo Rural, Pesca y Acuacultura, sostuvo una reuni\u00f3n de trabajo con autoridades del Servicio de Inspecci\u00f3n y Salud Animal y Vegetal del Departamento de Agricultura de los Estados Unidos (APHIS-USDA) y con el Servicio Nacional de Sanidad, Inocuidad y Calidad Agroalimentaria (SENASICA) de M\u00e9xico. Esto, como parte de la revisi\u00f3n de los procesos&hellip;\" \/>\n<meta property=\"og:url\" content=\"https:\/\/cabellonews.com\/?p=1058\" \/>\n<meta property=\"og:site_name\" content=\"cabellonews.com\" \/>\n<meta property=\"article:published_time\" content=\"2024-09-05T03:13:36+00:00\" \/>\n<meta property=\"article:modified_time\" content=\"2024-09-19T03:14:11+00:00\" \/>\n<meta property=\"og:image\" content=\"http:\/\/cabellonews.com\/wp-content\/uploads\/2024\/09\/e62bd712-8154-4d95-875c-206bc5fcac85.jpeg\" \/>\n\t<meta property=\"og:image:width\" content=\"1600\" \/>\n\t<meta property=\"og:image:height\" content=\"1067\" \/>\n\t<meta property=\"og:image:type\" content=\"image\/jpeg\" \/>\n<meta name=\"author\" content=\"cabellonews.com\" \/>\n<meta name=\"twitter:card\" content=\"summary_large_image\" \/>\n<meta name=\"twitter:label1\" content=\"Written by\" \/>\n\t<meta name=\"twitter:data1\" content=\"cabellonews.com\" \/>\n\t<meta name=\"twitter:label2\" content=\"Est. reading time\" \/>\n\t<meta name=\"twitter:data2\" content=\"2 minutes\" \/>\n<script type=\"application\/ld+json\" class=\"yoast-schema-graph\">{\"@context\":\"https:\/\/schema.org\",\"@graph\":[{\"@type\":\"WebPage\",\"@id\":\"https:\/\/cabellonews.com\/?p=1058\",\"url\":\"https:\/\/cabellonews.com\/?p=1058\",\"name\":\"Respalda gobernador al sector ganadero de Tamaulipas - cabellonews.com\",\"isPartOf\":{\"@id\":\"https:\/\/cabellonews.com\/#website\"},\"datePublished\":\"2024-09-05T03:13:36+00:00\",\"dateModified\":\"2024-09-19T03:14:11+00:00\",\"author\":{\"@id\":\"https:\/\/cabellonews.com\/#\/schema\/person\/7afe73bafa6cc5a24fd4c67dfd4379d8\"},\"breadcrumb\":{\"@id\":\"https:\/\/cabellonews.com\/?p=1058#breadcrumb\"},\"inLanguage\":\"en-US\",\"potentialAction\":[{\"@type\":\"ReadAction\",\"target\":[\"https:\/\/cabellonews.com\/?p=1058\"]}]},{\"@type\":\"BreadcrumbList\",\"@id\":\"https:\/\/cabellonews.com\/?p=1058#breadcrumb\",\"itemListElement\":[{\"@type\":\"ListItem\",\"position\":1,\"name\":\"Inicio\",\"item\":\"https:\/\/cabellonews.com\/\"},{\"@type\":\"ListItem\",\"position\":2,\"name\":\"Respalda gobernador al sector ganadero de Tamaulipas\"}]},{\"@type\":\"WebSite\",\"@id\":\"https:\/\/cabellonews.com\/#website\",\"url\":\"https:\/\/cabellonews.com\/\",\"name\":\"cabellonews.com\",\"description\":\"Con Cobertura En Tamaulipas Y norte de Veracruz\",\"potentialAction\":[{\"@type\":\"SearchAction\",\"target\":{\"@type\":\"EntryPoint\",\"urlTemplate\":\"https:\/\/cabellonews.com\/?s={search_term_string}\"},\"query-input\":\"required name=search_term_string\"}],\"inLanguage\":\"en-US\"},{\"@type\":\"Person\",\"@id\":\"https:\/\/cabellonews.com\/#\/schema\/person\/7afe73bafa6cc5a24fd4c67dfd4379d8\",\"name\":\"cabellonews.com\",\"image\":{\"@type\":\"ImageObject\",\"inLanguage\":\"en-US\",\"@id\":\"https:\/\/cabellonews.com\/#\/schema\/person\/image\/\",\"url\":\"https:\/\/secure.gravatar.com\/avatar\/8d6324fc2806389aad4cd38639618406?s=96&d=mm&r=g\",\"contentUrl\":\"https:\/\/secure.gravatar.com\/avatar\/8d6324fc2806389aad4cd38639618406?s=96&d=mm&r=g\",\"caption\":\"cabellonews.com\"},\"sameAs\":[\"http:\/\/cabellonews.com\"],\"url\":\"https:\/\/cabellonews.com\/?author=1\"}]}<\/script>\n<!-- \/ Yoast SEO plugin. -->","yoast_head_json":{"title":"Respalda gobernador al sector ganadero de Tamaulipas - cabellonews.com","robots":{"index":"index","follow":"follow","max-snippet":"max-snippet:-1","max-image-preview":"max-image-preview:large","max-video-preview":"max-video-preview:-1"},"canonical":"https:\/\/cabellonews.com\/?p=1058","og_locale":"en_US","og_type":"article","og_title":"Respalda gobernador al sector ganadero de Tamaulipas - cabellonews.com","og_description":"-Van productores pecuarios por la recuperaci\u00f3n del estatus zoosanitario del sector en el estado Septiembre 05 de 2024 Ciudad Victoria, Tamaulipas. \u2013 El gobernador de Tamaulipas, Am\u00e9rico Villarreal Anaya, en compa\u00f1\u00eda de Antonio Varela Flores, secretario de Desarrollo Rural, Pesca y Acuacultura, sostuvo una reuni\u00f3n de trabajo con autoridades del Servicio de Inspecci\u00f3n y Salud Animal y Vegetal del Departamento de Agricultura de los Estados Unidos (APHIS-USDA) y con el Servicio Nacional de Sanidad, Inocuidad y Calidad Agroalimentaria (SENASICA) de M\u00e9xico. Esto, como parte de la revisi\u00f3n de los procesos&hellip;","og_url":"https:\/\/cabellonews.com\/?p=1058","og_site_name":"cabellonews.com","article_published_time":"2024-09-05T03:13:36+00:00","article_modified_time":"2024-09-19T03:14:11+00:00","og_image":[{"width":1600,"height":1067,"url":"http:\/\/cabellonews.com\/wp-content\/uploads\/2024\/09\/e62bd712-8154-4d95-875c-206bc5fcac85.jpeg","type":"image\/jpeg"}],"author":"cabellonews.com","twitter_card":"summary_large_image","twitter_misc":{"Written by":"cabellonews.com","Est. reading time":"2 minutes"},"schema":{"@context":"https:\/\/schema.org","@graph":[{"@type":"WebPage","@id":"https:\/\/cabellonews.com\/?p=1058","url":"https:\/\/cabellonews.com\/?p=1058","name":"Respalda gobernador al sector ganadero de Tamaulipas - cabellonews.com","isPartOf":{"@id":"https:\/\/cabellonews.com\/#website"},"datePublished":"2024-09-05T03:13:36+00:00","dateModified":"2024-09-19T03:14:11+00:00","author":{"@id":"https:\/\/cabellonews.com\/#\/schema\/person\/7afe73bafa6cc5a24fd4c67dfd4379d8"},"breadcrumb":{"@id":"https:\/\/cabellonews.com\/?p=1058#breadcrumb"},"inLanguage":"en-US","potentialAction":[{"@type":"ReadAction","target":["https:\/\/cabellonews.com\/?p=1058"]}]},{"@type":"BreadcrumbList","@id":"https:\/\/cabellonews.com\/?p=1058#breadcrumb","itemListElement":[{"@type":"ListItem","position":1,"name":"Inicio","item":"https:\/\/cabellonews.com\/"},{"@type":"ListItem","position":2,"name":"Respalda gobernador al sector ganadero de Tamaulipas"}]},{"@type":"WebSite","@id":"https:\/\/cabellonews.com\/#website","url":"https:\/\/cabellonews.com\/","name":"cabellonews.com","description":"Con Cobertura En Tamaulipas Y norte de Veracruz","potentialAction":[{"@type":"SearchAction","target":{"@type":"EntryPoint","urlTemplate":"https:\/\/cabellonews.com\/?s={search_term_string}"},"query-input":"required name=search_term_string"}],"inLanguage":"en-US"},{"@type":"Person","@id":"https:\/\/cabellonews.com\/#\/schema\/person\/7afe73bafa6cc5a24fd4c67dfd4379d8","name":"cabellonews.com","image":{"@type":"ImageObject","inLanguage":"en-US","@id":"https:\/\/cabellonews.com\/#\/schema\/person\/image\/","url":"https:\/\/secure.gravatar.com\/avatar\/8d6324fc2806389aad4cd38639618406?s=96&d=mm&r=g","contentUrl":"https:\/\/secure.gravatar.com\/avatar\/8d6324fc2806389aad4cd38639618406?s=96&d=mm&r=g","caption":"cabellonews.com"},"sameAs":["http:\/\/cabellonews.com"],"url":"https:\/\/cabellonews.com\/?author=1"}]}},"_links":{"self":[{"href":"https:\/\/cabellonews.com\/index.php?rest_route=\/wp\/v2\/posts\/1058"}],"collection":[{"href":"https:\/\/cabellonews.com\/index.php?rest_route=\/wp\/v2\/posts"}],"about":[{"href":"https:\/\/cabellonews.com\/index.php?rest_route=\/wp\/v2\/types\/post"}],"author":[{"embeddable":true,"href":"https:\/\/cabellonews.com\/index.php?rest_route=\/wp\/v2\/users\/1"}],"replies":[{"embeddable":true,"href":"https:\/\/cabellonews.com\/index.php?rest_route=%2Fwp%2Fv2%2Fcomments&post=1058"}],"version-history":[{"count":1,"href":"https:\/\/cabellonews.com\/index.php?rest_route=\/wp\/v2\/posts\/1058\/revisions"}],"predecessor-version":[{"id":1060,"href":"https:\/\/cabellonews.com\/index.php?rest_route=\/wp\/v2\/posts\/1058\/revisions\/1060"}],"wp:featuredmedia":[{"embeddable":true,"href":"https:\/\/cabellonews.com\/index.php?rest_route=\/wp\/v2\/media\/1059"}],"wp:attachment":[{"href":"https:\/\/cabellonews.com\/index.php?rest_route=%2Fwp%2Fv2%2Fmedia&parent=1058"}],"wp:term":[{"taxonomy":"category","embeddable":true,"href":"https:\/\/cabellonews.com\/index.php?rest_route=%2Fwp%2Fv2%2Fcategories&post=1058"},{"taxonomy":"post_tag","embeddable":true,"href":"https:\/\/cabellonews.com\/index.php?rest_route=%2Fwp%2Fv2%2Ftags&post=1058"}],"curies":[{"name":"wp","href":"https:\/\/api.w.org\/{rel}","templated":true}]}}