{"id":1012,"date":"2024-08-06T06:02:44","date_gmt":"2024-08-06T06:02:44","guid":{"rendered":"https:\/\/cabellonews.com\/?p=1012"},"modified":"2024-08-17T06:03:16","modified_gmt":"2024-08-17T06:03:16","slug":"presenta-americo-a-claudia-sheinbaum-y-su-gabinete-los-proyectos-estrategicos-de-tamaulipas","status":"publish","type":"post","link":"https:\/\/cabellonews.com\/?p=1012","title":{"rendered":"Presenta Am\u00e9rico a Claudia Sheinbaum y su gabinete los proyectos estrat\u00e9gicos de Tamaulipas"},"content":{"rendered":"\n<p>Agosto 06 de 2024<\/p>\n\n\n\n<p>Ciudad de M\u00e9xico. &#8211; El gobernador Am\u00e9rico Villarreal Anaya present\u00f3 a la presidenta electa, Claudia Sheinbaum, y a quienes formar\u00e1n parte de su gabinete, los proyectos estrat\u00e9gicos que fortalecer\u00e1n y modernizar\u00e1n a Tamaulipas en los pr\u00f3ximos a\u00f1os.<\/p>\n\n\n\n<p>En esta reuni\u00f3n, donde tambi\u00e9n participaron los mandatarios de la regi\u00f3n noreste del pa\u00eds, el ejecutivo estatal ponder\u00f3 cada uno de los proyectos y la trascendencia de estos, que pondr\u00e1n a Tamaulipas en la escena nacional e internacional y que se reflejar\u00e1n en empleos y bienestar para las y los tamaulipecos.<\/p>\n\n\n\n<p>En conferencia de prensa, la presidenta electa dijo que, de acuerdo al presupuesto federal de 2025, estar\u00e1 contemplada una obra prioritaria por estado.<\/p>\n\n\n\n<p>Claudia Sheinbaum, despu\u00e9s de la reuni\u00f3n con los gobernadores del noreste, detall\u00f3 los pormenores del encuentro.<\/p>\n\n\n\n<p>Aparte del gobernador de Tamaulipas, Am\u00e9rico Villarreal Anaya, asistieron los mandatarios de Nuevo Le\u00f3n, Samuel Garc\u00eda; de Coahuila, Manolo Jim\u00e9nez; de Durango, Esteban Villegas; de San Luis Potos\u00ed, Ricardo Gallardo; de Aguascalientes Tere Jim\u00e9nez; de Zacatecas, David Monreal y Roc\u00edo Nahle, gobernadora electa de Veracruz.<\/p>\n\n\n<figure class=\"wp-block-post-featured-image\"><img width=\"240\" height=\"172\" src=\"https:\/\/cabellonews.com\/wp-content\/uploads\/2024\/08\/9a2085ac-a885-46f6-85b6-37e5dc25a61b-240x172.jpeg\" class=\"attachment-post-thumbnail size-post-thumbnail wp-post-image\" alt=\"\" decoding=\"async\" loading=\"lazy\" \/><\/figure>\n\n\n<pre class=\"wp-block-code\"><code>      *       *    *<\/code><\/pre>\n","protected":false},"excerpt":{"rendered":"<p>Agosto 06 de 2024 Ciudad de M\u00e9xico. &#8211; El gobernador Am\u00e9rico Villarreal Anaya present\u00f3 a la presidenta electa, Claudia Sheinbaum, y a quienes formar\u00e1n parte de su gabinete, los proyectos estrat\u00e9gicos que fortalecer\u00e1n y modernizar\u00e1n a Tamaulipas en los pr\u00f3ximos a\u00f1os. En esta reuni\u00f3n, donde tambi\u00e9n participaron los mandatarios de la regi\u00f3n noreste del pa\u00eds, el ejecutivo estatal ponder\u00f3 cada uno de los proyectos y la trascendencia de estos, que pondr\u00e1n a Tamaulipas en la escena nacional e internacional y que se reflejar\u00e1n en empleos y bienestar para las y&hellip;<\/p>\n","protected":false},"author":1,"featured_media":1013,"comment_status":"open","ping_status":"open","sticky":false,"template":"","format":"standard","meta":[],"categories":[1],"tags":[],"gutentor_comment":0,"yoast_head":"<!-- This site is optimized with the Yoast SEO plugin v20.10 - https:\/\/yoast.com\/wordpress\/plugins\/seo\/ -->\n<title>Presenta Am\u00e9rico a Claudia Sheinbaum y su gabinete los proyectos estrat\u00e9gicos de Tamaulipas - cabellonews.com<\/title>\n<meta name=\"robots\" content=\"index, follow, max-snippet:-1, max-image-preview:large, max-video-preview:-1\" \/>\n<link rel=\"canonical\" href=\"https:\/\/cabellonews.com\/?p=1012\" \/>\n<meta property=\"og:locale\" content=\"en_US\" \/>\n<meta property=\"og:type\" content=\"article\" \/>\n<meta property=\"og:title\" content=\"Presenta Am\u00e9rico a Claudia Sheinbaum y su gabinete los proyectos estrat\u00e9gicos de Tamaulipas - cabellonews.com\" \/>\n<meta property=\"og:description\" content=\"Agosto 06 de 2024 Ciudad de M\u00e9xico. &#8211; El gobernador Am\u00e9rico Villarreal Anaya present\u00f3 a la presidenta electa, Claudia Sheinbaum, y a quienes formar\u00e1n parte de su gabinete, los proyectos estrat\u00e9gicos que fortalecer\u00e1n y modernizar\u00e1n a Tamaulipas en los pr\u00f3ximos a\u00f1os. En esta reuni\u00f3n, donde tambi\u00e9n participaron los mandatarios de la regi\u00f3n noreste del pa\u00eds, el ejecutivo estatal ponder\u00f3 cada uno de los proyectos y la trascendencia de estos, que pondr\u00e1n a Tamaulipas en la escena nacional e internacional y que se reflejar\u00e1n en empleos y bienestar para las y&hellip;\" \/>\n<meta property=\"og:url\" content=\"https:\/\/cabellonews.com\/?p=1012\" \/>\n<meta property=\"og:site_name\" content=\"cabellonews.com\" \/>\n<meta property=\"article:published_time\" content=\"2024-08-06T06:02:44+00:00\" \/>\n<meta property=\"article:modified_time\" content=\"2024-08-17T06:03:16+00:00\" \/>\n<meta property=\"og:image\" content=\"http:\/\/cabellonews.com\/wp-content\/uploads\/2024\/08\/9a2085ac-a885-46f6-85b6-37e5dc25a61b.jpeg\" \/>\n\t<meta property=\"og:image:width\" content=\"1600\" \/>\n\t<meta property=\"og:image:height\" content=\"1067\" \/>\n\t<meta property=\"og:image:type\" content=\"image\/jpeg\" \/>\n<meta name=\"author\" content=\"cabellonews.com\" \/>\n<meta name=\"twitter:card\" content=\"summary_large_image\" \/>\n<meta name=\"twitter:label1\" content=\"Written by\" \/>\n\t<meta name=\"twitter:data1\" content=\"cabellonews.com\" \/>\n\t<meta name=\"twitter:label2\" content=\"Est. reading time\" \/>\n\t<meta name=\"twitter:data2\" content=\"1 minute\" \/>\n<script type=\"application\/ld+json\" class=\"yoast-schema-graph\">{\"@context\":\"https:\/\/schema.org\",\"@graph\":[{\"@type\":\"WebPage\",\"@id\":\"https:\/\/cabellonews.com\/?p=1012\",\"url\":\"https:\/\/cabellonews.com\/?p=1012\",\"name\":\"Presenta Am\u00e9rico a Claudia Sheinbaum y su gabinete los proyectos estrat\u00e9gicos de Tamaulipas - cabellonews.com\",\"isPartOf\":{\"@id\":\"https:\/\/cabellonews.com\/#website\"},\"datePublished\":\"2024-08-06T06:02:44+00:00\",\"dateModified\":\"2024-08-17T06:03:16+00:00\",\"author\":{\"@id\":\"https:\/\/cabellonews.com\/#\/schema\/person\/7afe73bafa6cc5a24fd4c67dfd4379d8\"},\"breadcrumb\":{\"@id\":\"https:\/\/cabellonews.com\/?p=1012#breadcrumb\"},\"inLanguage\":\"en-US\",\"potentialAction\":[{\"@type\":\"ReadAction\",\"target\":[\"https:\/\/cabellonews.com\/?p=1012\"]}]},{\"@type\":\"BreadcrumbList\",\"@id\":\"https:\/\/cabellonews.com\/?p=1012#breadcrumb\",\"itemListElement\":[{\"@type\":\"ListItem\",\"position\":1,\"name\":\"Inicio\",\"item\":\"https:\/\/cabellonews.com\/\"},{\"@type\":\"ListItem\",\"position\":2,\"name\":\"Presenta Am\u00e9rico a Claudia Sheinbaum y su gabinete los proyectos estrat\u00e9gicos de Tamaulipas\"}]},{\"@type\":\"WebSite\",\"@id\":\"https:\/\/cabellonews.com\/#website\",\"url\":\"https:\/\/cabellonews.com\/\",\"name\":\"cabellonews.com\",\"description\":\"Con Cobertura En Tamaulipas Y norte de Veracruz\",\"potentialAction\":[{\"@type\":\"SearchAction\",\"target\":{\"@type\":\"EntryPoint\",\"urlTemplate\":\"https:\/\/cabellonews.com\/?s={search_term_string}\"},\"query-input\":\"required name=search_term_string\"}],\"inLanguage\":\"en-US\"},{\"@type\":\"Person\",\"@id\":\"https:\/\/cabellonews.com\/#\/schema\/person\/7afe73bafa6cc5a24fd4c67dfd4379d8\",\"name\":\"cabellonews.com\",\"image\":{\"@type\":\"ImageObject\",\"inLanguage\":\"en-US\",\"@id\":\"https:\/\/cabellonews.com\/#\/schema\/person\/image\/\",\"url\":\"https:\/\/secure.gravatar.com\/avatar\/8d6324fc2806389aad4cd38639618406?s=96&d=mm&r=g\",\"contentUrl\":\"https:\/\/secure.gravatar.com\/avatar\/8d6324fc2806389aad4cd38639618406?s=96&d=mm&r=g\",\"caption\":\"cabellonews.com\"},\"sameAs\":[\"http:\/\/cabellonews.com\"],\"url\":\"https:\/\/cabellonews.com\/?author=1\"}]}<\/script>\n<!-- \/ Yoast SEO plugin. -->","yoast_head_json":{"title":"Presenta Am\u00e9rico a Claudia Sheinbaum y su gabinete los proyectos estrat\u00e9gicos de Tamaulipas - cabellonews.com","robots":{"index":"index","follow":"follow","max-snippet":"max-snippet:-1","max-image-preview":"max-image-preview:large","max-video-preview":"max-video-preview:-1"},"canonical":"https:\/\/cabellonews.com\/?p=1012","og_locale":"en_US","og_type":"article","og_title":"Presenta Am\u00e9rico a Claudia Sheinbaum y su gabinete los proyectos estrat\u00e9gicos de Tamaulipas - cabellonews.com","og_description":"Agosto 06 de 2024 Ciudad de M\u00e9xico. &#8211; El gobernador Am\u00e9rico Villarreal Anaya present\u00f3 a la presidenta electa, Claudia Sheinbaum, y a quienes formar\u00e1n parte de su gabinete, los proyectos estrat\u00e9gicos que fortalecer\u00e1n y modernizar\u00e1n a Tamaulipas en los pr\u00f3ximos a\u00f1os. En esta reuni\u00f3n, donde tambi\u00e9n participaron los mandatarios de la regi\u00f3n noreste del pa\u00eds, el ejecutivo estatal ponder\u00f3 cada uno de los proyectos y la trascendencia de estos, que pondr\u00e1n a Tamaulipas en la escena nacional e internacional y que se reflejar\u00e1n en empleos y bienestar para las y&hellip;","og_url":"https:\/\/cabellonews.com\/?p=1012","og_site_name":"cabellonews.com","article_published_time":"2024-08-06T06:02:44+00:00","article_modified_time":"2024-08-17T06:03:16+00:00","og_image":[{"width":1600,"height":1067,"url":"http:\/\/cabellonews.com\/wp-content\/uploads\/2024\/08\/9a2085ac-a885-46f6-85b6-37e5dc25a61b.jpeg","type":"image\/jpeg"}],"author":"cabellonews.com","twitter_card":"summary_large_image","twitter_misc":{"Written by":"cabellonews.com","Est. reading time":"1 minute"},"schema":{"@context":"https:\/\/schema.org","@graph":[{"@type":"WebPage","@id":"https:\/\/cabellonews.com\/?p=1012","url":"https:\/\/cabellonews.com\/?p=1012","name":"Presenta Am\u00e9rico a Claudia Sheinbaum y su gabinete los proyectos estrat\u00e9gicos de Tamaulipas - cabellonews.com","isPartOf":{"@id":"https:\/\/cabellonews.com\/#website"},"datePublished":"2024-08-06T06:02:44+00:00","dateModified":"2024-08-17T06:03:16+00:00","author":{"@id":"https:\/\/cabellonews.com\/#\/schema\/person\/7afe73bafa6cc5a24fd4c67dfd4379d8"},"breadcrumb":{"@id":"https:\/\/cabellonews.com\/?p=1012#breadcrumb"},"inLanguage":"en-US","potentialAction":[{"@type":"ReadAction","target":["https:\/\/cabellonews.com\/?p=1012"]}]},{"@type":"BreadcrumbList","@id":"https:\/\/cabellonews.com\/?p=1012#breadcrumb","itemListElement":[{"@type":"ListItem","position":1,"name":"Inicio","item":"https:\/\/cabellonews.com\/"},{"@type":"ListItem","position":2,"name":"Presenta Am\u00e9rico a Claudia Sheinbaum y su gabinete los proyectos estrat\u00e9gicos de Tamaulipas"}]},{"@type":"WebSite","@id":"https:\/\/cabellonews.com\/#website","url":"https:\/\/cabellonews.com\/","name":"cabellonews.com","description":"Con Cobertura En Tamaulipas Y norte de Veracruz","potentialAction":[{"@type":"SearchAction","target":{"@type":"EntryPoint","urlTemplate":"https:\/\/cabellonews.com\/?s={search_term_string}"},"query-input":"required name=search_term_string"}],"inLanguage":"en-US"},{"@type":"Person","@id":"https:\/\/cabellonews.com\/#\/schema\/person\/7afe73bafa6cc5a24fd4c67dfd4379d8","name":"cabellonews.com","image":{"@type":"ImageObject","inLanguage":"en-US","@id":"https:\/\/cabellonews.com\/#\/schema\/person\/image\/","url":"https:\/\/secure.gravatar.com\/avatar\/8d6324fc2806389aad4cd38639618406?s=96&d=mm&r=g","contentUrl":"https:\/\/secure.gravatar.com\/avatar\/8d6324fc2806389aad4cd38639618406?s=96&d=mm&r=g","caption":"cabellonews.com"},"sameAs":["http:\/\/cabellonews.com"],"url":"https:\/\/cabellonews.com\/?author=1"}]}},"_links":{"self":[{"href":"https:\/\/cabellonews.com\/index.php?rest_route=\/wp\/v2\/posts\/1012"}],"collection":[{"href":"https:\/\/cabellonews.com\/index.php?rest_route=\/wp\/v2\/posts"}],"about":[{"href":"https:\/\/cabellonews.com\/index.php?rest_route=\/wp\/v2\/types\/post"}],"author":[{"embeddable":true,"href":"https:\/\/cabellonews.com\/index.php?rest_route=\/wp\/v2\/users\/1"}],"replies":[{"embeddable":true,"href":"https:\/\/cabellonews.com\/index.php?rest_route=%2Fwp%2Fv2%2Fcomments&post=1012"}],"version-history":[{"count":1,"href":"https:\/\/cabellonews.com\/index.php?rest_route=\/wp\/v2\/posts\/1012\/revisions"}],"predecessor-version":[{"id":1014,"href":"https:\/\/cabellonews.com\/index.php?rest_route=\/wp\/v2\/posts\/1012\/revisions\/1014"}],"wp:featuredmedia":[{"embeddable":true,"href":"https:\/\/cabellonews.com\/index.php?rest_route=\/wp\/v2\/media\/1013"}],"wp:attachment":[{"href":"https:\/\/cabellonews.com\/index.php?rest_route=%2Fwp%2Fv2%2Fmedia&parent=1012"}],"wp:term":[{"taxonomy":"category","embeddable":true,"href":"https:\/\/cabellonews.com\/index.php?rest_route=%2Fwp%2Fv2%2Fcategories&post=1012"},{"taxonomy":"post_tag","embeddable":true,"href":"https:\/\/cabellonews.com\/index.php?rest_route=%2Fwp%2Fv2%2Ftags&post=1012"}],"curies":[{"name":"wp","href":"https:\/\/api.w.org\/{rel}","templated":true}]}}